{"id":175588,"date":"2026-02-03T17:42:15","date_gmt":"2026-02-03T17:42:15","guid":{"rendered":"https:\/\/kamucalisani.net\/?p=175588"},"modified":"2026-02-03T17:42:15","modified_gmt":"2026-02-03T17:42:15","slug":"ios-26-guncellemesi-nasil-gecti-ios-27-neler-getirecek","status":"publish","type":"post","link":"https:\/\/kamucalisani.net\/index.php\/2026\/02\/03\/ios-26-guncellemesi-nasil-gecti-ios-27-neler-getirecek\/","title":{"rendered":"iOS 26 g\u00fcncellemesi nas\u0131l ge\u00e7ti, iOS 27 neler getirecek?"},"content":{"rendered":"<p><p><strong>Apple<\/strong>, iOS 26&#8217;y\u0131 15 Eyl\u00fcl 2025&#8217;te yay\u0131nlad\u0131. G\u00fcncelleme, Apple&#8217;\u0131n 9 Haziran 2025&#8217;teki D\u00fcnya Geli\u015ftiriciler Konferans\u0131&#8217;nda duyurulmas\u0131n\u0131n ard\u0131ndan geldi ve y\u0131llard\u0131r iPhone yaz\u0131l\u0131m\u0131nda yap\u0131lan en b\u00fcy\u00fck de\u011fi\u015fikliklerden birini i\u015faret etti.<\/p>\n<p><b>iOS 26 g\u00fcncellemesiyle gelen dikkat \u00e7ekici \u00f6zellikler<\/b><\/p>\n<figure> <span> <img decoding=\"async\" src=\"https:\/\/kamucalisani.net\/wp-content\/uploads\/2026\/02\/ios-26-guncellemesi-nasil-gecti-ios-27-neler-getirecek-0-IFMwjER2.jpg\"\/> <\/span> Kullan\u0131c\u0131lar a\u00e7\u0131s\u0131ndan <strong>iOS 26<\/strong>, \u00f6nceki s\u00fcr\u00fcmlerden farkl\u0131 g\u00f6r\u00fcn\u00fc\u015fte ve farkl\u0131 bir his verdi. Apple, Liquid Glass ad\u0131 verilen yeni bir tasar\u0131m dili tan\u0131tt\u0131. Bu, simgelere, men\u00fclere ve kontrollere yar\u0131 saydam, \u0131\u015f\u0131\u011f\u0131 k\u0131ran bir etki kazand\u0131rarak aray\u00fcz\u00fc yenilemeyi ama\u00e7l\u0131yordu. G\u00fcncelleme ayr\u0131ca geli\u015ftirilmi\u015f Apple Intelligence ara\u00e7lar\u0131n\u0131 getirdi. Bu \u00f6zellikler, uygulamalarda, g\u00f6rsel aramada ve metin tan\u0131mada sistem genelinde \u00e7al\u0131\u015farak genel kullan\u0131c\u0131 deneyimini daha etkile\u015fimli ve ba\u011flam odakl\u0131 hale getirdi. <\/figure>\n<p>iOS 26.1, AirPods ile canl\u0131 \u00e7eviri i\u00e7in dil deste\u011fi ekledi ve yeni Liquid Glass g\u00f6r\u00fcn\u00fcm\u00fc i\u00e7in renkli ve \u015feffaf se\u00e7enekler sundu. iOS 26.2, yeni kilit ekran\u0131 kontrolleri, Apple Music&#8217;te \u00e7evrimd\u0131\u015f\u0131 \u015fark\u0131 s\u00f6z\u00fc deste\u011fi ve otomatik podcast b\u00f6l\u00fcmleri ile \u00f6zelle\u015ftirmeyi geni\u015fletti. iOS 26.3, Android cihazlara veri aktar\u0131m\u0131n\u0131 iyile\u015ftiren, geli\u015fmi\u015f bildirim y\u00f6nlendirme gibi AB&#8217;ye \u00f6zg\u00fc \u00f6zellikleri getiren ve u\u00e7tan uca \u015fifrelenmi\u015f mesajla\u015fma deste\u011fini haz\u0131rlayan k\u00fc\u00e7\u00fck bir g\u00fcncelleme. Mart veya Nisan 2026&#8217;da beklenen iOS 26.4, daha iyi ba\u011flam fark\u0131ndal\u0131\u011f\u0131 ve uygulama i\u00e7i eylem deste\u011fiyle yeni nesil Siri dahil olmak \u00fczere daha \u00f6nemli eklemeler vadediyor.<\/p>\n<p><b>Yenilenmi\u015f Siri ve yapay zeka \u00f6zellikleri geliyor<\/b><\/p>\n<figure> <span> <img decoding=\"async\" src=\"https:\/\/kamucalisani.net\/wp-content\/uploads\/2026\/02\/ios-26-guncellemesi-nasil-gecti-ios-27-neler-getirecek-1-JTpLhzrN.jpg\"\/> <\/span> Apple, Siri&#8217;nin baz\u0131 g\u00fcncellemelerini 2026&#8217;ya erteleyerek, asistan\u0131 daha kullan\u0131\u015fl\u0131 ve kullan\u0131c\u0131 ba\u011flam\u0131na daha duyarl\u0131 hale getirmeyi hedefledi. \u015eirketin 2025 planlar\u0131, Siri&#8217;nin daha derin uygulama entegrasyonu, ki\u015fisel ba\u011flam tan\u0131ma ve uygulamalar aras\u0131 i\u015flem yapabilme yetene\u011fi kazanmas\u0131 i\u00e7in ertelenmi\u015fti. <\/figure>\n<p>Apple, Siri i\u00e7in baz\u0131 yapay zeka iyile\u015ftirmelerinin planlanandan daha ge\u00e7 gelece\u011fini, \u015firketin asistan\u0131 daha yetenekli ve g\u00fcvenilir hale getirmek i\u00e7in \u00e7al\u0131\u015ft\u0131\u011f\u0131n\u0131 s\u00f6yledi.<\/p>\n<p>Apple ve Google, ortak yapt\u0131klar\u0131 bir a\u00e7\u0131klamada, Siri&#8217;yi yak\u0131nda tekrar y\u00fckseltmeyi planlad\u0131klar\u0131n\u0131 ve daha do\u011fal anlama ve yan\u0131t i\u00e7in Google&#8217;\u0131n Gemini \u00fcretken yapay zeka modelinin kullan\u0131laca\u011f\u0131n\u0131 duyurdu. Geli\u015ftirilmi\u015f Siri, iOS 26.4 g\u00fcncellemesinin bir par\u00e7as\u0131 olarak ya da daha sonraki s\u00fcr\u00fcmlerle sunulacak.<\/p>\n<p><b>iOS 27 neler getirecek?<\/b><\/p>\n<figure> <span> <img decoding=\"async\" src=\"https:\/\/kamucalisani.net\/wp-content\/uploads\/2026\/02\/ios-26-guncellemesi-nasil-gecti-ios-27-neler-getirecek-2-CPjfJ2bK.jpg\"\/> <\/span> Apple, b\u00fcy\u00fck olas\u0131l\u0131kla Haziran 2026&#8217;daki WWDC\u2019de iOS 27 g\u00fcncellemesini tan\u0131tacak, Eyl\u00fcl ay\u0131nda da yeni iPhone&#8217;larla birlikte yay\u0131nlayacak. Bir\u00e7ok rapor, iOS 27&#8217;yi Apple&#8217;\u0131n Snow Leopard d\u00f6nemi g\u00fcncellemeleri gibi olaca\u011f\u0131n\u0131 s\u00f6yl\u00fcyor. Yani, tasar\u0131m de\u011fi\u015fikliklerinden ziyade g\u00fcvenlik ve performansa odaklanan bir s\u00fcr\u00fcm olacak. <\/figure>\n<ul>\n<li>Geli\u015ftirilmi\u015f performans ve kararl\u0131l\u0131k<\/li>\n<li>Daha ak\u0131ll\u0131 yapay zeka ve Apple Intelligence<\/li>\n<li>Siri&#8217;ye daha fazla iyile\u015ftirme<\/li>\n<li>Katlanabilir iPhone gibi yeni cihazlara \u00f6zg\u00fc geli\u015fmi\u015f \u00f6zellikler<\/li>\n<li>Geli\u015ftirilmi\u015f sa\u011fl\u0131kla ilgili yapay zeka ara\u00e7lar\u0131<\/li>\n<\/ul>\n<p><b>iOS 27 ne zaman \u00e7\u0131kacak?<\/b><\/p>\n<ul>\n<li>iOS 26 genel s\u00fcr\u00fcm\u00fc: 15 Eyl\u00fcl 2025<\/li>\n<li>iOS 26.x (ara g\u00fcncellemeler): 2025 sonu &#8211; 2026 ba\u015f\u0131 aras\u0131<\/li>\n<li>iOS 26.4 (b\u00fcy\u00fck \u00f6zellik g\u00fcncellemesi): 2026 bahar\u0131<\/li>\n<li>iOS 27 beta: Haziran 2026 civar\u0131<\/li>\n<li>iOS 27 genel s\u00fcr\u00fcm\u00fc: 2026 sonbahar\u0131 (iPhone 18 Pro lansman\u0131 s\u0131ras\u0131nda)<\/li>\n<\/ul>\n<p>Kaynak\u00a0 :\u00a0<span style=\"background-color: rgb(255, 249, 236); color: rgb(55, 58, 60); font-size: 14px;\">https:\/\/www.donanimhaber.com\/ios-26-guncellemesi-nasil-gecti-ios-27-neler-getirecek&#8211;201634<\/span><\/p>\n","protected":false},"excerpt":{"rendered":"<p>Apple, iOS 26&#8217;y\u0131 15 Eyl\u00fcl 2025&#8217;te yay\u0131nlad\u0131. G\u00fcncelleme, Apple&#8217;\u0131n 9 Haziran 2025&#8217;teki D\u00fcnya Geli\u015ftiriciler Konferans\u0131&#8217;nda duyurulmas\u0131n\u0131n ard\u0131ndan geldi ve y\u0131llard\u0131r iPhone yaz\u0131l\u0131m\u0131nda yap\u0131lan en b\u00fcy\u00fck de\u011fi\u015fikliklerden birini i\u015faret etti. iOS 26 &#8230;<\/p>\n","protected":false},"author":1,"featured_media":175589,"comment_status":"open","ping_status":"open","sticky":false,"template":"","format":"standard","meta":{"footnotes":""},"categories":[8],"tags":[1524,82,86,9938,1700],"class_list":["post-175588","post","type-post","status-publish","format-standard","has-post-thumbnail","hentry","category-teknoloji","tag-1524","tag-apple","tag-guncelleme","tag-ios-26","tag-siri"],"_links":{"self":[{"href":"https:\/\/kamucalisani.net\/index.php\/wp-json\/wp\/v2\/posts\/175588","targetHints":{"allow":["GET"]}}],"collection":[{"href":"https:\/\/kamucalisani.net\/index.php\/wp-json\/wp\/v2\/posts"}],"about":[{"href":"https:\/\/kamucalisani.net\/index.php\/wp-json\/wp\/v2\/types\/post"}],"author":[{"embeddable":true,"href":"https:\/\/kamucalisani.net\/index.php\/wp-json\/wp\/v2\/users\/1"}],"replies":[{"embeddable":true,"href":"https:\/\/kamucalisani.net\/index.php\/wp-json\/wp\/v2\/comments?post=175588"}],"version-history":[{"count":1,"href":"https:\/\/kamucalisani.net\/index.php\/wp-json\/wp\/v2\/posts\/175588\/revisions"}],"predecessor-version":[{"id":175593,"href":"https:\/\/kamucalisani.net\/index.php\/wp-json\/wp\/v2\/posts\/175588\/revisions\/175593"}],"wp:featuredmedia":[{"embeddable":true,"href":"https:\/\/kamucalisani.net\/index.php\/wp-json\/wp\/v2\/media\/175589"}],"wp:attachment":[{"href":"https:\/\/kamucalisani.net\/index.php\/wp-json\/wp\/v2\/media?parent=175588"}],"wp:term":[{"taxonomy":"category","embeddable":true,"href":"https:\/\/kamucalisani.net\/index.php\/wp-json\/wp\/v2\/categories?post=175588"},{"taxonomy":"post_tag","embeddable":true,"href":"https:\/\/kamucalisani.net\/index.php\/wp-json\/wp\/v2\/tags?post=175588"}],"curies":[{"name":"wp","href":"https:\/\/api.w.org\/{rel}","templated":true}]}}