{"id":175993,"date":"2026-02-04T11:06:10","date_gmt":"2026-02-04T11:06:10","guid":{"rendered":"https:\/\/kamucalisani.net\/?p=175993"},"modified":"2026-02-04T11:06:10","modified_gmt":"2026-02-04T11:06:10","slug":"galatasarayin-yeni-transferi-can-armando-guner-icin-a-milli-takim-sesleri","status":"publish","type":"post","link":"https:\/\/kamucalisani.net\/index.php\/2026\/02\/04\/galatasarayin-yeni-transferi-can-armando-guner-icin-a-milli-takim-sesleri\/","title":{"rendered":"Galatasaray&#8217;\u0131n yeni transferi Can Armando G\u00fcner i\u00e7in A Milli Tak\u0131m sesleri!"},"content":{"rendered":"<p><p>Galatasaray\u2019\u0131n daha \u00f6nce anla\u015fma sa\u011flad\u0131\u011f\u0131 ama kul\u00fcb\u00fc M\u00f6nchengladbach\u2019\u0131n yakla\u015f\u0131k 1 milyon euro bonservis istemesinden dolay\u0131 transferi yeni sezona b\u0131rak\u0131lan Can Armanda G\u00fcner\u2019le ilgili p\u00fcr\u00fczler ortadan kalkt\u0131. Sar\u0131-k\u0131rm\u0131z\u0131l\u0131 tak\u0131mla 4.5 y\u0131ll\u0131k anla\u015fma sa\u011flayan Can, T\u00fcrkiye Cumhuriyeti vatanda\u015f\u0131 oldu\u011fu i\u00e7in Cim Bom&#8217;da T\u00fcrk stat\u00fcs\u00fcnde oynayabilecek.<\/p>\n<p><strong>\u00d6nce Almanya, sonra Arjantin&#8217;i se\u00e7ti<\/strong><\/p>\n<p>Bu transferin ard\u0131ndan yetenekli futbolcunun bir transfer daha yapabilece\u011fi ve milli tak\u0131m\u0131n\u0131 de\u011fi\u015ftirebilece\u011fi \u00f6ne s\u00fcr\u00fcld\u00fc. Almanya&#8217;n\u0131n Krefeld \u015fehrinde do\u011fan Can Armando G\u00fcner&#8217;in annesi Arjantin, babas\u0131 ise T\u00fcrk k\u00f6kenli. Bu y\u00fczden gen\u00e7 futbolcu FIFA kurallar\u0131 gere\u011fi Almanya, Arjantin ve T\u00fcrkiye milli tak\u0131mlar\u0131 i\u00e7in oynama hakk\u0131na sahip. G\u00fcner daha \u00f6nce Almanya U16 ve U17 formalar\u0131n\u0131 giymi\u015f, sonras\u0131nda tercihini de\u011fi\u015ftirerek Arjantin U17 Milli Tak\u0131m\u0131 kadrosunda yer alm\u0131\u015ft\u0131.<\/p>\n<p><strong>&#8216;T\u00fcrkiye formas\u0131 giyme olas\u0131l\u0131\u011f\u0131 y\u00fcksek&#8217;<\/strong><\/p>\n<p>Hen\u00fcz hi\u00e7 bir \u00fclkenin A milli tak\u0131m\u0131nda forma giymeyen oyuncunun durumuyla ilgili bir de\u011ferlendirme yapan Alman Bild gazetesi, 18 ya\u015f\u0131ndaki futbolcunun T\u00fcrkiye A Milli Tak\u0131m\u0131 formas\u0131 giymeye yak\u0131n oldu\u011funu belirterek \u015fu sat\u0131rlara yer verdi: &#8220;Can Armando G\u00fcner A milli tak\u0131m tercihini hen\u00fcz yapmad\u0131. \u0130stanbul&#8217;a transferinden sonra, T\u00fcrkiye Futbol Federasyonu&#8217;nun da kendisiyle ilgilenece\u011fine \u015f\u00fcphe yok. G\u00fcner i\u00e7in A Milli Tak\u0131m seviyesinde T\u00fcrkiye formas\u0131 giyme olas\u0131l\u0131\u011f\u0131 y\u00fcksek g\u00f6r\u00fcn\u00fcyor.&#8221;<\/p>\n<p><strong>&#8216;Gladbach&#8217;\u0131n de\u011ferli oyuncusunu kapt\u0131lar&#8217;<\/strong><\/p>\n<p>\u00d6te yandan futbolcunun Galatasaray&#8217;a transferini de\u011ferlendiren yay\u0131n organ\u0131nda konuyla ilgili haber &#8216;Galatasaray, Gladbach&#8217;\u0131n de\u011ferli oyuncusunu kapt\u0131&#8217; ba\u015fl\u0131\u011f\u0131yla yay\u0131nland\u0131. Gen\u00e7 futbolcunun T\u00fcrkiye&#8217;ye transferinin tamamland\u0131\u011f\u0131n\u0131 yazan haberde &#8220;Transfer anla\u015fmazl\u0131\u011f\u0131 nihayetinde dostane bir \u015fekilde \u00e7\u00f6z\u00fcld\u00fc. Can Armando G\u00fcner yak\u0131nda Galatasaray&#8217;da forma giyecek. Borussia, T\u00fcrk kul\u00fcb\u00fcnden yar\u0131m milyon euroya yak\u0131n bir transfer \u00fccreti alacak ve G\u00fcner, \u0130stanbul&#8217;da 2029 yaz\u0131na kadar ge\u00e7erli bir s\u00f6zle\u015fme imzalayacak&#8221; ifadeleri kullan\u0131ld\u0131.<\/p>\n\n<p><\/p>\n<p>Kaynak :\u00a0<span style=\"background-color: rgb(255, 249, 236); color: rgb(55, 58, 60); font-size: 14px;\">http:\/\/www.milliyet.com.tr\/skorer\/galatasarayin-yeni-transferi-can-armando-guner-icin-a-milli-takim-sesleri-7532534<\/span><\/p>\n","protected":false},"excerpt":{"rendered":"<p>Kul\u00fcb\u00fcn\u00fc de\u011fi\u015ftiren ve M\u00f6nchengladbach&#8217;tan Galatasaray&#8217;a ge\u00e7en Can Armando G\u00fcner&#8217;in, bu kez milli tak\u0131m\u0131n\u0131 de\u011fi\u015ftirmeye yak\u0131n oldu\u011funu belirten Almanlar, T\u00fcrk Milli Tak\u0131m\u0131&#8217;n\u0131 i\u015faret etti.<\/p>\n","protected":false},"author":1,"featured_media":175994,"comment_status":"open","ping_status":"open","sticky":false,"template":"","format":"standard","meta":{"footnotes":""},"categories":[7],"tags":[990,260,10910,1622,146],"class_list":["post-175993","post","type-post","status-publish","format-standard","has-post-thumbnail","hentry","category-spor","tag-alman","tag-forma","tag-guner","tag-milli-takim","tag-turkiye"],"_links":{"self":[{"href":"https:\/\/kamucalisani.net\/index.php\/wp-json\/wp\/v2\/posts\/175993","targetHints":{"allow":["GET"]}}],"collection":[{"href":"https:\/\/kamucalisani.net\/index.php\/wp-json\/wp\/v2\/posts"}],"about":[{"href":"https:\/\/kamucalisani.net\/index.php\/wp-json\/wp\/v2\/types\/post"}],"author":[{"embeddable":true,"href":"https:\/\/kamucalisani.net\/index.php\/wp-json\/wp\/v2\/users\/1"}],"replies":[{"embeddable":true,"href":"https:\/\/kamucalisani.net\/index.php\/wp-json\/wp\/v2\/comments?post=175993"}],"version-history":[{"count":1,"href":"https:\/\/kamucalisani.net\/index.php\/wp-json\/wp\/v2\/posts\/175993\/revisions"}],"predecessor-version":[{"id":175995,"href":"https:\/\/kamucalisani.net\/index.php\/wp-json\/wp\/v2\/posts\/175993\/revisions\/175995"}],"wp:featuredmedia":[{"embeddable":true,"href":"https:\/\/kamucalisani.net\/index.php\/wp-json\/wp\/v2\/media\/175994"}],"wp:attachment":[{"href":"https:\/\/kamucalisani.net\/index.php\/wp-json\/wp\/v2\/media?parent=175993"}],"wp:term":[{"taxonomy":"category","embeddable":true,"href":"https:\/\/kamucalisani.net\/index.php\/wp-json\/wp\/v2\/categories?post=175993"},{"taxonomy":"post_tag","embeddable":true,"href":"https:\/\/kamucalisani.net\/index.php\/wp-json\/wp\/v2\/tags?post=175993"}],"curies":[{"name":"wp","href":"https:\/\/api.w.org\/{rel}","templated":true}]}}