{"id":176273,"date":"2026-02-04T18:06:10","date_gmt":"2026-02-04T18:06:10","guid":{"rendered":"https:\/\/kamucalisani.net\/?p=176273"},"modified":"2026-02-04T18:06:10","modified_gmt":"2026-02-04T18:06:10","slug":"canli-turkiye-kupasinda-galatasarayin-rakibi-istanbulspor","status":"publish","type":"post","link":"https:\/\/kamucalisani.net\/index.php\/2026\/02\/04\/canli-turkiye-kupasinda-galatasarayin-rakibi-istanbulspor\/","title":{"rendered":"CANLI | T\u00fcrkiye Kupas\u0131&#8217;nda Galatasaray&#8217;\u0131n rakibi \u0130stanbulspor"},"content":{"rendered":"<p><p>Ziraat T\u00fcrkiye Kupas\u0131 A Grubu&#8217;nda 3. hafta ma\u00e7\u0131nda Galatasaray, \u0130stanbulspor ile kozlar\u0131n\u0131 payla\u015f\u0131yor. Zorlu m\u00fcsabaka RAMS Park&#8217;ta oynan\u0131yor.<\/p>\n<p>Heyecan dolu kar\u015f\u0131la\u015fmada Onur \u00c7o\u015fkunses d\u00fcd\u00fck \u00e7al\u0131yor. Galatasaray-\u0130stanbulspor ma\u00e7\u0131 ma\u00e7\u0131 saat 20.30&#8217;da ba\u015flad\u0131. M\u00fccadele A Spor ekran\u0131ndan yay\u0131nlan\u0131yor.<\/p>\n<p>Kritik m\u00fccadelenin canl\u0131 anlat\u0131m\u0131n\u0131 SKORER&#8217;den takip\u00a0edebilirsiniz.<\/p>\n<section>\n<div>\n<div><span>9.Dakika<\/span><\/p>\n<div>ICARDI&#8217;DEN REKOR!<\/div>\n<div>\n<p>Icardi bu golle birlikte Galatasaray tarihinin en \u00e7ok gol atan yabanc\u0131 futbolcusu oldu!<\/p>\n<\/div>\n<\/div>\n<div><span>4.Dakika<\/span><\/p>\n<div>ICARDI ERKENDEN GOL\u00dc BULUYOR!<\/div>\n<div>\n<p>Galatasaray 4. dakikada Mauro Icardi ile gol\u00fc bularak \u00f6ne ge\u00e7ti.<\/p>\n<p>Ahmed Kutucu&#8217;nun ba\u015flatt\u0131\u011f\u0131 ata\u011f\u0131 \u0130lkay devam ettirdi, Icardi tamamlad\u0131.<\/p>\n<\/div>\n<\/div>\n<div><span>1.Dakika<\/span><\/p>\n<div>MA\u00c7 BA\u015eLADI!<\/div>\n<div>\n<p>T\u00fcrkiye Kupas\u0131&#8217;nda Galatasaray-\u0130stanbulspor ma\u00e7\u0131nda ilk d\u00fcd\u00fck geldi.<\/p>\n<\/div>\n<\/div>\n<div><span>20:09<\/span><span>04 \u015eubat 2026<\/span><\/p>\n<div>\u0130STANBULSPOR&#8217;UN \u0130LK 11&#8217;\u0130<\/div>\n<div>\n<p>\u0130stanbulspor&#8217;un ilk 11&#8217;i \u015fu \u015fekilde:<\/p>\n<p>\u0130sa, \u00d6zcan, Demir, Duran, Emrecan, Turan, Sambissa, \u0130sa Dayakl\u0131, \u00d6mer Faruk, Mamadou, Ertu\u011frul\u00a0<\/p>\n<\/div>\n<\/div>\n<div><span>19:10<\/span><span>04 \u015eubat 2026<\/span><\/p>\n<div>GALATASARAY&#8217;IN \u0130LK 11&#8217;\u0130 BELL\u0130 OLDU!<\/div>\n<div>\n<p>Sar\u0131-k\u0131rm\u0131z\u0131l\u0131lar\u0131n ilk 11&#8217;i \u015fu \u015fekilde:<\/p>\n<p>G\u00fcnay, G\u00f6kdeniz, Kaan, Lemina, Kaz\u0131mcan, Torreira, \u0130lkay, Asprilla, Ahmed, Eren, Icardi<\/p>\n<\/div>\n<\/div>\n<div><span>02:03<\/span><span>04 \u015eubat 2026<\/span><\/p>\n<div>GALATASARAY&#8217;DA \u00d6NEML\u0130 EKS\u0130KLER VAR<\/div>\n<div>\n<p>Galatasaray&#8217;da sakatl\u0131klar\u0131 bulunan Leroy Sane ve Arda \u00dcnyay, \u0130stanbulspor&#8217;a kar\u015f\u0131 forma giyemeyecek. UEFA \u015eampiyonlar Ligi&#8217;ndeki Manchester City ma\u00e7\u0131 sonras\u0131 sa\u011f ayak bile\u011fi d\u0131\u015f yan ba\u011flar\u0131 ile eklem kaps\u00fcl\u00fcnde y\u0131rt\u0131k ve kanama tespit edilen Leroy Sane, g\u00f6rev alamayacak. T\u00fcrkiye Kupas\u0131&#8217;ndaki Fethiyespor m\u00fccadelesinde sakatlanan ve sol arka adalesinde hafif-orta dereceli zorlanma tespit edilen Arda \u00dcnyay da \u0130stanbulspor kar\u015f\u0131s\u0131nda oynayamayacak.<\/p>\n<\/div>\n<\/div>\n<\/div>\n<\/section>\n<p><\/p>\n<p>Kaynak :\u00a0<span style=\"background-color: rgb(255, 249, 236); color: rgb(55, 58, 60); font-size: 14px;\">http:\/\/www.milliyet.com.tr\/skorer\/live-turkiye-kupasinda-galatasarayin-rakibi-istanbulspor-7532260<\/span><\/p>\n","protected":false},"excerpt":{"rendered":"<p>Galatasaray, Ziraat T\u00fcrkiye Kupas\u0131 A Grubu&#8217;nda 3. hafta ma\u00e7\u0131nda \u0130stanbulspor&#8217;u konuk ediyor. Kar\u015f\u0131la\u015fman\u0131n heyecan\u0131 SKORER&#8217;de\u00a0ya\u015fan\u0131yor.<\/p>\n","protected":false},"author":1,"featured_media":176274,"comment_status":"open","ping_status":"open","sticky":false,"template":"","format":"standard","meta":{"footnotes":""},"categories":[7],"tags":[257,8540],"class_list":["post-176273","post","type-post","status-publish","format-standard","has-post-thumbnail","hentry","category-spor","tag-galatasaray","tag-istanbulspor"],"_links":{"self":[{"href":"https:\/\/kamucalisani.net\/index.php\/wp-json\/wp\/v2\/posts\/176273","targetHints":{"allow":["GET"]}}],"collection":[{"href":"https:\/\/kamucalisani.net\/index.php\/wp-json\/wp\/v2\/posts"}],"about":[{"href":"https:\/\/kamucalisani.net\/index.php\/wp-json\/wp\/v2\/types\/post"}],"author":[{"embeddable":true,"href":"https:\/\/kamucalisani.net\/index.php\/wp-json\/wp\/v2\/users\/1"}],"replies":[{"embeddable":true,"href":"https:\/\/kamucalisani.net\/index.php\/wp-json\/wp\/v2\/comments?post=176273"}],"version-history":[{"count":1,"href":"https:\/\/kamucalisani.net\/index.php\/wp-json\/wp\/v2\/posts\/176273\/revisions"}],"predecessor-version":[{"id":176275,"href":"https:\/\/kamucalisani.net\/index.php\/wp-json\/wp\/v2\/posts\/176273\/revisions\/176275"}],"wp:featuredmedia":[{"embeddable":true,"href":"https:\/\/kamucalisani.net\/index.php\/wp-json\/wp\/v2\/media\/176274"}],"wp:attachment":[{"href":"https:\/\/kamucalisani.net\/index.php\/wp-json\/wp\/v2\/media?parent=176273"}],"wp:term":[{"taxonomy":"category","embeddable":true,"href":"https:\/\/kamucalisani.net\/index.php\/wp-json\/wp\/v2\/categories?post=176273"},{"taxonomy":"post_tag","embeddable":true,"href":"https:\/\/kamucalisani.net\/index.php\/wp-json\/wp\/v2\/tags?post=176273"}],"curies":[{"name":"wp","href":"https:\/\/api.w.org\/{rel}","templated":true}]}}