{"id":176965,"date":"2026-02-05T16:54:12","date_gmt":"2026-02-05T16:54:12","guid":{"rendered":"https:\/\/kamucalisani.net\/?p=176965"},"modified":"2026-02-05T16:54:12","modified_gmt":"2026-02-05T16:54:12","slug":"istanbulun-afet-haberlesmesinde-kullanilacak-afhes-tanitildi","status":"publish","type":"post","link":"https:\/\/kamucalisani.net\/index.php\/2026\/02\/05\/istanbulun-afet-haberlesmesinde-kullanilacak-afhes-tanitildi\/","title":{"rendered":"\u0130stanbul&#8217;un afet haberle\u015fmesinde kullan\u0131lacak AFHES tan\u0131t\u0131ld\u0131"},"content":{"rendered":"<p><figure> <span> <img decoding=\"async\" src=\"https:\/\/kamucalisani.net\/wp-content\/uploads\/2026\/02\/istanbulun-afet-haberlesmesinde-kullanilacak-afhes-tanitildi-0-qCwPOhfm.jpg\"\/> <\/span> 6 \u015eubat depreminin y\u0131l d\u00f6n\u00fcm\u00fcne girilirken \u0130stanbul\u2019da <strong>AFAD<\/strong> b\u00fcnyesinde kullan\u0131lacak <strong>AFHES (Afet Entegre Haberle\u015fme Sistemi)<\/strong> tan\u0131t\u0131ld\u0131. AFHES, afet an\u0131nda kamu kurumlar\u0131na kesintisiz ve g\u00fcvenli ileti\u015fim sa\u011flayacak. <\/figure>\n<p>\u0130stanbul Valisi Davut G\u00fcl, olas\u0131 bir \u0130stanbul depreminde ortaya \u00e7\u0131kacak ihtiya\u00e7lar\u0131n ba\u015f\u0131nda ileti\u015fiminin geldi\u011fini belirterek, ileti\u015fimin ve buna ba\u011fl\u0131 olarak kurtarma \u00e7al\u0131\u015fmalar\u0131n\u0131n sa\u011fl\u0131kl\u0131 y\u00fcr\u00fct\u00fclebilmesi i\u00e7in \u00e7e\u015fitli alternatiflerin hayata ge\u00e7irildi\u011fini duyurdu.<\/p>\n<p><figure> <span> <img decoding=\"async\" src=\"https:\/\/kamucalisani.net\/wp-content\/uploads\/2026\/02\/istanbulun-afet-haberlesmesinde-kullanilacak-afhes-tanitildi-1-jKHzTC6s.jpg\"\/> <\/span> <\/figure>\n<\/p>\n<p>AFHES kapsam\u0131nda \u0130stanbul genelinde 27 haberle\u015fme r\u00f6le istasyonu kuruldu. AFAD Ba\u015fkanl\u0131k Yerle\u015fkesi&#8217;nin yer ald\u0131\u011f\u0131 Ankara&#8217;da da sistemin uzak r\u00f6le noktas\u0131 yap\u0131land\u0131r\u0131larak altyap\u0131ya entegre edildi. Sistemle birlikte &#8220;TAMP Ana ve Destek \u00c7\u00f6z\u00fcm Orta\u011f\u0131&#8221; kurumlar, <strong>39 il\u00e7e emniyet m\u00fcd\u00fcrl\u00fc\u011f\u00fc, 10 il\u00e7e jandarma komutanl\u0131\u011f\u0131, 39 il\u00e7e afet y\u00f6netim merkezi<\/strong> ile <strong>kritik kamu kurum ve kurulu\u015fla<\/strong>r\u0131, ayn\u0131 haberle\u015fme platformunda bulu\u015fturuldu.<\/p>\n<p>AFHES \u00fczerinden sesli haberle\u015fme, anl\u0131k konum payla\u015f\u0131m\u0131, k\u0131sa veri mesaj\u0131 iletimi, yetkisiz telsizlerin sistem d\u0131\u015f\u0131 b\u0131rak\u0131lmas\u0131, t\u00fcm haberle\u015fmelerin kay\u0131t alt\u0131na al\u0131nmas\u0131 ile kullan\u0131c\u0131 ve yetki bazl\u0131 eri\u015fim y\u00f6netimi merkezi olarak sa\u011flanabiliyor.<\/p>\n<p>AFHES\u2019in tamamen yeni bir sistem olmad\u0131\u011f\u0131n\u0131, mevcut yap\u0131n\u0131n modernize edildi\u011fini belirten \u0130stanbul \u0130l Afet ve Acil Durum M\u00fcd\u00fcr\u00fc Prof. Dr. Haluk \u00d6zener, sistemin \u00e7al\u0131\u015fma \u00f6zelliklerini \u015fu \u015fekilde a\u00e7\u0131klad\u0131:<\/p>\n<p>&#8220;Frekans ve kanal say\u0131s\u0131 art\u0131r\u0131larak olas\u0131 bir afette t\u00fcm \u00e7al\u0131\u015fma gruplar\u0131n\u0131n, yerelde 23 \u00e7al\u0131\u015fma grubu var, bu gruplar\u0131n birbirleriyle, emniyetimizle, jandarmam\u0131zla, il\u00e7e afet merkezlerimiz ve kaymakaml\u0131klar\u0131m\u0131zla ileti\u015fimini sa\u011flayarak, dolay\u0131s\u0131yla bir afet an\u0131nda hi\u00e7bir kesintiye u\u011framadan t\u00fcm afet m\u00fcdahale ekiplerinin, t\u00fcm karar vericilerinin bir anda konu\u015fabilece\u011fi bir sistemden bahsediyoruz. Mobil ileti\u015fim operat\u00f6rlerinin yapt\u0131\u011f\u0131 \u00e7al\u0131\u015fmalarla baz istasyonlar\u0131 daha sa\u011flam alanlara konu\u015fland\u0131r\u0131ld\u0131. Benzer \u015fekilde bu sistemde 28 r\u00f6le istasyonu bulunuyor ve bunlar, depremde zarar g\u00f6rmeyecek, operasyona devam edecek \u015fekilde dizayn edilmi\u015f kulelerde yer al\u0131yor. R\u00f6le istasyonlar\u0131ndan biri de AFAD Ba\u015fkanl\u0131\u011f\u0131m\u0131zda, Ankara&#8217;da bulunuyor. Dolay\u0131s\u0131yla \u0130stanbul ile Ankara&#8217;n\u0131n ileti\u015fimi de hi\u00e7bir \u015fekilde kesilmeyecek.&#8221;<\/p>\n<p>\u0130stanbul Valisi Davut G\u00fcl, GSM operat\u00f6rlerinin son iki y\u0131lda afete haz\u0131rl\u0131k \u00e7al\u0131\u015fmalar\u0131na de\u011findi. \u00dc\u00e7 operat\u00f6r toplamda 800&#8217;\u00fcn \u00fczerinde ilave ve dayan\u0131kl\u0131 vericinin kurdu. Depreme dayan\u0131ks\u0131z binalardaki vericiler ise daha g\u00fcvenli alanlara ta\u015f\u0131nd\u0131.<\/p>\n\n<p>Kaynak\u00a0 :\u00a0<span style=\"background-color: rgb(255, 249, 236); color: rgb(55, 58, 60); font-size: 14px;\">https:\/\/www.donanimhaber.com\/istanbul-un-afet-haberlesmesinde-kullanilacak-afhes-tanitildi&#8211;201730<\/span><\/p>\n","protected":false},"excerpt":{"rendered":"<p>6 \u015eubat depreminin y\u0131l d\u00f6n\u00fcm\u00fcne girilirken \u0130stanbul\u2019da AFAD b\u00fcnyesinde kullan\u0131lacak AFHES (Afet Entegre Haberle\u015fme Sistemi) tan\u0131t\u0131ld\u0131. AFHES, afet an\u0131nda kamu kurumlar\u0131na kesintisiz ve g\u00fcvenli ileti\u015fim sa\u011flayacak. \u0130stanbul Valisi Davut G\u00fcl &#8230;<\/p>\n","protected":false},"author":1,"featured_media":176966,"comment_status":"open","ping_status":"open","sticky":false,"template":"","format":"standard","meta":{"footnotes":""},"categories":[8],"tags":[2450,903,2622,179,635],"class_list":["post-176965","post","type-post","status-publish","format-standard","has-post-thumbnail","hentry","category-teknoloji","tag-afet","tag-calisma","tag-iletisim","tag-istanbul","tag-sistem"],"_links":{"self":[{"href":"https:\/\/kamucalisani.net\/index.php\/wp-json\/wp\/v2\/posts\/176965","targetHints":{"allow":["GET"]}}],"collection":[{"href":"https:\/\/kamucalisani.net\/index.php\/wp-json\/wp\/v2\/posts"}],"about":[{"href":"https:\/\/kamucalisani.net\/index.php\/wp-json\/wp\/v2\/types\/post"}],"author":[{"embeddable":true,"href":"https:\/\/kamucalisani.net\/index.php\/wp-json\/wp\/v2\/users\/1"}],"replies":[{"embeddable":true,"href":"https:\/\/kamucalisani.net\/index.php\/wp-json\/wp\/v2\/comments?post=176965"}],"version-history":[{"count":1,"href":"https:\/\/kamucalisani.net\/index.php\/wp-json\/wp\/v2\/posts\/176965\/revisions"}],"predecessor-version":[{"id":176969,"href":"https:\/\/kamucalisani.net\/index.php\/wp-json\/wp\/v2\/posts\/176965\/revisions\/176969"}],"wp:featuredmedia":[{"embeddable":true,"href":"https:\/\/kamucalisani.net\/index.php\/wp-json\/wp\/v2\/media\/176966"}],"wp:attachment":[{"href":"https:\/\/kamucalisani.net\/index.php\/wp-json\/wp\/v2\/media?parent=176965"}],"wp:term":[{"taxonomy":"category","embeddable":true,"href":"https:\/\/kamucalisani.net\/index.php\/wp-json\/wp\/v2\/categories?post=176965"},{"taxonomy":"post_tag","embeddable":true,"href":"https:\/\/kamucalisani.net\/index.php\/wp-json\/wp\/v2\/tags?post=176965"}],"curies":[{"name":"wp","href":"https:\/\/api.w.org\/{rel}","templated":true}]}}