{"id":177019,"date":"2026-02-05T18:06:10","date_gmt":"2026-02-05T18:06:10","guid":{"rendered":"https:\/\/kamucalisani.net\/?p=177019"},"modified":"2026-02-05T18:06:10","modified_gmt":"2026-02-05T18:06:10","slug":"fenerbahcede-skriniara-tffden-ceza-resmi-aciklama-geldi","status":"publish","type":"post","link":"https:\/\/kamucalisani.net\/index.php\/2026\/02\/05\/fenerbahcede-skriniara-tffden-ceza-resmi-aciklama-geldi\/","title":{"rendered":"Fenerbah\u00e7e&#8217;de Skriniar&#8217;a TFF&#8217;den ceza! Resmi a\u00e7\u0131klama geldi"},"content":{"rendered":"<p><p>T\u00fcrkiye Futbol Federasyonu, Kocaelispor ma\u00e7\u0131n\u0131n ard\u0131ndan PFDK&#8217;ya sevk edilen Milan Skriniar&#8217;a 2 ma\u00e7 ceza verdi.<\/p>\n<p><strong>TFF&#8217;nin a\u00e7\u0131klamas\u0131 \u015fu \u015fekilde:<\/strong><\/p>\n<p>FENERBAH\u00c7E A.\u015e.\u2019nin, 02.02.2026 tarihinde oynanan KOCAEL\u0130SPOR-FENERBAH\u00c7E A.\u015e. Trendyol S\u00fcper Lig Mehmet Ali Y\u0131lmaz Sezonu m\u00fcsabakas\u0131nda, taraftarlar\u0131n\u0131n neden oldu\u011fu saha olaylar\u0131 nedeniyle FDT\u2019nin 52\/2. ve 46\/1. maddeleri uyar\u0131nca takdiren ve neticeten 220.000.-TL PARA CEZASI ile cezaland\u0131r\u0131lmas\u0131na,<\/p>\n<p>Ayn\u0131 m\u00fcsabakada FENERBAH\u00c7E A.\u015e.\u2019nin, taraftarlar\u0131n\u0131n neden oldu\u011fu \u00e7irkin ve k\u00f6t\u00fc tezah\u00fcrat nedeniyle ve bu eylemin ayn\u0131 sezon i\u00e7inde misafir kul\u00fcp oldu\u011fu m\u00fcsabakada 10. kez ger\u00e7ekle\u015ftirilmesinden dolay\u0131 FDT\u2019nin 53\/2. maddesi uyar\u0131nca 1.120.000.-TL PARA CEZASI ile cezaland\u0131r\u0131lmas\u0131na, FDT\u2019nin 53\/3. maddesi uyar\u0131nca \u00e7irkin ve k\u00f6t\u00fc tezah\u00fcratta bulunan M\u0130SAF\u0130R TR\u0130B\u00dcN 316-A, 316-B, 317 numaral\u0131 bloklarda yer alan seyircilerin elektronik bilet kapsam\u0131ndaki kartlar\u0131n\u0131n bloke edilmesi suretiyle bir sonraki misafir kul\u00fcp oldu\u011fu m\u00fcsabakaya giri\u015flerinin engellenmesine,<\/p>\n<p>Ayn\u0131 m\u00fcsabakada FENERBAH\u00c7E A.\u015e. g\u00f6revlisi EM\u0130R HULUS\u0130 YOLA\u00c7\u2019\u0131n, sportmenli\u011fe ayk\u0131r\u0131 hareketi nedeniyle FDT\u2019nin 36\/1-c ve 35\/4. maddeleri uyar\u0131nca 1 RESM\u0130 M\u00dcSABAKADA SOYUNMA ODASINA VE YEDEK KUL\u00dcBES\u0130NE G\u0130R\u0130\u015e YASA\u011eI ve 80.000.-TL PARA CEZASI ile cezaland\u0131r\u0131lmas\u0131na,<\/p>\n<p>Ayn\u0131 m\u00fcsabakada FENERBAH\u00c7E A.\u015e. sporcusu MILAN SKRINIAR\u2019\u0131n, rakip tak\u0131m taraftarlar\u0131na y\u00f6nelik hakareti nedeniyle FDT\u2019nin 41\/1-a ve 35\/4. maddeleri uyar\u0131nca ve FDT\u2019nin 12. maddesinin uygulanmas\u0131 suretiyle takdiren ve neticeten 2 RESM\u0130 M\u00dcSABAKADAN MEN ve 80.000.-TL PARA CEZASI ile cezaland\u0131r\u0131lmas\u0131na karar verilmi\u015ftir.<\/p>\n\n<p><\/p>\n<p>Kaynak :\u00a0<span style=\"background-color: rgb(255, 249, 236); color: rgb(55, 58, 60); font-size: 14px;\">http:\/\/www.milliyet.com.tr\/skorer\/fenerbahcede-skriniara-tffden-ceza-resmi-aciklama-geldi-7533343<\/span><\/p>\n","protected":false},"excerpt":{"rendered":"<p>Kocaelispor ma\u00e7\u0131n\u0131n ard\u0131ndan Profesyonel Futbol Disiplin Kurulu&#8217;na sevk edilen Milan Skriniar&#8217;\u0131n cezas\u0131 belli oldu.<\/p>\n","protected":false},"author":1,"featured_media":177020,"comment_status":"open","ping_status":"open","sticky":false,"template":"","format":"standard","meta":{"footnotes":""},"categories":[7],"tags":[386,11492,10499],"class_list":["post-177019","post","type-post","status-publish","format-standard","has-post-thumbnail","hentry","category-spor","tag-ceza","tag-fenerbahce-a-s","tag-uyarinca"],"_links":{"self":[{"href":"https:\/\/kamucalisani.net\/index.php\/wp-json\/wp\/v2\/posts\/177019","targetHints":{"allow":["GET"]}}],"collection":[{"href":"https:\/\/kamucalisani.net\/index.php\/wp-json\/wp\/v2\/posts"}],"about":[{"href":"https:\/\/kamucalisani.net\/index.php\/wp-json\/wp\/v2\/types\/post"}],"author":[{"embeddable":true,"href":"https:\/\/kamucalisani.net\/index.php\/wp-json\/wp\/v2\/users\/1"}],"replies":[{"embeddable":true,"href":"https:\/\/kamucalisani.net\/index.php\/wp-json\/wp\/v2\/comments?post=177019"}],"version-history":[{"count":1,"href":"https:\/\/kamucalisani.net\/index.php\/wp-json\/wp\/v2\/posts\/177019\/revisions"}],"predecessor-version":[{"id":177021,"href":"https:\/\/kamucalisani.net\/index.php\/wp-json\/wp\/v2\/posts\/177019\/revisions\/177021"}],"wp:featuredmedia":[{"embeddable":true,"href":"https:\/\/kamucalisani.net\/index.php\/wp-json\/wp\/v2\/media\/177020"}],"wp:attachment":[{"href":"https:\/\/kamucalisani.net\/index.php\/wp-json\/wp\/v2\/media?parent=177019"}],"wp:term":[{"taxonomy":"category","embeddable":true,"href":"https:\/\/kamucalisani.net\/index.php\/wp-json\/wp\/v2\/categories?post=177019"},{"taxonomy":"post_tag","embeddable":true,"href":"https:\/\/kamucalisani.net\/index.php\/wp-json\/wp\/v2\/tags?post=177019"}],"curies":[{"name":"wp","href":"https:\/\/api.w.org\/{rel}","templated":true}]}}