{"id":177276,"date":"2026-02-06T08:18:11","date_gmt":"2026-02-06T08:18:11","guid":{"rendered":"https:\/\/kamucalisani.net\/?p=177276"},"modified":"2026-02-06T08:18:11","modified_gmt":"2026-02-06T08:18:11","slug":"cumhurbaskani-erdogan-yilin-karelerini-oyladi","status":"publish","type":"post","link":"https:\/\/kamucalisani.net\/index.php\/2026\/02\/06\/cumhurbaskani-erdogan-yilin-karelerini-oyladi\/","title":{"rendered":"Cumhurba\u015fkan\u0131 Erdo\u011fan &#8216;Y\u0131l\u0131n Kareleri&#8217;ni oylad\u0131"},"content":{"rendered":"<p><p>Cumhurba\u015fkan\u0131 Erdo\u011fan, lifebox, AJet ve ROKETSAN sponsorlu\u011funda d\u00fczenlenen yar\u0131\u015fmada, AA foto muhabirleri ve muhabirlerinin 2025&#8217;te T\u00fcrkiye ile d\u00fcnya g\u00fcndeminde yank\u0131 bulan 6 kategorideki 112 foto\u011fraf\u0131n\u0131 M\u0131s\u0131r ziyareti d\u00f6n\u00fc\u015f\u00fc u\u00e7akta inceledi<\/p>\n<p>Anadolu Ajans\u0131 Y\u00f6netim Kurulu Ba\u015fkan\u0131 ve Genel M\u00fcd\u00fcr\u00fc Serdar Karag\u00f6z, Erdo\u011fan&#8217;a foto\u011fraflar hakk\u0131nda bilgi verdi.<\/p>\n<p>\u00a0<\/p>\n<p><strong><\/p>\n<div>\n<div><img decoding=\"async\" src=\"https:\/\/kamucalisani.net\/wp-content\/uploads\/2026\/02\/cumhurbaskani-erdogan-yilin-karelerini-oyladi-0-pKrtElqk.jpg\"\/><\/img><\/div>\n<\/div>\n<p><\/strong><\/p>\n<p>&#8220;Haber&#8221; kategorisinde Mustafa Hatipo\u011flu&#8217;nun \u00e7ekti\u011fi &#8220;G\u00f6klerin fatihi&#8221; ba\u015fl\u0131kl\u0131 foto\u011fraf\u0131n\u0131 tercih eden Erdo\u011fan, &#8220;Spor&#8221; kategorisinde ise Esra Bilgin&#8217;in FIBA Erkekler Avrupa \u015eampiyonas\u0131 yar\u0131 final ma\u00e7\u0131nda Yunanistan ile T\u00fcrkiye aras\u0131ndaki kar\u015f\u0131la\u015fmada milli oyuncu Alperen \u015eeng\u00fcn&#8217;\u00fcn yer ald\u0131\u011f\u0131 &#8220;Alperen&#8221; ba\u015fl\u0131kl\u0131 foto\u011fraf\u0131na oy verdi.<\/p>\n<div>\n<div><img decoding=\"async\" src=\"https:\/\/kamucalisani.net\/wp-content\/uploads\/2026\/02\/cumhurbaskani-erdogan-yilin-karelerini-oyladi-1-XnVJjmji.jpg\"\/><\/img><\/div>\n<\/div>\n<p>&#8220;Do\u011fal Ya\u015fam ve \u00c7evre&#8221; kategorisinde ise Erdo\u011fan, \u015eebnem Co\u015fkun&#8217;un \u00e7ekti\u011fi &#8220;Kirli kanatlar&#8221; ba\u015fl\u0131kl\u0131 foto\u011fraf\u0131 tercih etti.<\/p>\n<div>\n<div><img decoding=\"async\" src=\"https:\/\/kamucalisani.net\/wp-content\/uploads\/2026\/02\/cumhurbaskani-erdogan-yilin-karelerini-oyladi-2-ig4ttxFA.jpg\"\/><\/img><\/div>\n<\/div>\n<p><strong>ERDO\u011eAN BM GENEL KURULU&#8217;NDA G\u00d6STERD\u0130\u011e\u0130 FOTO\u011eRAFA OY VERD\u0130<\/strong>\u00a0<\/p>\n<p>Erdo\u011fan&#8217;\u0131n, &#8220;Gazze: A\u00e7l\u0131k&#8221; kategorisindeki tercihi, Cumhurba\u015fkanl\u0131\u011f\u0131 K\u00fclt\u00fcr ve Sanat B\u00fcy\u00fck \u00d6d\u00fclleri&#8217;nin foto\u011fraf kategorisinde \u00f6d\u00fcle lay\u0131k g\u00f6r\u00fclen Ali Jadallah&#8217;\u0131n Gazze&#8217;de a\u00e7l\u0131kla m\u00fccadele eden Filistinlilere, yemek da\u011f\u0131t\u0131lan anlar\u0131 g\u00f6steren foto\u011fraf\u0131 oldu.<\/p>\n<p>Cumhurba\u015fkan\u0131 Erdo\u011fan, Birle\u015fmi\u015f Milletler (BM) 80. Genel Kurulu&#8217;nda, \u0130srail&#8217;in Gazze&#8217;deki soyk\u0131r\u0131m\u0131n\u0131 Anadolu Ajans\u0131 (AA) foto muhabirlerinin \u00e7ekti\u011fi foto\u011fraflarla d\u00fcnya kamuoyuna anlatm\u0131\u015f ve Ali Jadallah&#8217;\u0131n \u00e7ekti\u011fi foto\u011fraf\u0131 da g\u00f6stermi\u015fti.<\/p>\n<div>\n<div><img decoding=\"async\" src=\"https:\/\/kamucalisani.net\/wp-content\/uploads\/2026\/02\/cumhurbaskani-erdogan-yilin-karelerini-oyladi-3-nH7Q8g9V.jpg\"\/><\/img><\/div>\n<\/div>\n<p>\u00a0Erdo\u011fan, &#8220;Haber&#8221; kategorisinde Mustafa Hatipo\u011flu&#8217;un \u00e7ekti\u011fi &#8220;G\u00f6klerin fatihi&#8221; ba\u015fl\u0131kl\u0131 foto\u011fraf\u0131 tercih etti<\/p>\n<div>\n<div><img decoding=\"async\" src=\"https:\/\/kamucalisani.net\/wp-content\/uploads\/2026\/02\/cumhurbaskani-erdogan-yilin-karelerini-oyladi-4-SGJrbHKE.jpg\"\/><\/img><\/div>\n<\/div>\n<p>Oylamada, Cumhurba\u015fkanl\u0131\u011f\u0131 \u0130leti\u015fim Ba\u015fkan\u0131 Burhanettin Duran da haz\u0131r bulundu.<\/p>\n<p><strong>OYLAMA<\/strong><\/p>\n<p>AA&#8217;n\u0131n 2012 y\u0131l\u0131ndan bu yana d\u00fczenledi\u011fi yar\u0131\u015fmada, bu y\u0131l &#8220;Haber&#8221;, &#8220;Do\u011fal Ya\u015fam ve \u00c7evre&#8221;, &#8220;Spor&#8221; ve &#8220;G\u00fcnl\u00fck Hayat&#8221; olmak \u00fczere 4 ana kategorinin yan\u0131 s\u0131ra &#8220;Gazze: A\u00e7l\u0131k&#8221; ve &#8220;Portre&#8221; ba\u015fl\u0131kl\u0131 2 \u00f6zel kategori yer al\u0131yor.<\/p>\n<p>T\u00fcrk\u00e7e ve \u0130ngilizce altyaz\u0131yla d\u00fcnya genelinde yap\u0131lan oylamaya kat\u0131lanlar, istedikleri say\u0131da foto\u011frafa oy verebiliyor.<\/p>\n<p>Oylama &#8220;yilinkareleri.aa.com.tr&#8221; internet sitesi \u00fczerinden 15 \u015eubat Pazar saat 17.00&#8217;ye kadar devam edecek.<\/p>\n\n<p><\/p>\n<p>Kaynak :\u00a0<span style=\"background-color: rgb(255, 249, 236); color: rgb(55, 58, 60); font-size: 14px;\">http:\/\/www.milliyet.com.tr\/gundem\/cumhurbaskani-erdogan-yilin-karelerini-oyladi-7533599<\/span><\/p>\n","protected":false},"excerpt":{"rendered":"<p>Cumhurba\u015fkan\u0131 Recep Tayyip Erdo\u011fan, Anadolu Ajans\u0131n\u0131n (AA) g\u00f6z\u00fcnden 2025&#8217;e damga vuran olaylara ait foto\u011fraflar\u0131n yer ald\u0131\u011f\u0131 &#8220;Y\u0131l\u0131n Kareleri&#8221; oylamas\u0131na kat\u0131ld\u0131.<\/p>\n","protected":false},"author":1,"featured_media":177277,"comment_status":"open","ping_status":"open","sticky":false,"template":"","format":"standard","meta":{"footnotes":""},"categories":[3],"tags":[11507,11508,593,11395,489],"class_list":["post-177276","post","type-post","status-publish","format-standard","has-post-thumbnail","hentry","category-guncel","tag-baslikli","tag-cektigi","tag-erdogan","tag-foto","tag-kategorisinde"],"_links":{"self":[{"href":"https:\/\/kamucalisani.net\/index.php\/wp-json\/wp\/v2\/posts\/177276","targetHints":{"allow":["GET"]}}],"collection":[{"href":"https:\/\/kamucalisani.net\/index.php\/wp-json\/wp\/v2\/posts"}],"about":[{"href":"https:\/\/kamucalisani.net\/index.php\/wp-json\/wp\/v2\/types\/post"}],"author":[{"embeddable":true,"href":"https:\/\/kamucalisani.net\/index.php\/wp-json\/wp\/v2\/users\/1"}],"replies":[{"embeddable":true,"href":"https:\/\/kamucalisani.net\/index.php\/wp-json\/wp\/v2\/comments?post=177276"}],"version-history":[{"count":1,"href":"https:\/\/kamucalisani.net\/index.php\/wp-json\/wp\/v2\/posts\/177276\/revisions"}],"predecessor-version":[{"id":177283,"href":"https:\/\/kamucalisani.net\/index.php\/wp-json\/wp\/v2\/posts\/177276\/revisions\/177283"}],"wp:featuredmedia":[{"embeddable":true,"href":"https:\/\/kamucalisani.net\/index.php\/wp-json\/wp\/v2\/media\/177277"}],"wp:attachment":[{"href":"https:\/\/kamucalisani.net\/index.php\/wp-json\/wp\/v2\/media?parent=177276"}],"wp:term":[{"taxonomy":"category","embeddable":true,"href":"https:\/\/kamucalisani.net\/index.php\/wp-json\/wp\/v2\/categories?post=177276"},{"taxonomy":"post_tag","embeddable":true,"href":"https:\/\/kamucalisani.net\/index.php\/wp-json\/wp\/v2\/tags?post=177276"}],"curies":[{"name":"wp","href":"https:\/\/api.w.org\/{rel}","templated":true}]}}