{"id":177763,"date":"2026-02-06T21:06:10","date_gmt":"2026-02-06T21:06:10","guid":{"rendered":"https:\/\/kamucalisani.net\/?p=177763"},"modified":"2026-02-06T21:06:10","modified_gmt":"2026-02-06T21:06:10","slug":"besiktas-transferi-duyurdu-devis-vasquez-istanbula-geldi","status":"publish","type":"post","link":"https:\/\/kamucalisani.net\/index.php\/2026\/02\/06\/besiktas-transferi-duyurdu-devis-vasquez-istanbula-geldi\/","title":{"rendered":"Be\u015fikta\u015f transferi duyurdu! Devis Vasquez \u0130stanbul&#8217;a geldi"},"content":{"rendered":"<p><p>Ara transferde Mert G\u00fcnok ile yollar\u0131n\u0131 ay\u0131rd\u0131ktan sonra Ersin Destano\u011flu ile rekabete girecek bir kaleci aray\u0131\u015f\u0131nda olan Be\u015fikta\u015f sonunda mutlu sona ula\u015ft\u0131. Uzun s\u00fcredir ilgilendi\u011fi isimlerle bir t\u00fcrl\u00fc anla\u015fma zemini sa\u011flayamayan Siyah Beyazl\u0131lar, arad\u0131\u011f\u0131 ismi \u0130talya&#8217;da buldu.<\/p>\n<p>Mert G\u00fcnok&#8217;un ayr\u0131l\u0131\u011f\u0131 sonras\u0131 kaleci aray\u0131\u015flar\u0131n\u0131 s\u00fcrd\u00fcren Be\u015fikta\u015f, s\u00fcrpriz bir ismi bitirdi.<\/p>\n<p>Siyah-beyazl\u0131lar, Roma formas\u0131 giyen Kolombiyal\u0131 kaleci Devis Vasquez&#8217;i sat\u0131n alma opsiyonlu kiral\u0131k olarak kadrosuna katt\u0131.<\/p>\n<p><strong>BE\u015e\u0130KTA\u015e A\u00c7IKLADI<\/strong><\/p>\n<p>Be\u015fikta\u015fDevis Vasquez transferini a\u00e7\u0131klad\u0131.<\/p>\n<p>\u0130\u015fte o a\u00e7\u0131klama:<\/p>\n<p>\u00a0&#8220;Devis Vasquez\u2019in 2025-26 sezonu sonuna kadar sat\u0131n alma opsiyonlu ge\u00e7ici transferi hususunda Roma kul\u00fcb\u00fcyle anla\u015fmaya var\u0131lm\u0131\u015ft\u0131r.&#8221;<\/p>\n<div>\n<div><img decoding=\"async\" src=\"https:\/\/kamucalisani.net\/wp-content\/uploads\/2026\/02\/besiktas-transferi-duyurdu-devis-vasquez-istanbula-geldi-0-xXIEPt32.jpg\"\/><\/img><\/div>\n<\/div>\n<p><strong>\u0130STANBUL&#8217;A GELD\u0130!<\/strong><\/p>\n<p>\u00d6te yandan Be\u015fikta\u015f&#8217;\u0131n yeni transferi Devis Vasquez, \u0130stanbul&#8217;a geldi.<\/p>\n<p>27 ya\u015f\u0131ndaki oyuncunun sa\u011fl\u0131k kontrollerinin ard\u0131ndan siyah-beyazl\u0131 kul\u00fcple s\u00f6zle\u015fme imzalamas\u0131 bekleniyor.<\/p>\n<div>\n<div><img decoding=\"async\" src=\"https:\/\/kamucalisani.net\/wp-content\/uploads\/2026\/02\/besiktas-transferi-duyurdu-devis-vasquez-istanbula-geldi-1-VLtQ2Uiw.jpg\"\/><\/img><\/div>\n<\/div>\n<p><strong>CORDOBA ZAMANINDA BOCA&#8217;YA \u00d6NERM\u0130\u015eT\u0130<\/strong><\/p>\n<p>Be\u015fikta\u015f&#8217;\u0131n unutulmaz kalecisi Oscar Cordoba&#8217;n\u0131n da 2023 y\u0131l\u0131nda Devis Vasquez i\u00e7in s\u00f6yledi\u011fi s\u00f6zler ortaya \u00e7\u0131kt\u0131.<\/p>\n<p>Cordoba, Be\u015fikta\u015f&#8217;\u0131n yeni transferi i\u00e7in zaman\u0131nda &#8220;Devis Vasquez&#8217;i 2020 y\u0131l\u0131nda Boca Juniors Ba\u015fkan\u0131 Juan Roman Riquelme&#8217;ye \u00f6nermi\u015ftim. \u00c7ok iyi \u00f6zelliklere sahip bir kaleci. Umar\u0131m f\u0131rsat bulur. Bazen yetenekli olursunuz ama \u00f6n\u00fcn\u00fczde biri vard\u0131r ve kendinizi g\u00f6steremezsiniz. Bu pozisyonu bildi\u011fim i\u00e7in Devis Vasquez&#8217;e g\u00fcveniyorum ve onun i\u00e7in referans oluyorum.&#8221; ifadelerini kullanm\u0131\u015ft\u0131.<\/p>\n\n<p><\/p>\n<p>Kaynak :\u00a0<span style=\"background-color: rgb(255, 249, 236); color: rgb(55, 58, 60); font-size: 14px;\">http:\/\/www.milliyet.com.tr\/skorer\/besiktas-transferi-duyurdu-devis-vasquez-istanbula-geldi-7533873<\/span><\/p>\n","protected":false},"excerpt":{"rendered":"<p>Mert G\u00fcnok ile yollar\u0131n\u0131 ay\u0131ran Be\u015fikta\u015f&#8217;\u0131n yeni kalecisi belli oldu. Siyah-beyazl\u0131 kul\u00fcp Devis Vasquez transferini duyurdu. Oyuncu, \u0130stanbul&#8217;a geldi.<\/p>\n","protected":false},"author":1,"featured_media":177764,"comment_status":"open","ping_status":"open","sticky":false,"template":"","format":"standard","meta":{"footnotes":""},"categories":[7],"tags":[819,11527,5759],"class_list":["post-177763","post","type-post","status-publish","format-standard","has-post-thumbnail","hentry","category-spor","tag-besiktas","tag-devis-vasquez","tag-kaleci"],"_links":{"self":[{"href":"https:\/\/kamucalisani.net\/index.php\/wp-json\/wp\/v2\/posts\/177763","targetHints":{"allow":["GET"]}}],"collection":[{"href":"https:\/\/kamucalisani.net\/index.php\/wp-json\/wp\/v2\/posts"}],"about":[{"href":"https:\/\/kamucalisani.net\/index.php\/wp-json\/wp\/v2\/types\/post"}],"author":[{"embeddable":true,"href":"https:\/\/kamucalisani.net\/index.php\/wp-json\/wp\/v2\/users\/1"}],"replies":[{"embeddable":true,"href":"https:\/\/kamucalisani.net\/index.php\/wp-json\/wp\/v2\/comments?post=177763"}],"version-history":[{"count":1,"href":"https:\/\/kamucalisani.net\/index.php\/wp-json\/wp\/v2\/posts\/177763\/revisions"}],"predecessor-version":[{"id":177767,"href":"https:\/\/kamucalisani.net\/index.php\/wp-json\/wp\/v2\/posts\/177763\/revisions\/177767"}],"wp:featuredmedia":[{"embeddable":true,"href":"https:\/\/kamucalisani.net\/index.php\/wp-json\/wp\/v2\/media\/177764"}],"wp:attachment":[{"href":"https:\/\/kamucalisani.net\/index.php\/wp-json\/wp\/v2\/media?parent=177763"}],"wp:term":[{"taxonomy":"category","embeddable":true,"href":"https:\/\/kamucalisani.net\/index.php\/wp-json\/wp\/v2\/categories?post=177763"},{"taxonomy":"post_tag","embeddable":true,"href":"https:\/\/kamucalisani.net\/index.php\/wp-json\/wp\/v2\/tags?post=177763"}],"curies":[{"name":"wp","href":"https:\/\/api.w.org\/{rel}","templated":true}]}}