{"id":177778,"date":"2026-02-06T23:24:10","date_gmt":"2026-02-06T23:24:10","guid":{"rendered":"https:\/\/kamucalisani.net\/?p=177778"},"modified":"2026-02-06T23:24:10","modified_gmt":"2026-02-06T23:24:10","slug":"tffden-fenerbahceli-futbolcu-milan-skriniar-icin-karar","status":"publish","type":"post","link":"https:\/\/kamucalisani.net\/index.php\/2026\/02\/06\/tffden-fenerbahceli-futbolcu-milan-skriniar-icin-karar\/","title":{"rendered":"TFF&#8217;den Fenerbah\u00e7eli futbolcu Milan Skriniar i\u00e7in karar!"},"content":{"rendered":"<p><p>T\u00fcrkiye Futbol Federasyonu (TFF) Tahkim Kurulu, Fenerbah\u00e7eli futbolcu Milan Skriniar ile Be\u015fikta\u015fl\u0131 oyuncu Kristjan Asllani&#8217;ye verilen 2&#8217;\u015fer ma\u00e7l\u0131k cezalar\u0131 onad\u0131.<\/p>\n<p>TFF&#8217;nin sitesinde yer alan a\u00e7\u0131klamaya g\u00f6re kurul, sar\u0131-lacivertli ekibin kaptan\u0131 Milan Skriniar&#8217;a verilen 2 ma\u00e7l\u0131k cezan\u0131n yan\u0131 s\u0131ra 80 bin liral\u0131k para cezas\u0131nda da de\u011fi\u015fime gitmedi.<\/p>\n<p>T\u00dcMOSAN Konyaspor ma\u00e7\u0131nda g\u00f6rd\u00fc\u011f\u00fc k\u0131rm\u0131z\u0131 kart sonras\u0131 PFDK taraf\u0131ndan 2 ma\u00e7 ceza verilen Be\u015fikta\u015fl\u0131 oyuncu Kristjan Asllani&#8217;nin cezas\u0131 da Tahkim Kurulu taraf\u0131ndan onand\u0131.<\/p>\n<p>Kurul, Samsunspor&#8217;a verilen verilen toplam 720 bin liral\u0131k para cezas\u0131nda da herhangi bir de\u011fi\u015fikli\u011fe gitmezken, \u00c7aykur Rizespor&#8217;un cezas\u0131 kald\u0131r\u0131ld\u0131. Karadeniz ekibine verilen 2 milyon 700 bin liral\u0131k ceza ile kul\u00fcp y\u00f6neticisi Fatih Bako\u011flu&#8217;na kesilen 2 milyon liral\u0131k 2 ceza da Tahkim Kurulu taraf\u0131ndan kald\u0131r\u0131ld\u0131. \u00c7aykur Rizespor ba\u015fkan\u0131 \u0130brahim Turgut&#8217;a verilen 40 bin liral\u0131k ceza ise onand\u0131.<\/p>\n\n<p><\/p>\n<p>Kaynak :\u00a0<span style=\"background-color: rgb(255, 249, 236); color: rgb(55, 58, 60); font-size: 14px;\">http:\/\/www.milliyet.com.tr\/skorer\/tffden-fenerbahceli-futbolcu-milan-skriniar-icin-karar-7534104<\/span><\/p>\n","protected":false},"excerpt":{"rendered":"<p>TFF Tahkim Kurulu, Fenerbah\u00e7e kaptan\u0131 Milan Skriniar ile Be\u015fikta\u015fl\u0131 Kristjan Asllani\u2019ye verilen 2\u2019\u015fer ma\u00e7l\u0131k cezalar\u0131 onarken, Skriniar\u2019\u0131n 80 bin TL\u2019lik para cezas\u0131nda da de\u011fi\u015fikli\u011fe gitmedi.<\/p>\n","protected":false},"author":1,"featured_media":177779,"comment_status":"open","ping_status":"open","sticky":false,"template":"","format":"standard","meta":{"footnotes":""},"categories":[7],"tags":[386,11538,1753],"class_list":["post-177778","post","type-post","status-publish","format-standard","has-post-thumbnail","hentry","category-spor","tag-ceza","tag-liralik","tag-verilen"],"_links":{"self":[{"href":"https:\/\/kamucalisani.net\/index.php\/wp-json\/wp\/v2\/posts\/177778","targetHints":{"allow":["GET"]}}],"collection":[{"href":"https:\/\/kamucalisani.net\/index.php\/wp-json\/wp\/v2\/posts"}],"about":[{"href":"https:\/\/kamucalisani.net\/index.php\/wp-json\/wp\/v2\/types\/post"}],"author":[{"embeddable":true,"href":"https:\/\/kamucalisani.net\/index.php\/wp-json\/wp\/v2\/users\/1"}],"replies":[{"embeddable":true,"href":"https:\/\/kamucalisani.net\/index.php\/wp-json\/wp\/v2\/comments?post=177778"}],"version-history":[{"count":1,"href":"https:\/\/kamucalisani.net\/index.php\/wp-json\/wp\/v2\/posts\/177778\/revisions"}],"predecessor-version":[{"id":177780,"href":"https:\/\/kamucalisani.net\/index.php\/wp-json\/wp\/v2\/posts\/177778\/revisions\/177780"}],"wp:featuredmedia":[{"embeddable":true,"href":"https:\/\/kamucalisani.net\/index.php\/wp-json\/wp\/v2\/media\/177779"}],"wp:attachment":[{"href":"https:\/\/kamucalisani.net\/index.php\/wp-json\/wp\/v2\/media?parent=177778"}],"wp:term":[{"taxonomy":"category","embeddable":true,"href":"https:\/\/kamucalisani.net\/index.php\/wp-json\/wp\/v2\/categories?post=177778"},{"taxonomy":"post_tag","embeddable":true,"href":"https:\/\/kamucalisani.net\/index.php\/wp-json\/wp\/v2\/tags?post=177778"}],"curies":[{"name":"wp","href":"https:\/\/api.w.org\/{rel}","templated":true}]}}