{"id":17836,"date":"2024-06-04T10:36:05","date_gmt":"2024-06-04T10:36:05","guid":{"rendered":"https:\/\/kamucalisani.net\/?p=17836"},"modified":"2024-06-04T10:36:05","modified_gmt":"2024-06-04T10:36:05","slug":"menemen-fkda-yilmaz-vural-gelismesi-euro-2024-engeli","status":"publish","type":"post","link":"https:\/\/kamucalisani.net\/index.php\/2024\/06\/04\/menemen-fkda-yilmaz-vural-gelismesi-euro-2024-engeli\/","title":{"rendered":"Menemen FK&#8217;da Y\u0131lmaz Vural geli\u015fmesi! EURO 2024 engeli"},"content":{"rendered":"<p><p>TFF 2&#8217;nci Lig ekiplerinden Menemen Futbol Kul\u00fcb\u00fc, teknik direkt\u00f6r Y\u0131lmaz Vural&#8217;\u0131 bekliyor. Almanya&#8217;da d\u00fczenlenecek 2024 Avrupa \u015eampiyonas\u0131 i\u00e7in Futbol Federasyonu taraf\u0131ndan g\u00f6revlendirilen ve turnuva boyunca bu \u00fclkede bulunacak tecr\u00fcbeli teknik adam\u0131n organizasyon sonunda sar\u0131-lacivertlilerle masaya oturaca\u011f\u0131 bildirildi.<\/p>\n<p>Y\u00f6netimin, yeni sezonda Vural&#8217;la yola devam etmek istedi\u011fi, deneyimli \u00e7al\u0131\u015ft\u0131r\u0131c\u0131n\u0131n ise \u015fampiyonlu\u011fa oynayacak bir kadro kurulmas\u0131 durumunda Menemen FK ile yola devam edebilece\u011fi ifade edildi.<\/p>\n<p><strong>1. L\u0130G&#8217;E Y\u00dcKSELEMED\u0130<\/strong><br \/>Normal sezonu 5\u2019inci s\u0131rada tamamlay\u0131p Play-Off bileti alan sar\u0131-lacivertliler, ilk turda deplasmanda 4\u2019\u00fcnc\u00fcl\u00fc\u011f\u00fc kapt\u0131rd\u0131\u011f\u0131 24Erzincanspor\u2019a 2 kez \u00f6ne ge\u00e7mesine ra\u011fmen uzatmada yedi\u011fi golle 3-2 ma\u011flup oldu.<\/p>\n<p>T\u00fcrkiye&#8217;nin en \u00e7ok tak\u0131m \u00e7al\u0131\u015ft\u0131ran teknik adam\u0131 olan 71 ya\u015f\u0131ndaki Y\u0131lmaz Vural, kariyerinde ilk kez Menemen FK&#8217;da 2&#8217;nci Lig&#8217;de g\u00f6rev alm\u0131\u015ft\u0131. Tura \u00e7ok yakla\u015fm\u0131\u015fken rakibine elenen \u0130zmir temsilcisi kar\u015f\u0131la\u015fma bitiminde y\u0131k\u0131ld\u0131. Futbolcular ve Teknik Direkt\u00f6r Y\u0131lmaz Vural b\u00fcy\u00fck bir \u015fok ya\u015fad\u0131.<\/p>\n<p><strong>SARIYER&#8217;E 30 YILLIK BORCUNU \u00d6DED\u0130<\/strong><br \/>TFF 2. Lig K\u0131rm\u0131z\u0131 Grup\u2019un 35. Haftas\u0131nda Menemen FK sahas\u0131nda Derincespor ile kar\u015f\u0131la\u015ft\u0131. Menemen \u0130l\u00e7e Stadyumu\u2019nda oynanan ma\u00e7ta Y\u0131lmaz Vural\u2019\u0131n \u00f6\u011frencileri rakibini 7-1 ma\u011flup etmeyi ba\u015fard\u0131.<\/p>\n<p>Bu galibiyetin ard\u0131ndan 64 puana y\u00fckselen Menemen FK 4. s\u0131raya yerle\u015fti. 37 puanda kalan Derincespor ise Sar\u0131yer\u2019in \u0130skenderunspor galibiyeti ile 16. S\u0131raya geriledi. 38 puandaki Sar\u0131yer Derincespor\u2019un kaybetmesi ve galibiyetleri ile d\u00fc\u015fme hatt\u0131ndan iyice uzakla\u015ft\u0131.<\/p>\n<p>Olu\u015fan bu tablo sonras\u0131 Sar\u0131yer taraftarlar\u0131 b\u00fcy\u00fck bir sevin\u00e7 ya\u015farken Y\u0131lmaz Vural ise 30 y\u0131ll\u0131k bir borcu kapatm\u0131\u015f oldu.<\/p>\n<p>1996-97 sezonunda Sar\u0131yer teknik direkt\u00f6rl\u00fc\u011f\u00fc yapan Y\u0131lmaz Vural sezon ortas\u0131nda Trabzonspor\u2019dan gelen teklif \u00fczerine Sar\u0131yer\u2019i b\u0131rakarak Karadeniz ekibinin yolunu tutmu\u015ftu. Deneyimli teknik adam\u0131n ayr\u0131l\u0131\u011f\u0131 sonras\u0131 k\u00f6t\u00fc bir s\u00fcrece giren Sar\u0131yer k\u00fcme d\u00fc\u015fm\u00fc\u015ft\u00fc. Y\u0131lmaz Vural\u2019\u0131n Derincespor galibiyeti sonras\u0131 Sar\u0131yer\u2019i ligde tutmas\u0131 \u00fczerine taraftarlar sosyal medyada 30 y\u0131ll\u0131k borcunu \u00f6dedi yorumunu yapt\u0131.<\/p>\n\n<p><\/p>\n<p>Kaynak :\u00a0<span style=\"background-color: rgb(255, 249, 236); color: rgb(55, 58, 60); font-size: 14px;\">http:\/\/www.milliyet.com.tr\/skorer\/menemen-fkda-yilmaz-vural-gelismesi-euro-2024-engeli-7135321<\/span><\/p>\n","protected":false},"excerpt":{"rendered":"<p>TFF 2&#8217;nci Lig&#8217;de Menemen Futbol Kul\u00fcb\u00fc&#8217;nde teknik direkt\u00f6r Y\u0131lmaz Vural ile ilgili s\u0131cak geli\u015fmeler ya\u015fan\u0131yor. Menemen&#8217;in yol haritas\u0131 belli oldu.<\/p>\n","protected":false},"author":1,"featured_media":17837,"comment_status":"open","ping_status":"open","sticky":false,"template":"","format":"standard","meta":{"footnotes":""},"categories":[7],"tags":[292,1184,1182,251,1183],"class_list":["post-17836","post","type-post","status-publish","format-standard","has-post-thumbnail","hentry","category-spor","tag-lig","tag-menemen","tag-sariyer","tag-teknik","tag-yilmaz-vural"],"_links":{"self":[{"href":"https:\/\/kamucalisani.net\/index.php\/wp-json\/wp\/v2\/posts\/17836","targetHints":{"allow":["GET"]}}],"collection":[{"href":"https:\/\/kamucalisani.net\/index.php\/wp-json\/wp\/v2\/posts"}],"about":[{"href":"https:\/\/kamucalisani.net\/index.php\/wp-json\/wp\/v2\/types\/post"}],"author":[{"embeddable":true,"href":"https:\/\/kamucalisani.net\/index.php\/wp-json\/wp\/v2\/users\/1"}],"replies":[{"embeddable":true,"href":"https:\/\/kamucalisani.net\/index.php\/wp-json\/wp\/v2\/comments?post=17836"}],"version-history":[{"count":1,"href":"https:\/\/kamucalisani.net\/index.php\/wp-json\/wp\/v2\/posts\/17836\/revisions"}],"predecessor-version":[{"id":17838,"href":"https:\/\/kamucalisani.net\/index.php\/wp-json\/wp\/v2\/posts\/17836\/revisions\/17838"}],"wp:featuredmedia":[{"embeddable":true,"href":"https:\/\/kamucalisani.net\/index.php\/wp-json\/wp\/v2\/media\/17837"}],"wp:attachment":[{"href":"https:\/\/kamucalisani.net\/index.php\/wp-json\/wp\/v2\/media?parent=17836"}],"wp:term":[{"taxonomy":"category","embeddable":true,"href":"https:\/\/kamucalisani.net\/index.php\/wp-json\/wp\/v2\/categories?post=17836"},{"taxonomy":"post_tag","embeddable":true,"href":"https:\/\/kamucalisani.net\/index.php\/wp-json\/wp\/v2\/tags?post=17836"}],"curies":[{"name":"wp","href":"https:\/\/api.w.org\/{rel}","templated":true}]}}