{"id":178967,"date":"2026-02-09T07:24:11","date_gmt":"2026-02-09T07:24:11","guid":{"rendered":"https:\/\/kamucalisani.net\/?p=178967"},"modified":"2026-02-09T07:24:11","modified_gmt":"2026-02-09T07:24:11","slug":"fenerbahceden-trabzonsporu-soke-eden-yanit-transferde-son-dakika-oguz-aydin-krizi","status":"publish","type":"post","link":"https:\/\/kamucalisani.net\/index.php\/2026\/02\/09\/fenerbahceden-trabzonsporu-soke-eden-yanit-transferde-son-dakika-oguz-aydin-krizi\/","title":{"rendered":"Fenerbah\u00e7e&#8217;den Trabzonspor&#8217;u \u015foke eden yan\u0131t! Transferde son dakika O\u011fuz Ayd\u0131n krizi"},"content":{"rendered":"<p><p>Trabzonspor&#8217;un her konuda anla\u015ft\u0131\u011f\u0131 ve imzaya bekledi\u011fi O\u011fuz Ayd\u0131n transferinin, Fenerbah\u00e7e&#8217;nin son dakika vetosuyla iptal oldu\u011fu ortaya \u00e7\u0131kt\u0131.<\/p>\n<p><strong>O\u011eUZ AYDIN OLDU\u011eU ORTAYA \u00c7IKTI<\/strong><\/p>\n<p>Trabzonspor Teknik Direkt\u00f6r\u00fc Fatih Tekke&#8217;nin bas\u0131n toplant\u0131s\u0131ndaki, &#8220;Ald\u0131k diye d\u00fc\u015f\u00fcn\u00fcyorduk. Geceye kadar elimizden geleni yapt\u0131k ama olmad\u0131&#8221; diyerek ger\u00e7ekle\u015fmeyen transfer hamlesinin O\u011fuz Ayd\u0131n oldu\u011fu netlik kazand\u0131.<\/p>\n<p><strong>TRABZONSPOR, OYUNCU \u0130LE ANLA\u015eTI!<\/strong><\/p>\n<p>Trabzonspor, O\u011fuz i\u00e7in 15 g\u00fcn \u00f6nce Fenerbah\u00e7e ile anla\u015fm\u0131\u015f ancak oyuncu ikna olmam\u0131\u015ft\u0131. Aradan ge\u00e7en zamanda sar\u0131-lacivertli tak\u0131mda alternatifin alternatifi konumuna d\u00fc\u015fen 25 ya\u015f\u0131ndaki kanat, kul\u00fcbe haber yollayarak &#8220;Teklifiniz ge\u00e7erliyse gelmek istiyorum&#8221; dedi.<\/p>\n<p>Bordo-mavili y\u00f6netim de deneyimli futbolcuyla konu\u015ftu ve her konuda anla\u015fmaya vard\u0131.<\/p>\n<div>\n<div><img decoding=\"async\" src=\"https:\/\/kamucalisani.net\/wp-content\/uploads\/2026\/02\/fenerbahceden-trabzonsporu-soke-eden-yanit-transferde-son-dakika-oguz-aydin-krizi-0-lnuiQNNW.jpg\"\/><\/img><\/div>\n<\/div>\n<p><strong>FENERBAH\u00c7E SON ANDA VETO ETT\u0130<\/strong><\/p>\n<p>T\u00fcm prosed\u00fcrler tamamlan\u0131rken bu kez Fenerbah\u00e7e, &#8220;Biz transfer yapamad\u0131k, O\u011fuz&#8217;u veremeyiz&#8221; s\u00f6zleri ile transferi ger\u00e7ekle\u015ftirmedi ve bu yan\u0131t \u015fok etkisi yaratt\u0131.<\/p>\n<p><strong>B\u0130R TELEFON, B\u00dcT\u00dcN PLANLARI BOZDU<\/strong><\/p>\n<p>Trabzonspor kanad\u0131n\u0131 as\u0131l k\u00fcplere bindiren bu karar\u0131n transferin bitmesine ramak kala verilmesi oldu. Bordo-mavili kurmaylar, gecikmeli karar y\u00fcz\u00fcnden Fenerbah\u00e7e&#8217;ye sert tepki g\u00f6sterdi. Kanat b\u00f6lgesindeki sorunlar\u0131n \u00f6nemli bir b\u00f6l\u00fcm\u00fcn\u00fc O\u011fuz hamlesiyle \u00e7\u00f6zmeyi d\u00fc\u015f\u00fcnen Trabzonspor, bu geli\u015fmeyle b\u00fcy\u00fck s\u0131k\u0131nt\u0131 ya\u015fad\u0131.<\/p>\n\n<p><\/p>\n<p>Kaynak :\u00a0<span style=\"background-color: rgb(255, 249, 236); color: rgb(55, 58, 60); font-size: 14px;\">http:\/\/www.milliyet.com.tr\/skorer\/fenerbahceden-trabzonsporu-soke-eden-yanit-transferde-son-dakika-oguz-aydin-krizi-7535021<\/span><\/p>\n","protected":false},"excerpt":{"rendered":"<p>Ara transfer d\u00f6neminin son anlar\u0131nda Fenerbah\u00e7e ile Trabzonspor aras\u0131nda O\u011fuz Ayd\u0131n krizi ya\u015fand\u0131\u011f\u0131 iddia edildi. \u0130ki kul\u00fcp aras\u0131ndaki g\u00f6r\u00fc\u015fmeler ortaya \u00e7\u0131kt\u0131.<\/p>\n","protected":false},"author":1,"featured_media":178968,"comment_status":"open","ping_status":"open","sticky":false,"template":"","format":"standard","meta":{"footnotes":""},"categories":[7],"tags":[184,3994,1576,589],"class_list":["post-178967","post","type-post","status-publish","format-standard","has-post-thumbnail","hentry","category-spor","tag-fenerbahce","tag-oguz","tag-trabzonspor","tag-transfer"],"_links":{"self":[{"href":"https:\/\/kamucalisani.net\/index.php\/wp-json\/wp\/v2\/posts\/178967","targetHints":{"allow":["GET"]}}],"collection":[{"href":"https:\/\/kamucalisani.net\/index.php\/wp-json\/wp\/v2\/posts"}],"about":[{"href":"https:\/\/kamucalisani.net\/index.php\/wp-json\/wp\/v2\/types\/post"}],"author":[{"embeddable":true,"href":"https:\/\/kamucalisani.net\/index.php\/wp-json\/wp\/v2\/users\/1"}],"replies":[{"embeddable":true,"href":"https:\/\/kamucalisani.net\/index.php\/wp-json\/wp\/v2\/comments?post=178967"}],"version-history":[{"count":1,"href":"https:\/\/kamucalisani.net\/index.php\/wp-json\/wp\/v2\/posts\/178967\/revisions"}],"predecessor-version":[{"id":178970,"href":"https:\/\/kamucalisani.net\/index.php\/wp-json\/wp\/v2\/posts\/178967\/revisions\/178970"}],"wp:featuredmedia":[{"embeddable":true,"href":"https:\/\/kamucalisani.net\/index.php\/wp-json\/wp\/v2\/media\/178968"}],"wp:attachment":[{"href":"https:\/\/kamucalisani.net\/index.php\/wp-json\/wp\/v2\/media?parent=178967"}],"wp:term":[{"taxonomy":"category","embeddable":true,"href":"https:\/\/kamucalisani.net\/index.php\/wp-json\/wp\/v2\/categories?post=178967"},{"taxonomy":"post_tag","embeddable":true,"href":"https:\/\/kamucalisani.net\/index.php\/wp-json\/wp\/v2\/tags?post=178967"}],"curies":[{"name":"wp","href":"https:\/\/api.w.org\/{rel}","templated":true}]}}