{"id":179113,"date":"2026-02-09T11:06:11","date_gmt":"2026-02-09T11:06:11","guid":{"rendered":"https:\/\/kamucalisani.net\/?p=179113"},"modified":"2026-02-09T11:06:11","modified_gmt":"2026-02-09T11:06:11","slug":"milliyet-gazetesi-genel-yayin-yonetmeni-ozay-sendir-yilin-kareleri-oylamasina-katildi","status":"publish","type":"post","link":"https:\/\/kamucalisani.net\/index.php\/2026\/02\/09\/milliyet-gazetesi-genel-yayin-yonetmeni-ozay-sendir-yilin-kareleri-oylamasina-katildi\/","title":{"rendered":"Milliyet Gazetesi Genel Yay\u0131n Y\u00f6netmeni \u00d6zay \u015eendir &#8216;Y\u0131l\u0131n Kareleri&#8217; oylamas\u0131na kat\u0131ld\u0131"},"content":{"rendered":"<p><p>Milliyet Gazetesi Genel Yay\u0131n Y\u00f6netmeni \u00d6zay \u015eendir, lifebox, AJet ve ROKETSAN sponsorlu\u011funda d\u00fczenlenen yar\u0131\u015fmada, AA foto muhabirleri ve muhabirlerinin 2025 y\u0131l\u0131nda T\u00fcrkiye ile d\u00fcnya g\u00fcndeminde yank\u0131 bulan toplam 6 kategorideki 112 foto\u011fraf\u0131n\u0131 inceledi.<\/p>\n<p><strong>&#8220;B\u0130R BEBE\u011e\u0130N KEM\u0130KLER\u0130N\u0130 SAYIYOR OLAB\u0130LMEK HERKES\u0130N AYIBI&#8221; <\/strong><\/p>\n<p>Milliyet Gazetesi Genel Yay\u0131n Y\u00f6netmeni \u00d6zay \u015eendir, &#8220;Gazze: A\u00e7l\u0131k&#8221; kategorisinde oyunu Ahmed Jihad Ibrahim Al-arini&#8217;nin &#8220;Gazze&#8217;de yetersiz beslenme sorunu ya\u015fayan \u00e7ocuk, \u00f6l\u00fcm tehlikesiyle kar\u015f\u0131 kar\u015f\u0131ya&#8221; ba\u015fl\u0131kl\u0131 foto\u011fraf\u0131ndan yana kulland\u0131.<\/p>\n<p>\u015eendir, &#8220;Portre&#8221; kategorisinde Cem Genco&#8217;nun &#8220;Alt\u0131n de\u011ferinde&#8221;, &#8220;Haber&#8221; kategorisinde Ashraf Amra&#8217;n\u0131n &#8220;\u0130nsanlar ve bombalar&#8221;, &#8220;Spor&#8221; kategorisinde Costas Baltas&#8217;\u0131n &#8220;Zaferin ard\u0131ndan&#8221;, &#8220;Do\u011fal Ya\u015fam ve \u00c7evre&#8221; kategorisinde Harun \u00d6zalp&#8217;in &#8220;Hareket zaman\u0131&#8221;, &#8220;G\u00fcnl\u00fck Hayat&#8221; kategorisinde ise Fareed Kotb&#8217;un &#8220;\u00c7ocuk her yerde \u00e7ocuk&#8221; foto\u011fraf\u0131n\u0131 be\u011fendi.<\/p>\n<p>Her kategoride foto\u011fraf\u0131 \u00e7ekilen ve \u00e7ekene ili\u015fkin kendisini de\u011ferlendirme yapmak zorunda hissetti\u011fini ifade eden \u015eendir, inceledi\u011fi karelerde detay arad\u0131\u011f\u0131n\u0131 aktard\u0131.<\/p>\n<p>De\u011ferlendirme yaparken &#8220;Evimin duvar\u0131na asmak istedi\u011fim foto\u011fraflar nelerdir?&#8221; d\u00fc\u015f\u00fcncesiyle hareket etti\u011fini dile geren \u015eendir, AA&#8217;n\u0131n payla\u015ft\u0131\u011f\u0131 foto\u011fraflar\u0131 takip etti\u011fini dile getirdi.<\/p>\n<div>\n<div><img decoding=\"async\" src=\"https:\/\/kamucalisani.net\/wp-content\/uploads\/2026\/02\/milliyet-gazetesi-genel-yayin-yonetmeni-ozay-sendir-yilin-kareleri-oylamasina-katildi-0-CvTEHTUi.jpg\"\/><\/img><\/div>\n<\/div>\n<p>\u015eendir, AA muhabirlerinin Gazze&#8217;ye y\u00f6nelik soyk\u0131r\u0131ma tan\u0131kl\u0131k ederken m\u00fcthi\u015f i\u015fler yapt\u0131\u011f\u0131n\u0131 kaydederek, &#8220;Havadaki 2 bombay\u0131 \u00e7eken kareyi de hat\u0131rl\u0131yorum. Dolay\u0131s\u0131yla da AA d\u00fcnyan\u0131n en b\u00fcy\u00fck medya kurulu\u015flar\u0131n\u0131n referans ald\u0131\u011f\u0131, foto\u011fraflar\u0131n\u0131 kulland\u0131\u011f\u0131 bir yer oldu. Herkesi kutlamak laz\u0131m.&#8221; diye konu\u015ftu.<\/p>\n<p>&#8220;Gazze: A\u00e7l\u0131k&#8221; kategorisinde Ahmed Jihad Ibrahim Al-arini&#8217;nin karesini \u00f6zellikle se\u00e7ti\u011fini vurgulayan \u015eendir, \u015funlar\u0131 kaydetti:<\/p>\n<p>&#8220;Bunun birka\u00e7 tane sebebi var. Biz, burada \u00e7ocuklar\u0131m\u0131za bezin yan\u0131na bir \u015fey olmas\u0131n diye pi\u015fik kremi s\u00fcreriz. Burada \u00e7ocu\u011fun bezi yok, bir \u00e7\u00f6p po\u015feti var. \u0130kincisi, bir anne \u00e7ocu\u011funu kuca\u011f\u0131na ald\u0131\u011f\u0131nda normalde mutludur. Burada annenin y\u00fcz\u00fcnde sadece kuca\u011f\u0131nda art\u0131k sona yakla\u015ft\u0131\u011f\u0131 \u00e7ok belli olan bir bebe\u011fin ac\u0131s\u0131 var. Bir bebe\u011fin kemiklerini say\u0131yor olabilmek, o herkesin ay\u0131b\u0131&#8230; En ba\u015fta Netanyahu olmak \u00fczere, bu modern dedi\u011fimiz d\u00fcnyan\u0131n da ay\u0131b\u0131. Dolay\u0131s\u0131yla da evet, tencere uzatan \u00e7ocuklar, a\u00e7l\u0131k s\u0131ras\u0131nda \u00f6len ya\u015fl\u0131 adam vesaire, \u015fu soyk\u0131r\u0131m boyunca a\u00e7l\u0131\u011f\u0131 anlatan \u00e7ok fazla foto\u011fraf g\u00f6rd\u00fck. Bu ise \u00e7ok tokat gibi bir kare. Hakikaten insan\u0131n surat\u0131na vuruyor.&#8221;<\/p>\n<div>\n<div><img decoding=\"async\" src=\"https:\/\/kamucalisani.net\/wp-content\/uploads\/2026\/02\/milliyet-gazetesi-genel-yayin-yonetmeni-ozay-sendir-yilin-kareleri-oylamasina-katildi-1-P4HGkkZh.jpg\"\/><\/img><\/div>\n<\/div>\n<p><\/p>\n<p>Kaynak :\u00a0<span style=\"background-color: rgb(255, 249, 236); color: rgb(55, 58, 60); font-size: 14px;\">http:\/\/www.milliyet.com.tr\/gundem\/milliyet-gazetesi-genel-yayin-yonetmeni-ozay-sendir-yilin-kareleri-oylamasina-katildi-7535158<\/span><\/p>\n","protected":false},"excerpt":{"rendered":"<p>Milliyet Gazetesi Genel Yay\u0131n Y\u00f6netmeni \u00d6zay \u015eendir, Anadolu Ajans\u0131&#8217;n\u0131n g\u00f6z\u00fcnden 2025 y\u0131l\u0131na damga vuran olaylara ait foto\u011fraflar\u0131n yer ald\u0131\u011f\u0131 &#8220;Y\u0131l\u0131n Kareleri&#8221; oylamas\u0131na kat\u0131ld\u0131.<\/p>\n","protected":false},"author":1,"featured_media":179114,"comment_status":"open","ping_status":"open","sticky":false,"template":"","format":"standard","meta":{"footnotes":""},"categories":[3],"tags":[11395,489],"class_list":["post-179113","post","type-post","status-publish","format-standard","has-post-thumbnail","hentry","category-guncel","tag-foto","tag-kategorisinde"],"_links":{"self":[{"href":"https:\/\/kamucalisani.net\/index.php\/wp-json\/wp\/v2\/posts\/179113","targetHints":{"allow":["GET"]}}],"collection":[{"href":"https:\/\/kamucalisani.net\/index.php\/wp-json\/wp\/v2\/posts"}],"about":[{"href":"https:\/\/kamucalisani.net\/index.php\/wp-json\/wp\/v2\/types\/post"}],"author":[{"embeddable":true,"href":"https:\/\/kamucalisani.net\/index.php\/wp-json\/wp\/v2\/users\/1"}],"replies":[{"embeddable":true,"href":"https:\/\/kamucalisani.net\/index.php\/wp-json\/wp\/v2\/comments?post=179113"}],"version-history":[{"count":1,"href":"https:\/\/kamucalisani.net\/index.php\/wp-json\/wp\/v2\/posts\/179113\/revisions"}],"predecessor-version":[{"id":179117,"href":"https:\/\/kamucalisani.net\/index.php\/wp-json\/wp\/v2\/posts\/179113\/revisions\/179117"}],"wp:featuredmedia":[{"embeddable":true,"href":"https:\/\/kamucalisani.net\/index.php\/wp-json\/wp\/v2\/media\/179114"}],"wp:attachment":[{"href":"https:\/\/kamucalisani.net\/index.php\/wp-json\/wp\/v2\/media?parent=179113"}],"wp:term":[{"taxonomy":"category","embeddable":true,"href":"https:\/\/kamucalisani.net\/index.php\/wp-json\/wp\/v2\/categories?post=179113"},{"taxonomy":"post_tag","embeddable":true,"href":"https:\/\/kamucalisani.net\/index.php\/wp-json\/wp\/v2\/tags?post=179113"}],"curies":[{"name":"wp","href":"https:\/\/api.w.org\/{rel}","templated":true}]}}