{"id":179244,"date":"2026-02-09T14:36:11","date_gmt":"2026-02-09T14:36:11","guid":{"rendered":"https:\/\/kamucalisani.net\/?p=179244"},"modified":"2026-02-09T14:36:11","modified_gmt":"2026-02-09T14:36:11","slug":"son-dakika-ak-parti-sozcusu-omer-celikten-aciklamalar-3","status":"publish","type":"post","link":"https:\/\/kamucalisani.net\/index.php\/2026\/02\/09\/son-dakika-ak-parti-sozcusu-omer-celikten-aciklamalar-3\/","title":{"rendered":"Son dakika&#8230; AK Parti S\u00f6zc\u00fcs\u00fc \u00d6mer \u00c7elik&#8217;ten a\u00e7\u0131klamalar"},"content":{"rendered":"<p><p>\u0130\u015fte AK Parti S\u00f6zc\u00fcs\u00fc \u00c7elik&#8217;in a\u00e7\u0131klamalar\u0131ndan sat\u0131r ba\u015flar\u0131;\u00a0Deprem b\u00f6lgesi k\u0131sa bir s\u00fcre i\u00e7erisinde toparland\u0131. Milletimizin, bir kez daha \u00e7e\u015fitli felaketlerle kar\u015f\u0131 kar\u015f\u0131ya kalsa da asla t\u00f6kezlemeyece\u011fi, devletimizin asla yenilmeyece\u011fi bir kez daha g\u00f6sterilmi\u015f oldu. Elbette o hat\u0131ralar\u0131 unutmuyoruz. O b\u00fcy\u00fck ac\u0131n\u0131n ard\u0131ndan tek tek vatanda\u015flar\u0131m\u0131za ula\u015fmak i\u00e7in devlet ve h\u00fck\u00fcmet ilk andan itibaren yo\u011fun bir faaliyet y\u00fcr\u00fctt\u00fc. Ayn\u0131 \u015fekilde T\u00fcrk Silahl\u0131 Kuvvetleri de ilk andan itibaren yo\u011fun bir \u00e7abayla oradaki canlar\u0131m\u0131za ula\u015fmaya \u00e7al\u0131\u015ft\u0131. Havaalanlar\u0131n\u0131n hasar g\u00f6rd\u00fc\u011f\u00fc, k\u00f6y yollar\u0131n\u0131n kapand\u0131\u011f\u0131 bir ortamda son derece zorlu bir m\u00fccadele verildi ve \u00e7ok b\u00fcy\u00fck harcamalar yap\u0131ld\u0131. Ayn\u0131 \u015fekilde sivil toplum kurulu\u015flar\u0131 da tek tek b\u00f6lgeye gitti. Bir kez daha g\u00f6r\u00fcld\u00fc ki bir oldu\u011fumuzda, birbirimizi hi\u00e7bir zaman ve hi\u00e7bir yerde terk etmeyiz. Her t\u00fcrl\u00fc ayr\u0131l\u0131\u011f\u0131 ve gayr\u0131l\u0131\u011f\u0131 bir kenara b\u0131rak\u0131r, bu b\u00fct\u00fcnle\u015fmeyi sa\u011flar\u0131z. O g\u00fcn oldu\u011fu gibi bug\u00fcn de bu zorlu m\u00fccadele en g\u00fc\u00e7l\u00fc \u015fekilde verildi ve b\u00fcy\u00fck oranda ba\u015far\u0131ya ula\u015f\u0131lm\u0131\u015f oldu.\u00a0<\/p>\n<p><strong>&#8220;CHP Z\u0130HN\u0130YET\u0130 ENKAZ ALTINDA KALDI&#8221;<\/strong><\/p>\n<p>Cumhurba\u015fkan\u0131m\u0131z ilk andan itibaren o g\u00fcn\u00fcn ard\u0131ndan her toplant\u0131m\u0131zda bu konuyu g\u00fcndeminde tuttu ve en yak\u0131n \u015fekilde takip etti. \u00c7evre ve \u015eehircilik Bakan\u0131m\u0131z Murat Bey mesaisinin b\u00fcy\u00fck bir k\u0131sm\u0131n\u0131 b\u00f6lgede ge\u00e7irdi ve b\u00fcy\u00fck bir gayretle \u00e7al\u0131\u015ft\u0131. B\u00fct\u00fcn ekiplerimiz, b\u00fct\u00fcn i\u015f\u00e7ilerimiz ve b\u00fct\u00fcn karde\u015flerimizin eme\u011fiyle bug\u00fcn bu sonuca ula\u015f\u0131lm\u0131\u015f oldu. \u0130n\u015fallah daha ileri safhalara da gelece\u011fiz.<\/p>\n<p>Tabii o zaman\u0131 hat\u0131rlay\u0131n, bir yandan felaketle u\u011fra\u015f\u0131rken bir yandan da dezenformasyonla ve yalanlarla m\u00fccadele ediyorduk. Maalesef \u00e7ok ucuz ve \u00fcz\u00fcc\u00fc h\u0131rs\u0131zl\u0131k ile ya\u011fma olaylar\u0131 ya\u015fand\u0131. B\u00fct\u00fcn bunlarla hep beraber m\u00fccadele edildi ve b\u00fct\u00fcn d\u00fcnyan\u0131n g\u00f6z\u00fc \u00f6n\u00fcnde bu m\u00fccadele ba\u015far\u0131yla verildi. Bu y\u0131l d\u00f6n\u00fcm\u00fcnde en \u00fcz\u00fcc\u00fc olaylardan biri ise CHP Genel Ba\u015fkan\u0131 Say\u0131n \u00d6zg\u00fcr \u00d6zel\u2019in kulland\u0131\u011f\u0131 \u00fcslup ve s\u00f6yledi\u011fi s\u00f6zlerdi. Burada yap\u0131lanlar\u0131 g\u00f6lgelemeye ve lekelemeye \u00e7al\u0131\u015fan bir \u00fcslup i\u00e7erisinde, kendilerine ait belediyelerin katk\u0131lar\u0131n\u0131 anlatmaya \u00e7al\u0131\u015f\u0131rken asl\u0131nda bunlar\u0131n bir\u00e7o\u011funun katk\u0131 olmad\u0131\u011f\u0131n\u0131 itiraf eden s\u00f6zler ortaya koydu. Oysa T\u00fcrkiye Cumhuriyeti Devleti merkezi y\u00f6netimiyle, belediyeleriyle bir b\u00fct\u00fcnd\u00fcr ve bununla ilgili bir ayr\u0131m s\u00f6z konusu de\u011fildir. Hangi sivil toplum \u00f6rg\u00fct\u00fc olursa olsun, hangi partiden belediye olursa olsun, hangi kurum ya da hangi vatanda\u015f\u0131m\u0131z olursa olsun bu ko\u015fturmas\u0131 ve i\u015ftenli\u011fi her zaman takdiri, sayg\u0131y\u0131 ve te\u015fekk\u00fcr\u00fc hak eder. Ancak Say\u0131n \u00d6zg\u00fcr \u00d6zel\u2019in \u00fcslubuna, burada yapt\u0131\u011f\u0131 konu\u015fmalara ve hakikatleri g\u00f6rmezden gelme gayretine hep \u015fahit olduk.\u00a0Orada CHP y\u00f6netiminin s\u00f6ylemi ve zihniyeti bu y\u0131l d\u00f6n\u00fcm\u00fcnde bir kez daha enkaz alt\u0131nda kald\u0131. Bu \u00fcz\u00fcc\u00fcyd\u00fc. Ama bunlar\u0131n bir \u00f6nemi yok. \u00c7al\u0131\u015fmaya devam edece\u011fiz. Gayret etmeye devam edece\u011fiz. Yaralar\u0131 sarmaya devam edece\u011fiz. Dezenformasyonla da m\u00fccadele edece\u011fiz. Di\u011fer konularla da m\u00fccadele edece\u011fiz.\u00a0<\/p>\n<p>\u00a0<\/p>\n<p><strong>&#8220;YO\u011eUN B\u0130R RAMAZAN FAAL\u0130YET\u0130 Y\u00dcR\u00dcTECE\u011e\u0130Z&#8221; <\/strong><\/p>\n<p>Ramazan ay\u0131 geliyor. B\u00fct\u00fcn vatanda\u015flar\u0131m\u0131z\u0131n Ramazan ay\u0131n\u0131 \u015fimdiden tebrik ediyoruz. Allah hay\u0131rl\u0131 bir Ramazan ge\u00e7irmeyi iftar\u0131yla, orucuyla, sahuruyla nasip etsin. Bunun yan\u0131 s\u0131ra hem vatanda\u015flar\u0131m\u0131zla te\u015fkilat olarak hem milletvekillerimizle hem de MKYK \u00fcyelerimizle bulu\u015faca\u011f\u0131z. Bakanlar\u0131m\u0131zla birlikte sahada olaca\u011f\u0131z. Yo\u011fun bir Ramazan faaliyeti y\u00fcr\u00fctece\u011fiz. Bununla ilgili olarak Te\u015fkilat Ba\u015fkan\u0131m\u0131z Ahmet B\u00fcy\u00fckg\u00fcm\u00fc\u015f yap\u0131lacak faaliyetlere ili\u015fkin bug\u00fcn bir sunum yapt\u0131. Sunumu merkezimizden onay ald\u0131. Bu faaliyetler Ramazan ay\u0131 boyunca g\u00fc\u00e7l\u00fc bir \u015fekilde y\u00fcr\u00fct\u00fclecek. Ramazan ay\u0131 boyunca Suriye\u2019deki karde\u015flerimizin hi\u00e7birini de yaln\u0131z b\u0131rakmayaca\u011f\u0131z ve buna d\u00f6n\u00fck haz\u0131rl\u0131klar\u0131m\u0131z\u0131 s\u00fcrd\u00fcr\u00fcyoruz. <\/p>\n<p><strong>&#8220;D\u00dcNYANIN PAR\u00c7ALANDI\u011eI B\u0130R D\u00d6NEMDEY\u0130Z&#8221;<\/strong><\/p>\n<p>D\u00fcnyan\u0131n par\u00e7aland\u0131\u011f\u0131, kurumlar\u0131n y\u0131prand\u0131\u011f\u0131, kurumlar\u0131n da\u011f\u0131ld\u0131\u011f\u0131, temel ilkelerin a\u015f\u0131nd\u0131\u011f\u0131 bir d\u00f6nemden ge\u00e7iyoruz. Ge\u00e7en bas\u0131n toplant\u0131m\u0131zda da ifade etmi\u015ftim. Bunun en b\u00fcy\u00fck \u00f6rneklerinden biri, d\u00fcnya d\u00fczeninin ve d\u00fcnyadaki neoliberal h\u00e2kimiyetin temel ideolojisinin peki\u015ftirilmesine d\u00f6n\u00fck olarak kullan\u0131lan zeminlerden biri olan Davos\u2019ta ortaya \u00e7\u0131kan tablonun b\u00fcy\u00fck ele\u015ftirilerin oda\u011f\u0131 h\u00e2line gelmesiydi. Genelde Davos\u2019ta yeni d\u00fcnya d\u00fczeninin \u00f6n\u00fcm\u00fczdeki d\u00f6nemde nas\u0131l olaca\u011f\u0131 ve neoliberal d\u00fczenin kendi hayatiyetini nas\u0131l s\u00fcrd\u00fcrece\u011fine dair arg\u00fcmanlar, s\u00f6ylevler, oturumlar ve konferanslar g\u00fcndeme gelirken k\u00fcresel g\u00fcney olarak adland\u0131r\u0131lan \u00fclkelerde ele\u015ftiriler dile getirilir. \u0130lk defa bu sene Davos\u2019ta neoliberal d\u00fczenin elitleri bu d\u00fczenin art\u0131k i\u015flemedi\u011fini ve yanl\u0131\u015f gitti\u011fini itiraf eden s\u00f6ylemlerde, a\u00e7\u0131klamalarda ve analizlerde bulundular. Bunlar\u0131n baz\u0131lar\u0131 \u00f6rt\u00fcl\u00fc, baz\u0131lar\u0131 ise a\u00e7\u0131k \u015fekilde tart\u0131\u015fmalara yol a\u00e7t\u0131. Hatta baz\u0131 diplomatik krizlerin de sebebi oldu. Dolay\u0131s\u0131yla belirsizlik \u00e7a\u011f\u0131 herkes taraf\u0131ndan tescil edilmi\u015f oldu. D\u00fczenin bilinen sorunlar\u0131n\u0131n bir \u015fekilde y\u00f6netildi\u011fi ya da tolere edildi\u011fi ifade edilirken art\u0131k tolere edilemez bir h\u00e2le geldi\u011fi de g\u00f6r\u00fclm\u00fc\u015f oldu.<\/p>\n\n<p><\/p>\n<p>Kaynak :\u00a0<span style=\"background-color: rgb(255, 249, 236); color: rgb(55, 58, 60); font-size: 14px;\">http:\/\/www.milliyet.com.tr\/gundem\/son-dakika-ak-parti-sozcusu-omer-celikten-aciklamalar-7535331<\/span><\/p>\n","protected":false},"excerpt":{"rendered":"<p>AK Parti Merkez Y\u00fcr\u00fctme Kurulu (MYK), Cumhurba\u015fkan\u0131 ve AK Parti Genel Ba\u015fkan\u0131 Recep Tayyip Erdo\u011fan ba\u015fkanl\u0131\u011f\u0131nda topland\u0131. Bas\u0131na kapal\u0131 ger\u00e7ekle\u015fen toplant\u0131n\u0131n ard\u0131ndan, AK Parti Genel Ba\u015fkan Yard\u0131mc\u0131s\u0131 ve Parti S\u00f6zc\u00fcs\u00fc \u00d6mer \u00c7elik, a\u00e7\u0131klamalarda bulunuyor.<\/p>\n","protected":false},"author":1,"featured_media":179245,"comment_status":"open","ping_status":"open","sticky":false,"template":"","format":"standard","meta":{"footnotes":""},"categories":[3],"tags":[1424,152,11612,526,7147],"class_list":["post-179244","post","type-post","status-publish","format-standard","has-post-thumbnail","hentry","category-guncel","tag-butun","tag-dunya","tag-duzenin","tag-mucadele","tag-ramazan"],"_links":{"self":[{"href":"https:\/\/kamucalisani.net\/index.php\/wp-json\/wp\/v2\/posts\/179244","targetHints":{"allow":["GET"]}}],"collection":[{"href":"https:\/\/kamucalisani.net\/index.php\/wp-json\/wp\/v2\/posts"}],"about":[{"href":"https:\/\/kamucalisani.net\/index.php\/wp-json\/wp\/v2\/types\/post"}],"author":[{"embeddable":true,"href":"https:\/\/kamucalisani.net\/index.php\/wp-json\/wp\/v2\/users\/1"}],"replies":[{"embeddable":true,"href":"https:\/\/kamucalisani.net\/index.php\/wp-json\/wp\/v2\/comments?post=179244"}],"version-history":[{"count":1,"href":"https:\/\/kamucalisani.net\/index.php\/wp-json\/wp\/v2\/posts\/179244\/revisions"}],"predecessor-version":[{"id":179246,"href":"https:\/\/kamucalisani.net\/index.php\/wp-json\/wp\/v2\/posts\/179244\/revisions\/179246"}],"wp:featuredmedia":[{"embeddable":true,"href":"https:\/\/kamucalisani.net\/index.php\/wp-json\/wp\/v2\/media\/179245"}],"wp:attachment":[{"href":"https:\/\/kamucalisani.net\/index.php\/wp-json\/wp\/v2\/media?parent=179244"}],"wp:term":[{"taxonomy":"category","embeddable":true,"href":"https:\/\/kamucalisani.net\/index.php\/wp-json\/wp\/v2\/categories?post=179244"},{"taxonomy":"post_tag","embeddable":true,"href":"https:\/\/kamucalisani.net\/index.php\/wp-json\/wp\/v2\/tags?post=179244"}],"curies":[{"name":"wp","href":"https:\/\/api.w.org\/{rel}","templated":true}]}}