{"id":179368,"date":"2026-02-09T17:48:10","date_gmt":"2026-02-09T17:48:10","guid":{"rendered":"https:\/\/kamucalisani.net\/?p=179368"},"modified":"2026-02-09T17:48:10","modified_gmt":"2026-02-09T17:48:10","slug":"kante-ilk-kez-sahne-aliyor-taraftardan-yogun-ilgi","status":"publish","type":"post","link":"https:\/\/kamucalisani.net\/index.php\/2026\/02\/09\/kante-ilk-kez-sahne-aliyor-taraftardan-yogun-ilgi\/","title":{"rendered":"Kante ilk kez sahne al\u0131yor! Taraftardan yo\u011fun ilgi"},"content":{"rendered":"<p><p>Trendyol S\u00fcper Lig&#8217;in 21. haftas\u0131nda Fenerbah\u00e7e sahas\u0131nda Gen\u00e7lerbirli\u011fi ile kar\u015f\u0131 kar\u015f\u0131ya geldi.<\/p>\n<p><strong>KANTE \u0130LK KEZ 11&#8217;DE<\/strong><\/p>\n<p>Sar\u0131-lacivertlilerin k\u0131\u015f transfer d\u00f6neminde kadrosuna katt\u0131\u011f\u0131 Frans\u0131z y\u0131ld\u0131z oyuncu N&#8217;Golo Kante m\u00fccadeleye ilk 11&#8217;de ba\u015flad\u0131.<\/p>\n<p>Fenerbah\u00e7eden NGolo Kante karar\u0131 Ma\u00e7 \u00f6ncesi taraftardan sevgi seli<\/p>\n<p>Kar\u015f\u0131la\u015fma \u00f6ncesinde Fenerbah\u00e7eli taraftarlar, N&#8217;Golo Kante&#8217;ye yo\u011fun ilgi g\u00f6sterdi. Frans\u0131z y\u0131ld\u0131z 4 trib\u00fcne de gidip taraftar\u0131 selamlad\u0131. \u0130\u015fte o g\u00f6r\u00fcnt\u00fcler:<\/p>\n<div>\n<div><img decoding=\"async\" src=\"https:\/\/kamucalisani.net\/wp-content\/uploads\/2026\/02\/kante-ilk-kez-sahne-aliyor-taraftardan-yogun-ilgi-0-gMTV3vnw.jpg\"\/><\/img><\/div>\n<\/div>\n<p><strong>&#8220;\u00c7OK ODAKLANMI\u015e G\u00d6RD\u00dcM&#8221;<\/strong><\/p>\n<p>Kar\u015f\u0131la\u015fma \u00f6ncesinde konu\u015fan Fenerbah\u00e7e teknik direkt\u00f6r\u00fc Domenico Tedesco&#8217;da, Kante i\u00e7in \u015fu ifadeleri sarf etti:<\/p>\n<p>&#8220;\u00c7ok a\u00e7\u0131k birisi. Oda\u011f\u0131 \u00e7ok y\u00fcksek. Hem d\u00fcn hem de bug\u00fcn kendisini \u00e7ok odaklanm\u0131\u015f g\u00f6rd\u00fcm. En b\u00fcy\u00fck g\u00fc\u00e7lerinden birisi. \u0130ki antrenman yapma imkan\u0131m\u0131z oldu kendisiyle. \u0130lk izlenimlerimiz \u00e7ok iyi. \u00c7ok iyi birisi. Onun tak\u0131mda olmas\u0131ndan mutluyuz.&#8221;<\/p>\n<p>\u00a0<\/p>\n\n<p><\/p>\n<p>Kaynak :\u00a0<span style=\"background-color: rgb(255, 249, 236); color: rgb(55, 58, 60); font-size: 14px;\">http:\/\/www.milliyet.com.tr\/skorer\/kante-ilk-kez-sahne-aliyor-taraftardan-yogun-ilgi-7535442<\/span><\/p>\n","protected":false},"excerpt":{"rendered":"<p>Fenerbah\u00e7e\u2019nin yeni transferi N\u2019Golo Kante, Gen\u00e7lerbirli\u011fi ma\u00e7\u0131yla ilk kez sar\u0131-lacivertli formayla 11\u2019de sahaya \u00e7\u0131kt\u0131. Frans\u0131z y\u0131ld\u0131z, ma\u00e7 \u00f6ncesi taraftar\u0131n sevgi seliyle kar\u015f\u0131lan\u0131rken Tedesco\u2019dan da \u00f6vg\u00fc ald\u0131.<\/p>\n","protected":false},"author":1,"featured_media":179369,"comment_status":"open","ping_status":"open","sticky":false,"template":"","format":"standard","meta":{"footnotes":""},"categories":[7],"tags":[11090],"class_list":["post-179368","post","type-post","status-publish","format-standard","has-post-thumbnail","hentry","category-spor","tag-kante"],"_links":{"self":[{"href":"https:\/\/kamucalisani.net\/index.php\/wp-json\/wp\/v2\/posts\/179368","targetHints":{"allow":["GET"]}}],"collection":[{"href":"https:\/\/kamucalisani.net\/index.php\/wp-json\/wp\/v2\/posts"}],"about":[{"href":"https:\/\/kamucalisani.net\/index.php\/wp-json\/wp\/v2\/types\/post"}],"author":[{"embeddable":true,"href":"https:\/\/kamucalisani.net\/index.php\/wp-json\/wp\/v2\/users\/1"}],"replies":[{"embeddable":true,"href":"https:\/\/kamucalisani.net\/index.php\/wp-json\/wp\/v2\/comments?post=179368"}],"version-history":[{"count":1,"href":"https:\/\/kamucalisani.net\/index.php\/wp-json\/wp\/v2\/posts\/179368\/revisions"}],"predecessor-version":[{"id":179371,"href":"https:\/\/kamucalisani.net\/index.php\/wp-json\/wp\/v2\/posts\/179368\/revisions\/179371"}],"wp:featuredmedia":[{"embeddable":true,"href":"https:\/\/kamucalisani.net\/index.php\/wp-json\/wp\/v2\/media\/179369"}],"wp:attachment":[{"href":"https:\/\/kamucalisani.net\/index.php\/wp-json\/wp\/v2\/media?parent=179368"}],"wp:term":[{"taxonomy":"category","embeddable":true,"href":"https:\/\/kamucalisani.net\/index.php\/wp-json\/wp\/v2\/categories?post=179368"},{"taxonomy":"post_tag","embeddable":true,"href":"https:\/\/kamucalisani.net\/index.php\/wp-json\/wp\/v2\/tags?post=179368"}],"curies":[{"name":"wp","href":"https:\/\/api.w.org\/{rel}","templated":true}]}}