{"id":179696,"date":"2026-02-10T09:00:13","date_gmt":"2026-02-10T09:00:13","guid":{"rendered":"https:\/\/kamucalisani.net\/?p=179696"},"modified":"2026-02-10T09:00:13","modified_gmt":"2026-02-10T09:00:13","slug":"kiz-kardesinin-dedikodusunu-yaptigi-iddiasiyla-4-kisiyi-vurmustu-ifadesi-ortaya-cikti","status":"publish","type":"post","link":"https:\/\/kamucalisani.net\/index.php\/2026\/02\/10\/kiz-kardesinin-dedikodusunu-yaptigi-iddiasiyla-4-kisiyi-vurmustu-ifadesi-ortaya-cikti\/","title":{"rendered":"K\u0131z karde\u015finin dedikodusunu yapt\u0131\u011f\u0131 iddias\u0131yla 4 ki\u015fiyi vurmu\u015ftu: \u0130fadesi ortaya \u00e7\u0131kt\u0131"},"content":{"rendered":"<p><p>Adana&#8217;da k\u0131z karde\u015fi hakk\u0131nda dedikodu yap\u0131ld\u0131\u011f\u0131n\u0131 \u00f6ne s\u00fcr\u00fcp, eski i\u015f yerini basan ve tart\u0131\u015ft\u0131\u011f\u0131 4 ki\u015fiyi tabanca ile vurarak yaralayan \u00dcmran Alan (26), tutukland\u0131.<\/p>\n<p><strong>KIZ KARDE\u015e\u0130 HAKKINDAK\u0130 DED\u0130KODU \u0130DD\u0130ASI KANLI B\u0130TT\u0130 <\/strong><\/p>\n<p>Olay, 7 \u015eubat&#8217;ta Y\u00fcre\u011fir il\u00e7esi Cumhuriyet Mahallesi S\u00fcleyman Vahit Caddesi\u2019ndeki bir tekstil at\u00f6lyesinde meydana geldi. \u00c7al\u0131\u015ft\u0131\u011f\u0131 tekstil at\u00f6lyesinden k\u0131z karde\u015fi hakk\u0131nda \u00e7\u0131kan dedikodular nedeniyle ayr\u0131ld\u0131\u011f\u0131 \u00f6ne s\u00fcr\u00fclen \u00dcmran Alan, iddiaya g\u00f6re dedikodular devam edince yan\u0131na ald\u0131\u011f\u0131 tabancayla eski i\u015f yerine gitti.<\/p>\n<div>\n<div><img decoding=\"async\" src=\"https:\/\/kamucalisani.net\/wp-content\/uploads\/2026\/02\/kiz-kardesinin-dedikodusunu-yaptigi-iddiasiyla-4-kisiyi-vurmustu-ifadesi-ortaya-cikti-0-U8vlEEf1.jpg\"\/><\/img><\/div>\n<\/div>\n<p>K\u0131z karde\u015fi hakk\u0131nda dedikodu yapt\u0131\u011f\u0131n\u0131 ileri s\u00fcrd\u00fc\u011f\u00fc eski i\u015f arkada\u015flar\u0131 ile tart\u0131\u015fan Alan, belinden \u00e7\u0131kard\u0131\u011f\u0131 tabancayla ate\u015f a\u00e7t\u0131. Tabancadan \u00e7\u0131kan kur\u015funlar Adile \u00c7.&#8217;nin kula\u011f\u0131na, Enver G.&#8217;nin g\u00f6\u011fs\u00fcne, Adem \u015e.&#8217;nin baca\u011f\u0131na ve Murat C.&#8217;nin karn\u0131na isabet etti. \u0130hbarla olay yerine polis ve sa\u011fl\u0131k ekipleri sevk edildi. Yaral\u0131lar, hastaneye kald\u0131r\u0131larak, tedaviye al\u0131nd\u0131.<\/p>\n<div>\n<div><img decoding=\"async\" src=\"https:\/\/kamucalisani.net\/wp-content\/uploads\/2026\/02\/kiz-kardesinin-dedikodusunu-yaptigi-iddiasiyla-4-kisiyi-vurmustu-ifadesi-ortaya-cikti-1-3ZXNyvSY.jpg\"\/><\/img><\/div>\n<\/div>\n<p><strong>\u00c7ATIDA POL\u0130SE D\u0130REND\u0130<\/strong><\/p>\n<p>Olay yerine gelen polisi fark eden \u00dcmran Alan, teslim olmayarak i\u015f yerinin \u00e7at\u0131s\u0131na \u00e7\u0131kt\u0131. Alan ekiplere direnince, olay yerine \u00f6zel harekat timleri sevk edildi. Timlerin operasyonuyla etkisiz hale getirilen \u00dcmran Alan&#8217;\u0131n \u00fczerinden 2 adet ruhsats\u0131z tabanca da \u00e7\u0131kt\u0131.<\/p>\n<div>\n<div><img decoding=\"async\" src=\"https:\/\/kamucalisani.net\/wp-content\/uploads\/2026\/02\/kiz-kardesinin-dedikodusunu-yaptigi-iddiasiyla-4-kisiyi-vurmustu-ifadesi-ortaya-cikti-2-AOOIzAAl.jpg\"\/><\/img><\/div>\n<\/div>\n<p><strong>\u0130FADES\u0130 ORTAYA \u00c7IKTI<\/strong><\/p>\n<p>G\u00f6zalt\u0131na al\u0131narak emniyete g\u00f6t\u00fcr\u00fclen \u015f\u00fcphelinin sorgusunda, &#8220;K\u0131z karde\u015fim hakk\u0131nda uygunsuz g\u00f6r\u00fcnt\u00fcleri oldu\u011funa dair dedikodular yayd\u0131klar\u0131 gerek\u00e7esiyle eski \u00e7al\u0131\u015ft\u0131\u011f\u0131m i\u015f yerine gittim. Oradakiler konu\u015fmaya devam edince sinirlendim, yan\u0131mda getirdi\u011fim silahla \u00f6n\u00fcme gelene ate\u015f ettim&#8221; dedi\u011fi belirtildi. \u00dcmran Alan, i\u015flemlerinin ard\u0131ndan sevk edildi\u011fi adliyede \u00e7\u0131kar\u0131ld\u0131\u011f\u0131 mahkemece tutukland\u0131. \u00d6te yandan hastanede tedavileri s\u00fcren yaral\u0131lar\u0131n durumunun iyi oldu\u011fu belirtildi.<\/p>\n\n<p><\/p>\n<p>Kaynak :\u00a0<span style=\"background-color: rgb(255, 249, 236); color: rgb(55, 58, 60); font-size: 14px;\">http:\/\/www.milliyet.com.tr\/gundem\/kiz-kardesinin-dedikodusunu-yaptigi-iddiasiyla-4-kisiyi-vurmustu-ifadesi-ortaya-cikti-7535708<\/span><\/p>\n","protected":false},"excerpt":{"rendered":"<p>Adana\u2019da k\u0131z karde\u015fi hakk\u0131nda dedikodu yap\u0131ld\u0131\u011f\u0131n\u0131 \u00f6ne s\u00fcrerek eski i\u015f yerini basan ve 4 ki\u015fiyi tabancayla yaralayan zanl\u0131n\u0131n emniyette verdi\u011fi ifade ortaya \u00e7\u0131kt\u0131. \u015e\u00fcphelinin, dedikodular\u0131n devam etmesi \u00fczerine sinirlenerek silahla ate\u015f a\u00e7t\u0131\u011f\u0131n\u0131 s\u00f6yledi\u011fi \u00f6\u011frenildi.<\/p>\n","protected":false},"author":1,"featured_media":179697,"comment_status":"open","ping_status":"open","sticky":false,"template":"","format":"standard","meta":{"footnotes":""},"categories":[3],"tags":[11624,473,211,4957,8330],"class_list":["post-179696","post","type-post","status-publish","format-standard","has-post-thumbnail","hentry","category-guncel","tag-dedikodu","tag-hakkinda","tag-is","tag-tabanca","tag-yerine"],"_links":{"self":[{"href":"https:\/\/kamucalisani.net\/index.php\/wp-json\/wp\/v2\/posts\/179696","targetHints":{"allow":["GET"]}}],"collection":[{"href":"https:\/\/kamucalisani.net\/index.php\/wp-json\/wp\/v2\/posts"}],"about":[{"href":"https:\/\/kamucalisani.net\/index.php\/wp-json\/wp\/v2\/types\/post"}],"author":[{"embeddable":true,"href":"https:\/\/kamucalisani.net\/index.php\/wp-json\/wp\/v2\/users\/1"}],"replies":[{"embeddable":true,"href":"https:\/\/kamucalisani.net\/index.php\/wp-json\/wp\/v2\/comments?post=179696"}],"version-history":[{"count":1,"href":"https:\/\/kamucalisani.net\/index.php\/wp-json\/wp\/v2\/posts\/179696\/revisions"}],"predecessor-version":[{"id":179701,"href":"https:\/\/kamucalisani.net\/index.php\/wp-json\/wp\/v2\/posts\/179696\/revisions\/179701"}],"wp:featuredmedia":[{"embeddable":true,"href":"https:\/\/kamucalisani.net\/index.php\/wp-json\/wp\/v2\/media\/179697"}],"wp:attachment":[{"href":"https:\/\/kamucalisani.net\/index.php\/wp-json\/wp\/v2\/media?parent=179696"}],"wp:term":[{"taxonomy":"category","embeddable":true,"href":"https:\/\/kamucalisani.net\/index.php\/wp-json\/wp\/v2\/categories?post=179696"},{"taxonomy":"post_tag","embeddable":true,"href":"https:\/\/kamucalisani.net\/index.php\/wp-json\/wp\/v2\/tags?post=179696"}],"curies":[{"name":"wp","href":"https:\/\/api.w.org\/{rel}","templated":true}]}}