{"id":180688,"date":"2026-02-11T17:54:12","date_gmt":"2026-02-11T17:54:12","guid":{"rendered":"https:\/\/kamucalisani.net\/?p=180688"},"modified":"2026-02-11T17:54:12","modified_gmt":"2026-02-11T17:54:12","slug":"fenerbahcenin-jhon-durani-transfer-hikayesini-amerikan-basini-anlatti-buyuleyici-bir-hikaye","status":"publish","type":"post","link":"https:\/\/kamucalisani.net\/index.php\/2026\/02\/11\/fenerbahcenin-jhon-durani-transfer-hikayesini-amerikan-basini-anlatti-buyuleyici-bir-hikaye\/","title":{"rendered":"Fenerbah\u00e7e&#8217;nin Jhon Duran&#8217;\u0131 transfer hikayesini Amerikan bas\u0131n\u0131 anlatt\u0131! &#8216;B\u00fcy\u00fcleyici bir hikaye&#8217;"},"content":{"rendered":"<p><p>Fenerbah\u00e7e&#8217;nin 2025-26 sezonu yaz transfer d\u00f6neminde Al-Nassr&#8217;dan kiral\u0131k olarak kadrosuna katt\u0131\u011f\u0131 Jhon Duran, sadece yar\u0131m sezonun ard\u0131ndan kul\u00fcpten ayr\u0131ld\u0131.<\/p>\n<p>Kiral\u0131k kontrat\u0131 feshedilen 22 ya\u015f\u0131ndaki futbolcu, Rusya Federasyonu ekibi Zenit St. Petersburg ile anla\u015fmaya vard\u0131.<\/p>\n<p>Son yaz\u0131s\u0131nda Jhon Duran&#8217;\u0131n gen\u00e7 ya\u015f\u0131nda ra\u011fmen \u015fimdiden 5. tak\u0131m\u0131na gitmesini ele alan The Athletic, \u00f6zel haberinde Fenerbah\u00e7e&#8217;nin Duran&#8217;\u0131 transfer s\u00fcrecine de yer verildi.<\/p>\n<p><strong>&#8216;B\u00dcY\u00dcLEY\u0130C\u0130 B\u0130R H\u0130KAYE&#8217;<\/strong><\/p>\n<p>Duran dosyas\u0131nda Fenerbah\u00e7e&#8217;ye transfer b\u00f6l\u00fcm\u00fcn\u00fc &#8220;B\u00fcy\u00fcleyici bir \u00f6yk\u00fc&#8221; c\u00fcmlesiyle a\u00e7an The Athletic, gen\u00e7 oyuncunun transferi i\u00e7in al\u0131\u015f\u0131lm\u0131\u015f\u0131n d\u0131\u015f\u0131nda \u00e7\u00f6z\u00fcmler \u00fcretildi\u011finden s\u00f6z etti.<\/p>\n<p>Fenerbah\u00e7e&#8217;nin menajer Jonathan Herrera ile birka\u00e7 kez ileti\u015fime ge\u00e7ti\u011fi, Herrera&#8217;n\u0131n birden fazla kez &#8216;Duran T\u00fcrkiye&#8217;de oynamakla ilgilenmiyor&#8217; cevab\u0131n\u0131 verdi\u011fini, ard\u0131ndan Fenerbah\u00e7e&#8217;nin Duran&#8217;\u0131n numaras\u0131na ula\u015farak kendisine Fenerbah\u00e7e&#8217;nin antrenman tesisleriyle ilgili bir video g\u00f6nderdi\u011fi belirtildi.<\/p>\n<p><strong>&#8216;YANLI\u015e B\u0130R ADIM ATARSANIZ KAR\u0130YER\u0130N\u0130Z B\u0130TER&#8217;<\/strong><\/p>\n<p>Haberde bu ad\u0131mlar\u0131n ard\u0131ndan sportif direkt\u00f6r Devin \u00d6zek&#8217;in Kolombiya&#8217;ya u\u00e7tu\u011fu ve bizzat Duran&#8217;\u0131n ya\u015fad\u0131\u011f\u0131 mahalleye gitti\u011fi, gen\u00e7 oyuncuya &#8216;\u015eimdi yanl\u0131\u015f bir ad\u0131m atarsan\u0131z, t\u00fcm kariyeriniz biter. Ama do\u011fru ad\u0131m\u0131 atarsan\u0131z, bir y\u0131l sonra bir sonraki kul\u00fcb\u00fc se\u00e7ebilirsiniz.&#8217; dedi\u011fi ifadelerine yer verildi.<\/p>\n<p>Nihayet ikna edilen Duran, eski Fenerbah\u00e7e ba\u015fkan\u0131 Ali Ko\u00e7&#8217;un tahsis etti\u011fi ve i\u00e7inde Wi-Fi bulunmayan bir \u00f6zel u\u00e7akla T\u00fcrkiye&#8217;ye geldi ve medyadan uzak tutularak bir otele getirildi. Burada 1 hafta boyunca bir s\u00fcitte kalan Kolombiyal\u0131 futbolcu, ard\u0131ndan Fenerbah\u00e7e ile anla\u015fmaya vard\u0131.<\/p>\n<p>\u00a0<\/p>\n\n<p><\/p>\n<p>Kaynak :\u00a0<span style=\"background-color: rgb(255, 249, 236); color: rgb(55, 58, 60); font-size: 14px;\">http:\/\/www.milliyet.com.tr\/skorer\/fenerbahcenin-jhon-durani-transfer-hikayesini-amerikan-basini-anlatti-buyuleyici-bir-hikaye-7536708<\/span><\/p>\n","protected":false},"excerpt":{"rendered":"<p>Amerikan bas\u0131n\u0131n\u0131n \u00f6nde gelen spor sitelerinden The Athletic, Jhon Duran&#8217;\u0131n kariyerini ele ald\u0131\u011f\u0131 son yaz\u0131s\u0131nda Fenerbah\u00e7e&#8217;ye transfer s\u00fcrecine de yer verdi.<\/p>\n","protected":false},"author":1,"featured_media":180689,"comment_status":"open","ping_status":"open","sticky":false,"template":"","format":"standard","meta":{"footnotes":""},"categories":[7],"tags":[8510,1685],"class_list":["post-180688","post","type-post","status-publish","format-standard","has-post-thumbnail","hentry","category-spor","tag-duran","tag-fenerbahcenin"],"_links":{"self":[{"href":"https:\/\/kamucalisani.net\/index.php\/wp-json\/wp\/v2\/posts\/180688","targetHints":{"allow":["GET"]}}],"collection":[{"href":"https:\/\/kamucalisani.net\/index.php\/wp-json\/wp\/v2\/posts"}],"about":[{"href":"https:\/\/kamucalisani.net\/index.php\/wp-json\/wp\/v2\/types\/post"}],"author":[{"embeddable":true,"href":"https:\/\/kamucalisani.net\/index.php\/wp-json\/wp\/v2\/users\/1"}],"replies":[{"embeddable":true,"href":"https:\/\/kamucalisani.net\/index.php\/wp-json\/wp\/v2\/comments?post=180688"}],"version-history":[{"count":1,"href":"https:\/\/kamucalisani.net\/index.php\/wp-json\/wp\/v2\/posts\/180688\/revisions"}],"predecessor-version":[{"id":180690,"href":"https:\/\/kamucalisani.net\/index.php\/wp-json\/wp\/v2\/posts\/180688\/revisions\/180690"}],"wp:featuredmedia":[{"embeddable":true,"href":"https:\/\/kamucalisani.net\/index.php\/wp-json\/wp\/v2\/media\/180689"}],"wp:attachment":[{"href":"https:\/\/kamucalisani.net\/index.php\/wp-json\/wp\/v2\/media?parent=180688"}],"wp:term":[{"taxonomy":"category","embeddable":true,"href":"https:\/\/kamucalisani.net\/index.php\/wp-json\/wp\/v2\/categories?post=180688"},{"taxonomy":"post_tag","embeddable":true,"href":"https:\/\/kamucalisani.net\/index.php\/wp-json\/wp\/v2\/tags?post=180688"}],"curies":[{"name":"wp","href":"https:\/\/api.w.org\/{rel}","templated":true}]}}