{"id":181785,"date":"2026-02-16T08:54:10","date_gmt":"2026-02-16T08:54:10","guid":{"rendered":"https:\/\/kamucalisani.net\/?p=181785"},"modified":"2026-02-16T08:54:10","modified_gmt":"2026-02-16T08:54:10","slug":"juventusta-galatasaray-korkusu-italyan-basini-duyurdu-spallettinin-uykularini-kaciran-isim-osimhen","status":"publish","type":"post","link":"https:\/\/kamucalisani.net\/index.php\/2026\/02\/16\/juventusta-galatasaray-korkusu-italyan-basini-duyurdu-spallettinin-uykularini-kaciran-isim-osimhen\/","title":{"rendered":"Juventus&#8217;ta Galatasaray korkusu! \u0130talyan bas\u0131n\u0131 duyurdu: Spalletti&#8217;nin uykular\u0131n\u0131 ka\u00e7\u0131ran isim Osimhen"},"content":{"rendered":"<p><p>UEFA \u015eampiyonlar Ligi son 16 play-off turu ilk ma\u00e7\u0131nda Galatasaray, Juventus ile kozlar\u0131n\u0131 payla\u015facak.<\/p>\n<p>Serie A&#8217;da son ma\u00e7\u0131nda Inter ile deplasmanda kar\u015f\u0131 kar\u015f\u0131ya gelen Juventus, Kalulu&#8217;nun k\u0131rm\u0131z\u0131 kart g\u00f6rd\u00fc\u011f\u00fc ma\u00e7ta rakibine 3-2 ma\u011flup oldu. Rotas\u0131n\u0131 Devler Ligi&#8217;ne \u00e7eviren Juventus&#8217;un Galatasaray ile oynayaca\u011f\u0131 m\u00fccadele ile ilgili \u0130talyan bas\u0131n\u0131nda \u00e7arp\u0131c\u0131 bir Galatasaray analizi yay\u0131nland\u0131.<\/p>\n<p><strong>&#8216;JUVENTUS&#8217;UN AZ ZAMANI VAR&#8217;<\/strong><\/p>\n<p>Tuttosport&#8217;ta yer alan haberde \u015fu ifadelere yer verildi:<\/p>\n<p>Osimhen Spalletti&#8217;yi endi\u015felendiriyor. Juventus&#8217;un Galatasaray ma\u00e7\u0131na haz\u0131rlanmak i\u00e7in \u00e7ok az zaman\u0131 var. Bu arada Galatasaray&#8217;\u0131n Juventus ma\u00e7\u0131na haz\u0131rlanmak i\u00e7in bir g\u00fcn daha zaman\u0131 var. Okan Buruk&#8217;un tak\u0131m\u0131, bu hayati \u00f6nem ta\u015f\u0131yan 24 saat sayesinde ma\u00e7a daha dinlenmi\u015f olarak \u00e7\u0131kacak.<\/p>\n<div>\n<div><img decoding=\"async\" src=\"https:\/\/kamucalisani.net\/wp-content\/uploads\/2026\/02\/juventusta-galatasaray-korkusu-italyan-basini-duyurdu-spallettinin-uykularini-kaciran-isim-osimhen-0-2GSMzfG2.jpg\"\/><\/img><\/div>\n<\/div>\n<p><strong>&#8216;SPALLETT\u0130&#8217;N\u0130N UYKULARINI KA\u00c7IRAN \u0130S\u0130M OS\u0130MHEN&#8217;<\/strong><\/p>\n<p>Son lig ma\u00e7\u0131nda hat-trick yapan Mauro Icardi, korku salan bir isim. Ancak Spalletti&#8217;nin uykular\u0131n\u0131 ka\u00e7\u0131ran as\u0131l isim Victor Osimhen.<\/p>\n<p>Nijeryal\u0131 oyuncunun bu sezonki istatistikleri dikkat \u00e7ekici: \u015eampiyonlar Ligi&#8217;nde alt\u0131 ma\u00e7ta alt\u0131 gol. Buna S\u00fcper Lig&#8217;de att\u0131\u011f\u0131 9 gol de ekleniyor.<\/p>\n<p>Galatasaray ma\u00e7\u0131nda Juventus&#8217;un se\u00e7imlerine d\u00f6nersek, Spalletti, San Siro&#8217;da Inter&#8217;e kar\u015f\u0131 sahaya \u00e7\u0131kan kadroya olduk\u00e7a sad\u0131k kalabilir. \u015eu anda rotasyon zaman\u0131 de\u011fil. \u015eampiyonlar Ligi son 16 turuna y\u00fckselmenin a\u011f\u0131rl\u0131\u011f\u0131, Spalletti&#8217;yi t\u00fcm pozisyonlarda kendi fikirlerine sad\u0131k kalmaya itiyor.<\/p>\n\n<p><\/p>\n<p>Kaynak :\u00a0<span style=\"background-color: rgb(255, 249, 236); color: rgb(55, 58, 60); font-size: 14px;\">http:\/\/www.milliyet.com.tr\/skorer\/juventusta-galatasaray-korkusu-italyan-basini-duyurdu-spallettinin-uykularini-kaciran-isim-osimhen-7539130<\/span><\/p>\n","protected":false},"excerpt":{"rendered":"<p>Galatasaray, UEFA \u015eampiyonlar Ligi son 16 play-off turu ilk ma\u00e7\u0131nda Juventus&#8217;u konuk edecek. Dev ma\u00e7 \u00f6ncesi \u0130talyan bas\u0131n\u0131nda \u00e7arp\u0131c\u0131 bir analiz g\u00fcndeme geldi.<\/p>\n","protected":false},"author":1,"featured_media":181786,"comment_status":"open","ping_status":"open","sticky":false,"template":"","format":"standard","meta":{"footnotes":""},"categories":[7],"tags":[257,1631,292],"class_list":["post-181785","post","type-post","status-publish","format-standard","has-post-thumbnail","hentry","category-spor","tag-galatasaray","tag-juventus","tag-lig"],"_links":{"self":[{"href":"https:\/\/kamucalisani.net\/index.php\/wp-json\/wp\/v2\/posts\/181785","targetHints":{"allow":["GET"]}}],"collection":[{"href":"https:\/\/kamucalisani.net\/index.php\/wp-json\/wp\/v2\/posts"}],"about":[{"href":"https:\/\/kamucalisani.net\/index.php\/wp-json\/wp\/v2\/types\/post"}],"author":[{"embeddable":true,"href":"https:\/\/kamucalisani.net\/index.php\/wp-json\/wp\/v2\/users\/1"}],"replies":[{"embeddable":true,"href":"https:\/\/kamucalisani.net\/index.php\/wp-json\/wp\/v2\/comments?post=181785"}],"version-history":[{"count":1,"href":"https:\/\/kamucalisani.net\/index.php\/wp-json\/wp\/v2\/posts\/181785\/revisions"}],"predecessor-version":[{"id":181788,"href":"https:\/\/kamucalisani.net\/index.php\/wp-json\/wp\/v2\/posts\/181785\/revisions\/181788"}],"wp:featuredmedia":[{"embeddable":true,"href":"https:\/\/kamucalisani.net\/index.php\/wp-json\/wp\/v2\/media\/181786"}],"wp:attachment":[{"href":"https:\/\/kamucalisani.net\/index.php\/wp-json\/wp\/v2\/media?parent=181785"}],"wp:term":[{"taxonomy":"category","embeddable":true,"href":"https:\/\/kamucalisani.net\/index.php\/wp-json\/wp\/v2\/categories?post=181785"},{"taxonomy":"post_tag","embeddable":true,"href":"https:\/\/kamucalisani.net\/index.php\/wp-json\/wp\/v2\/tags?post=181785"}],"curies":[{"name":"wp","href":"https:\/\/api.w.org\/{rel}","templated":true}]}}