{"id":181899,"date":"2026-02-16T11:54:13","date_gmt":"2026-02-16T11:54:13","guid":{"rendered":"https:\/\/kamucalisani.net\/?p=181899"},"modified":"2026-02-16T11:54:13","modified_gmt":"2026-02-16T11:54:13","slug":"tbf-baskani-hidayet-turkoglu-hedefimiz-2027-dunya-sampiyonasina-katilmak","status":"publish","type":"post","link":"https:\/\/kamucalisani.net\/index.php\/2026\/02\/16\/tbf-baskani-hidayet-turkoglu-hedefimiz-2027-dunya-sampiyonasina-katilmak\/","title":{"rendered":"TBF Ba\u015fkan\u0131 Hidayet T\u00fcrko\u011flu: Hedefimiz 2027 D\u00fcnya \u015eampiyonas\u0131\u2019na kat\u0131lmak"},"content":{"rendered":"<p><p>T\u00fcrkiye Basketbol Federasyonu ile T\u00fcrkiye Sigorta aras\u0131nda Milli Tak\u0131mlar Forma ve Ana Sponsorlu\u011fu anla\u015fmas\u0131 yenilendi. Basketbol Geli\u015fim Merkezi\u2019nde d\u00fczenlenen imza t\u00f6renine; T\u00fcrkiye Basketbol Federasyonu Ba\u015fkan\u0131 Hidayet T\u00fcrko\u011flu, T\u00fcrkiye Sigorta Y\u00f6netim Kurulu Ba\u015fkan Vekili ve Genel M\u00fcd\u00fcr Taha \u00c7akmak, TBF Y\u00f6netim Kurulu \u00dcyeleri ve davetliler kat\u0131ld\u0131.<\/p>\n<p>Anlaml\u0131 bir i\u015f birli\u011fine imza att\u0131klar\u0131n\u0131 ifade eden TBF Ba\u015fkan\u0131 Hidayet T\u00fcrko\u011flu, \u201cBizler i\u00e7in \u00e7ok anlaml\u0131 bir anla\u015fma. \u00c7ok g\u00fczel bir i\u015f birli\u011fi diyelim. Biz zaten Taha Bey\u2019in liderli\u011finde T\u00fcrkiye Basketbol S\u00fcper Ligi ile ba\u015flayan i\u015f birli\u011fimizin milli tak\u0131mlara ta\u015f\u0131nmas\u0131ndan dolay\u0131 bir kez daha herkese te\u015fekk\u00fcr ediyorum. Taha Bey; kurum anlam\u0131nda, y\u00f6neticili\u011fi anlam\u0131nda de\u011ferli i\u015fler yapm\u0131\u015f, sporu her zaman destekleyen ve seven birisi olmu\u015ftur. Milli tak\u0131mlar bizim i\u00e7in her zaman ayr\u0131 bir de\u011fer olmu\u015ftu. Sponsorlar\u0131m\u0131z\u0131n destekleriyle bu yaz elde etti\u011fimiz ba\u015far\u0131lar\u0131 devam ettirmek isteriz. Bu s\u00fcre\u00e7lerde biz omuz omuza hareket ediyoruz. Milli forman\u0131n daha iyi yerlere gelmesi i\u00e7in \u00e7aba g\u00f6steren insanlar\u0131z. Bizim ekibimiz, Taha Bey\u2019in ekibi, onlara da te\u015fekk\u00fcr etmek istiyorum. \u0130ki taraf\u0131n da birbirine olan samimiyeti, inanc\u0131 s\u00fcreci buraya getirdi. \u0130n\u015fallah bu s\u00fcre\u00e7 daha uzun soluklu olur\u201d diye konu\u015ftu.<\/p>\n<p><strong>\u2018HEP\u0130M\u0130Z\u0130N \u0130STE\u011e\u0130 M\u0130LL\u0130 TAKIMLARIN BA\u015eARISIDIR\u2019<\/strong><\/p>\n<p>T\u00fcrk halk\u0131n\u0131n bran\u015f ay\u0131rt etmeden b\u00fct\u00fcn milli tak\u0131mlar\u0131 en iyi \u015fekilde destekledi\u011fine dikkat \u00e7eken T\u00fcrko\u011flu, \u201cBir \u015feyi es ge\u00e7memek laz\u0131m. Milli tak\u0131m\u0131m\u0131z\u0131n ba\u015far\u0131s\u0131na kadar \u00fclke basketbolunu, Avrupa\u2019da, d\u00fcnya arenas\u0131nda en iyi temsil eden bizim tak\u0131mlar\u0131m\u0131z olmu\u015ftur. Bu anlamda kendilerine yat\u0131r\u0131mlar, kurmu\u015f olduklar\u0131 kadrolardan dolay\u0131 te\u015fekk\u00fcr etmek istiyorum. Hepimizin T\u00fcrk basketbolunu; Avrupa\u2019n\u0131n, d\u00fcnyan\u0131n en b\u00fcy\u00fck organizasyonlar\u0131nda temsil edebilmek. Bunu da bu yaza kadar kul\u00fcplerimiz inan\u0131lmaz \u015fekilde temsil ettiler. Milli tak\u0131m\u0131m\u0131z\u0131n, \u00fclke \u00e7ap\u0131nda basketbola olan ilgi alakan\u0131n ne kadar y\u00fckseldi\u011fini her f\u0131rsatta g\u00f6rd\u00fck. Hepimizin iste\u011fi milli tak\u0131mlar\u0131n ba\u015far\u0131s\u0131d\u0131r. Sadece basketbol olarak de\u011fil, di\u011fer bran\u015flar i\u00e7in de s\u00f6yl\u00fcyorum. Halk\u0131m\u0131z\u0131n her zaman milli formay\u0131 en iyi \u015fekilde desteklemi\u015ftir. \u0130nan\u0131yorum ki 2 Mart\u2019ta burada oynayaca\u011f\u0131m\u0131z S\u0131rbistan ma\u00e7\u0131nda da Basketbol Geli\u015fim Merkezi, h\u0131nca h\u0131n\u00e7 dolacakt\u0131r. Bu organizasyonlar bizim i\u00e7in \u00e7ok anlaml\u0131. Son zamanlarda \u00e7ok anlaml\u0131 anla\u015fmalar yap\u0131yoruz. T\u00fcrkiye Sigorta hem ligin isim sponsoru olarak uzun y\u0131llad\u0131r bizimle. Ge\u00e7en sene ba\u015flatt\u0131\u011f\u0131m\u0131z milli tak\u0131ma olan deste\u011fi de bu sene ayr\u0131 bir noktaya getirip, s\u0131rt b\u00f6lgesinde de bizimle olmak istediler. O y\u00fczden i\u015f birlikleri bizim i\u00e7in anlaml\u0131. Federasyon olarak bu i\u015flere ekonomik olarak bakm\u0131yoruz. \u0130ki de\u011ferli markan\u0131n, kurumun birbirlerine kataca\u011f\u0131 de\u011feri daha \u00fcst noktalara nas\u0131l \u00e7ekeriz diye d\u00fc\u015f\u00fcn\u00fcyoruz. \u015eu ana kadar T\u00fcrkiye Sigorta ile ileti\u015fim anlam\u0131nda g\u00fczel i\u015fler yap\u0131yoruz\u201d ifadelerini kulland\u0131.<\/p>\n<p><strong>\u2018HEDEF\u0130M\u0130Z 2027 D\u00dcNYA \u015eAMP\u0130YONASI\u2019NA KATILMAK\u2019<\/strong><\/p>\n<p>\u00dcst \u00fcste ikinci kez NBA All-Star\u2019da boy g\u00f6steren milli basketbolcu Alperen \u015eeng\u00fcn ile ilgili d\u00fc\u015f\u00fcnceleri sorulan TBF Ba\u015fkan\u0131 T\u00fcrko\u011flu, \u201cAlperen ile g\u00f6r\u00fc\u015ft\u00fcm. Neredeyse haftada bir g\u00f6r\u00fc\u015fen birisiyim. \u0130smi duyulmadan \u00f6nce de g\u00f6r\u00fc\u015fm\u00fc\u015ft\u00fcm. Benimle konu\u015ftuktan sonra Indiana Pacers ma\u00e7\u0131nda inan\u0131lmaz bir performans g\u00f6stermi\u015fti. Alperen, \u015fu anda bizi Amerika\u2019da en iyi \u015fekilde temsil eden, sadece federasyon olarak, a\u011fabeyleri olarak bizlerin de\u011fil milyonlar\u0131n gururland\u0131\u011f\u0131, ba\u015far\u0131lar\u0131n\u0131n artmas\u0131 i\u00e7in dua eder noktaday\u0131z. \u0130n\u015fallah bu ba\u015far\u0131lar\u0131 devam eder. Orada elde ettikleri \u00f6zg\u00fcven, milli tak\u0131ma olumlu yans\u0131yor. O \u00f6zg\u00fcvenle milli tak\u0131ma inan\u0131lmaz katk\u0131 sa\u011fl\u0131yor. Gerek Alperen\u2019e gerek Adem Bona olsun, bizi yurt d\u0131\u015f\u0131nda temsil eden ba\u015far\u0131l\u0131 arkada\u015flar\u0131m\u0131z var. Onlar\u0131n performans\u0131 art\u0131yor. Onlarla gurur duyan bir y\u00f6netimiz. Bu arkada\u015flar; ay\u0131n 27\u2019sinde deplasmanda S\u0131rbistan\u2019a kar\u015f\u0131 oynayacak. Daha sonra 2 Mart\u2019ta da burada oynayacak. Hedefimiz 2027 D\u00fcnya \u015eampiyonas\u0131\u2019na kat\u0131lmak. \u0130n\u015fallah sakatl\u0131ks\u0131z bir s\u00fcre\u00e7 ge\u00e7irirler ve ayn\u0131 performanslar\u0131n\u0131 milli tak\u0131mda da devam ettirirler. Hepsiyle ayr\u0131 ayr\u0131 gurur duyuyoruz\u201d \u015feklinde konu\u015ftu.<\/p>\n<p><strong>&#8216;KONU M\u0130LL\u0130 TAKIMSA GER\u0130S\u0130 TEFERRUATTIR&#8217;<\/strong><\/p>\n<p>Kendilerine nerede ve ne zaman ihtiya\u00e7 duyulursa, orada olacaklar\u0131n\u0131 belirten T\u00fcrkiye Sigorta Y\u00f6netim Kurulu Ba\u015fkan Vekili ve Genel M\u00fcd\u00fcr Taha \u00c7akmak, \u201cBiz, art\u0131k sponsorlu\u011fu ge\u00e7tik. Basketbol Geli\u015fim Merkezi&#8217;nin Avrupa&#8217;da bir \u00f6rne\u011fi yok. Bu bir vizyon meselesi. Her yere sponsor olabilirsiniz ama konu milli tak\u0131msa gerisi teferruatt\u0131r. Ne zaman bize ihtiya\u00e7lar\u0131 varsa, biz buraday\u0131z. Ba\u015fkana te\u015fekk\u00fcr ediyorum. Basketbol S\u00fcper Ligi&#8217;nde isim sponsorlu\u011fumuz devam ediyor. Milli tak\u0131ma sponsor olmak, bizim i\u00e7in onur. Milli tak\u0131m\u0131n bize ne zaman ihtiyac\u0131 olursa, biz orada bulunaca\u011f\u0131z. Avrupa Basketbol \u015eampiyonas\u0131&#8217;n\u0131 hat\u0131rl\u0131yorum. Ba\u015fkan\u0131m\u0131z, daha \u00f6ncesinde de o deplasmandayd\u0131. Her g\u00fcn bizzat oradayd\u0131. \u00c7ok b\u00fcy\u00fck emek g\u00f6sterdi. \u0130nan\u0131lmaz bir komplekse de sahibiz. D\u0131\u015far\u0131ya bir ekran kurmu\u015ftuk. Onu anlatmaya \u00e7al\u0131\u015f\u0131yorum. Neler yap\u0131ld\u0131\u011f\u0131n\u0131 hat\u0131rlamak \u00f6nemli. D\u00f6rt bin vatanda\u015f\u0131m\u0131zla beraber d\u0131\u015far\u0131da final ma\u00e7\u0131n\u0131 izledik. Hepsi g\u00f6n\u00fclden bizi takip etti. \u0130n\u015fallah bu desteklerin devam\u0131 gelir. Aya\u011f\u0131n\u0131za ta\u015f de\u011fmesin, yolunuz a\u00e7\u0131k olsun. Konu milli tak\u0131msa gerisi teferruat&#8221; \u015feklinde konu\u015ftu.<\/p>\n<p><strong>\u2018\u0130N\u015eALLAH D\u00dcNYA KUPASI&#8217;NDA BU BA\u015eARILARA DEVAM EDECE\u011e\u0130Z\u2019<\/strong><\/p>\n<p>Milli tak\u0131m\u0131n yakalad\u0131\u011f\u0131 ba\u015far\u0131lara D\u00fcnya Kupas\u0131\u2019nda da devam etmesi temennisinde bulunan \u00c7akmak, \u015f\u00f6yle konu\u015ftu:<\/p>\n<p>&#8220;Hidayet T\u00fcrko\u011flu, sadece ma\u00e7lara gitmiyor. Ba\u015fkan, ayn\u0131 zamanda kamplarda da tak\u0131mla birlikte oluyor. Avrupa ikincisi olduk ama asl\u0131nda birinciydik. Finalde bizim i\u00e7in \u015fanss\u0131z bir son b\u00f6l\u00fcm ya\u015fad\u0131k. Hi\u00e7 \u00f6nemli de\u011fil. Bu gurur bize yeter. \u0130n\u015fallah D\u00fcnya Kupas\u0131&#8217;nda bu ba\u015far\u0131lara devam edece\u011fiz. \u0130nan\u0131lmaz bir \u00e7aba g\u00f6r\u00fcyorum. Biz de bundan dolay\u0131 federasyona destek olmaya \u00e7al\u0131\u015f\u0131yoruz.\u201d<\/p>\n<p><strong>ERKAN YILMAZ: \u00dcLKEM\u0130Z\u0130 EN \u0130Y\u0130 \u015eEK\u0130LDE TEMS\u0130L ETMEYE \u00c7ALI\u015eACA\u011eIZ<\/strong><\/p>\n<p>Anadolu Efes ve A Milli Tak\u0131m oyuncular\u0131ndan Erkan Y\u0131lmaz, \u201cLig sponsorlu\u011fuyla ba\u015flay\u0131p, milli tak\u0131ma uzanan bir sponsorluk oldu. Federasyon olarak her zaman bize destek oldular. Biz de bu sene, erkek tak\u0131m\u0131 olarak ba\u015far\u0131ya ula\u015ft\u0131k. Kad\u0131n tak\u0131m\u0131m\u0131zda bizimle beraber, pe\u015fimizden geliyor. Biz \u00fclkemizi en iyi \u015fekilde temsil etmeye \u00e7al\u0131\u015faca\u011f\u0131z. Bu ortal\u0131kla g\u00fc\u00e7lerimizi birle\u015ftirerek daha ba\u015far\u0131l\u0131 milli tak\u0131m turnuvalar\u0131nda g\u00f6r\u00fc\u015fmek dile\u011fiyle\u201d dedi.<\/p>\n<p><strong>&#8216;EN G\u00dcZEL \u015eEK\u0130LDE TEMS\u0130L ETMEK \u0130ST\u0130YORUZ&#8217;<\/strong><\/p>\n<p>Galatasaray ve A Mili Kad\u0131n Basketbol Tak\u0131m\u0131\u2019n\u0131n 24 ya\u015f\u0131ndaki oyun kurucusu G\u00f6k\u015fen Fitik, \u201cSponsorluk anla\u015fmas\u0131nda burada oldu\u011fumuz i\u00e7in \u00e7ok mutluyuz. Sponsorluklar\u0131n bizim i\u00e7in \u00f6nemli oldu\u011fu bir d\u00f6nem. \u00dclkemizi en iyi \u015fekilde temsil etme s\u00fcrecinde bu yaz \u00e7ok \u00f6nemli ad\u0131mlar att\u0131k. Erkek tak\u0131m\u0131m\u0131z\u0131n, Avrupa ikincili\u011fi \u00e7ok de\u011ferliydi. Biz de D\u00fcnya Kupas\u0131 Elemeleri\u2019ne kald\u0131\u011f\u0131m\u0131z i\u00e7in \u00e7ok mutluyuz. \u00c7ok \u00f6nemli bir organizasyona ev sahipli\u011fi yap\u0131yoruz. Mart ay\u0131nda d\u00fczenlenecek D\u00fcnya Kupas\u0131 Elemeleri\u2019nde; T\u00fcrkiye\u2019nin, \u0130stanbul\u2019un deste\u011fi bizim i\u00e7in \u00e7ok \u00f6nemli olacak. Bu \u00f6nemli ad\u0131mlarda s\u0131rt\u0131m\u0131zda T\u00fcrkiye Sigorta\u2019n\u0131n g\u00fcc\u00fcn\u00fc hissedece\u011fimiz i\u00e7in \u00e7ok mutluyuz. Hem D\u00fcnya Kupas\u0131 Elemeleri\u2019nde hem de D\u00fcnya Kupas\u0131\u2019nda \u00fclkemizi ve sponsorlar\u0131m\u0131z\u0131 en g\u00fczel \u015fekilde temsil etmek istiyoruz\u201d diye konu\u015ftu.<\/p>\n\n<p><\/p>\n<p>Kaynak :\u00a0<span style=\"background-color: rgb(255, 249, 236); color: rgb(55, 58, 60); font-size: 14px;\">http:\/\/www.milliyet.com.tr\/skorer\/tbf-baskani-hidayet-turkoglu-hedefimiz-2027-dunya-sampiyonasina-katilmak-7539286<\/span><\/p>\n","protected":false},"excerpt":{"rendered":"<p>T\u00fcrkiye Basketbol Federasyonu Ba\u015fkan\u0131 Hidayet T\u00fcrko\u011flu, T\u00fcrkiye\u2019yi yurt d\u0131\u015f\u0131nda ba\u015far\u0131yla temsil eden basketbolcularla gurur duyduklar\u0131n\u0131 ifade ederken, hedeflerinin 2027 y\u0131l\u0131nda D\u00fcnya \u015eampiyonas\u0131\u2019na kat\u0131lmak oldu\u011funu dile getirdi.<\/p>\n","protected":false},"author":1,"featured_media":181900,"comment_status":"open","ping_status":"open","sticky":false,"template":"","format":"standard","meta":{"footnotes":""},"categories":[7],"tags":[186,2439,1622,1008,1321],"class_list":["post-181899","post","type-post","status-publish","format-standard","has-post-thumbnail","hentry","category-spor","tag-baskan","tag-basketbol","tag-milli-takim","tag-sponsor","tag-zaman"],"_links":{"self":[{"href":"https:\/\/kamucalisani.net\/index.php\/wp-json\/wp\/v2\/posts\/181899","targetHints":{"allow":["GET"]}}],"collection":[{"href":"https:\/\/kamucalisani.net\/index.php\/wp-json\/wp\/v2\/posts"}],"about":[{"href":"https:\/\/kamucalisani.net\/index.php\/wp-json\/wp\/v2\/types\/post"}],"author":[{"embeddable":true,"href":"https:\/\/kamucalisani.net\/index.php\/wp-json\/wp\/v2\/users\/1"}],"replies":[{"embeddable":true,"href":"https:\/\/kamucalisani.net\/index.php\/wp-json\/wp\/v2\/comments?post=181899"}],"version-history":[{"count":1,"href":"https:\/\/kamucalisani.net\/index.php\/wp-json\/wp\/v2\/posts\/181899\/revisions"}],"predecessor-version":[{"id":181901,"href":"https:\/\/kamucalisani.net\/index.php\/wp-json\/wp\/v2\/posts\/181899\/revisions\/181901"}],"wp:featuredmedia":[{"embeddable":true,"href":"https:\/\/kamucalisani.net\/index.php\/wp-json\/wp\/v2\/media\/181900"}],"wp:attachment":[{"href":"https:\/\/kamucalisani.net\/index.php\/wp-json\/wp\/v2\/media?parent=181899"}],"wp:term":[{"taxonomy":"category","embeddable":true,"href":"https:\/\/kamucalisani.net\/index.php\/wp-json\/wp\/v2\/categories?post=181899"},{"taxonomy":"post_tag","embeddable":true,"href":"https:\/\/kamucalisani.net\/index.php\/wp-json\/wp\/v2\/tags?post=181899"}],"curies":[{"name":"wp","href":"https:\/\/api.w.org\/{rel}","templated":true}]}}