{"id":182476,"date":"2026-02-17T11:36:10","date_gmt":"2026-02-17T11:36:10","guid":{"rendered":"https:\/\/kamucalisani.net\/?p=182476"},"modified":"2026-02-17T11:36:10","modified_gmt":"2026-02-17T11:36:10","slug":"mourinhodan-ustu-kapali-fenerbahce-gondermesi-yeniden-ust-seviye-bir-takim","status":"publish","type":"post","link":"https:\/\/kamucalisani.net\/index.php\/2026\/02\/17\/mourinhodan-ustu-kapali-fenerbahce-gondermesi-yeniden-ust-seviye-bir-takim\/","title":{"rendered":"Mourinho&#8217;dan \u00fcst\u00fc kapal\u0131 Fenerbah\u00e7e g\u00f6ndermesi! &#8216;Yeniden \u00fcst seviye bir tak\u0131m&#8217;"},"content":{"rendered":"<p><p>Benfica, UEFA \u015eampiyonlar Ligi play-off turu ilk ma\u00e7\u0131nda Real Madrid&#8217;i konuk edecek. Kar\u015f\u0131la\u015fma, 17 \u015eubat Sal\u0131 g\u00fcn\u00fc saat 23.00&#8217;te Est\u00e1dio da Luz&#8217;da oynanacak. M\u00fccadele \u00f6ncesi bas\u0131n toplant\u0131s\u0131nda a\u00e7\u0131klamalarda bulunan Portekizlilerin teknik direkt\u00f6r\u00fc Jose Mourinho, \u00e7ok konu\u015fulacak s\u00f6zler sarf etti.<\/p>\n<p><strong>&#8216;REAL MADRID&#8217;E HER \u015eEY\u0130 VERD\u0130M&#8217;<\/strong><br \/>&#8220;Real Madrid&#8217;e sahip oldu\u011fum her \u015feyi verdim. \u0130yi \u015feyler de yapt\u0131m, k\u00f6t\u00fc \u015feyler de ama kesinlikle her \u015feyimi ortaya koydum. Ve o d\u00f6nem kapand\u0131. Bir profesyonel, bir kul\u00fcpten bu duygularla ayr\u0131ld\u0131\u011f\u0131nda, bence arada sonsuza dek s\u00fcrecek bir ba\u011f olu\u015fur. Ayr\u0131lal\u0131 12 y\u0131l oldu ama d\u00fcnyan\u0131n neresinde Real Madrid taraftar\u0131 ile kar\u015f\u0131la\u015fsam ayn\u0131 hissi ya\u015f\u0131yorum. \u0130nsanlar da benim gibi, her zaman her \u015feyimi verdi\u011fimi d\u00fc\u015f\u00fcn\u00fcyor. Genel olarak insanlar bana kar\u015f\u0131 sevgi besliyor, bu da harika bir \u015fey.<\/p>\n<p><strong>YEN\u0130DEN \u00dcST SEV\u0130YE TAKIMDA OLMANA SEV\u0130ND\u0130M<\/strong><br \/>&#8220;Real Madrid&#8217;den kovulmadan ayr\u0131lan az say\u0131daki teknik direkt\u00f6rden biriyim. Ayr\u0131ld\u0131\u011f\u0131m g\u00fcn ba\u015fkan bana &#8216;Zor olan\u0131 ba\u015fard\u0131n, \u015fimdi kolay olana ge\u00e7iyorsun&#8217; dedi. Bundan sonra kazand\u0131\u011f\u0131m t\u00fcm \u015eampiyonlar Ligi ma\u00e7lar\u0131 bana mutluluk getirdi. Florentino Perez ile hala aram\u0131z iyi. En son Benfica&#8217;ya imza att\u0131\u011f\u0131m g\u00fcn bana mesaj att\u0131. &#8216;Yeniden \u00fcst seviye bir tak\u0131mda olmana sevindim&#8217; dedi. Ben sonsuza dek bir Madrid taraftar\u0131 olaca\u011f\u0131m. Bu ba\u011f asla sona ermeyecek.&#8221;<\/p>\n<p><strong>MADRID&#8217;E GER\u0130 D\u00d6N\u00dc\u015e SORUSU<\/strong><br \/>&#8220;Bununla var olmayan hikayeleri beslemek istemiyorum. Var olan tek \u015fey, Benfica ile bir y\u0131l daha s\u00f6zle\u015fmemin olmas\u0131. Bu \u00f6zel bir kontrat \u00e7\u00fcnk\u00fc se\u00e7im d\u00f6neminde imzaland\u0131 ve hem ben hem de ba\u015fkan Rui Costa, etik a\u00e7\u0131dan olas\u0131 yeni bir ba\u015fkan\u0131 korumak istedik. S\u00f6zle\u015fmede hem benim hem de Benfica\u2019n\u0131n anla\u015fmay\u0131 \u00e7ok kolay \u015fekilde feshedebilece\u011fi bir madde var. Ama somut olan tek \u015fey Benfica ile kontrat\u0131m\u0131n bulunmas\u0131d\u0131r. Real Madrid ile s\u0131f\u0131r.&#8221;<\/p>\n\n<p><\/p>\n<p>Kaynak :\u00a0<span style=\"background-color: rgb(255, 249, 236); color: rgb(55, 58, 60); font-size: 14px;\">http:\/\/www.milliyet.com.tr\/skorer\/mourinhodan-ustu-kapali-fenerbahce-gondermesi-yeniden-ust-seviye-bir-takim-7539872<\/span><\/p>\n","protected":false},"excerpt":{"rendered":"<p>UEFA \u015eampiyonlar Ligi&#8217;nde Real Madrid&#8217;i konuk edecek Benfica&#8217;da teknik direkt\u00f6r Jose Mourinho yine g\u00fcndem olacak a\u00e7\u0131klamalarda bulundu.<\/p>\n","protected":false},"author":1,"featured_media":182477,"comment_status":"open","ping_status":"open","sticky":false,"template":"","format":"standard","meta":{"footnotes":""},"categories":[7],"tags":[1102],"class_list":["post-182476","post","type-post","status-publish","format-standard","has-post-thumbnail","hentry","category-spor","tag-real-madrid"],"_links":{"self":[{"href":"https:\/\/kamucalisani.net\/index.php\/wp-json\/wp\/v2\/posts\/182476","targetHints":{"allow":["GET"]}}],"collection":[{"href":"https:\/\/kamucalisani.net\/index.php\/wp-json\/wp\/v2\/posts"}],"about":[{"href":"https:\/\/kamucalisani.net\/index.php\/wp-json\/wp\/v2\/types\/post"}],"author":[{"embeddable":true,"href":"https:\/\/kamucalisani.net\/index.php\/wp-json\/wp\/v2\/users\/1"}],"replies":[{"embeddable":true,"href":"https:\/\/kamucalisani.net\/index.php\/wp-json\/wp\/v2\/comments?post=182476"}],"version-history":[{"count":1,"href":"https:\/\/kamucalisani.net\/index.php\/wp-json\/wp\/v2\/posts\/182476\/revisions"}],"predecessor-version":[{"id":182478,"href":"https:\/\/kamucalisani.net\/index.php\/wp-json\/wp\/v2\/posts\/182476\/revisions\/182478"}],"wp:featuredmedia":[{"embeddable":true,"href":"https:\/\/kamucalisani.net\/index.php\/wp-json\/wp\/v2\/media\/182477"}],"wp:attachment":[{"href":"https:\/\/kamucalisani.net\/index.php\/wp-json\/wp\/v2\/media?parent=182476"}],"wp:term":[{"taxonomy":"category","embeddable":true,"href":"https:\/\/kamucalisani.net\/index.php\/wp-json\/wp\/v2\/categories?post=182476"},{"taxonomy":"post_tag","embeddable":true,"href":"https:\/\/kamucalisani.net\/index.php\/wp-json\/wp\/v2\/tags?post=182476"}],"curies":[{"name":"wp","href":"https:\/\/api.w.org\/{rel}","templated":true}]}}