{"id":182778,"date":"2026-02-17T20:12:14","date_gmt":"2026-02-17T20:12:14","guid":{"rendered":"https:\/\/kamucalisani.net\/?p=182778"},"modified":"2026-02-17T20:12:14","modified_gmt":"2026-02-17T20:12:14","slug":"zonguldakta-2-iscinin-oldugu-ozel-maden-ocaginin-sahibi-tutuklandi","status":"publish","type":"post","link":"https:\/\/kamucalisani.net\/index.php\/2026\/02\/17\/zonguldakta-2-iscinin-oldugu-ozel-maden-ocaginin-sahibi-tutuklandi\/","title":{"rendered":"Zonguldak&#8217;ta 2 i\u015f\u00e7inin \u00f6ld\u00fc\u011f\u00fc \u00f6zel maden oca\u011f\u0131n\u0131n sahibi tutukland\u0131"},"content":{"rendered":"<p><p>Gelik beldesinde d\u00fcn i\u015f\u00e7iler Veysel Oru\u00e7o\u011flu (46) ve Ziya Kiret&#8217;in (60) hayat\u0131n\u0131 kaybetti\u011fi, \u0130smet Kabuk&#8217;un (31) da yaraland\u0131\u011f\u0131 g\u00f6\u00e7\u00fckle ilgili g\u00f6zalt\u0131na al\u0131nan maden oca\u011f\u0131 sahibi H.B&#8217;nin jandarmadaki i\u015flemleri tamamland\u0131.<\/p>\n<p>Sa\u011fl\u0131k kontrol\u00fcnden ge\u00e7irilen zanl\u0131, adliyeye sevk edildi.<\/p>\n<p>Savc\u0131l\u0131k sorgusu sonras\u0131 n\u00f6bet\u00e7i sulh ceza hakimli\u011fine \u00e7\u0131kar\u0131lan \u015f\u00fcpheli tutukland\u0131.<\/p>\n<p><strong>OLAY<\/strong><\/p>\n<p>Gelik beldesinde \u00f6zel \u015firketin i\u015fletti\u011fi maden oca\u011f\u0131nda d\u00fcn meydana gelen g\u00f6\u00e7\u00fckte i\u015f\u00e7ilerden 3&#8217;\u00fc mahsur kalm\u0131\u015f, kurtarma \u00e7al\u0131\u015fmalar\u0131na ba\u015flayan ekipler, i\u015f\u00e7ilerden Kabuk&#8217;u yaral\u0131 olarak bulundu\u011fu yerden \u00e7\u0131karm\u0131\u015ft\u0131.<\/p>\n<p>Ekiplerin 7 saat s\u00fcren \u00e7al\u0131\u015fmalar\u0131 sonucu i\u015f\u00e7ilerden Oru\u00e7o\u011flu&#8217;nun cans\u0131z bedenine ula\u015f\u0131lm\u0131\u015f, g\u00f6\u00e7\u00fckte mahsur kalan i\u015f\u00e7i Kiret&#8217;in cans\u0131z bedeni ise yakla\u015f\u0131k 9 saat sonra maden oca\u011f\u0131ndan \u00e7\u0131kar\u0131lm\u0131\u015ft\u0131.<\/p>\n<p>Kabuk ise tedavisinin ard\u0131ndan kald\u0131r\u0131ld\u0131\u011f\u0131 Zonguldak Atat\u00fcrk Devlet Hastanesinden taburcu edilmi\u015fti.<\/p>\n\n<p><\/p>\n<p>Kaynak :\u00a0<span style=\"background-color: rgb(255, 249, 236); color: rgb(55, 58, 60); font-size: 14px;\">http:\/\/www.milliyet.com.tr\/gundem\/zonguldakta-2-iscinin-oldugu-ozel-maden-ocaginin-sahibi-tutuklandi-7540108<\/span><\/p>\n","protected":false},"excerpt":{"rendered":"<p>Zonguldak&#8217;\u0131n Kilimli il\u00e7esinde 2 i\u015f\u00e7inin \u00f6ld\u00fc\u011f\u00fc, 1 i\u015f\u00e7inin de yaraland\u0131\u011f\u0131 \u00f6zel maden oca\u011f\u0131n\u0131n sahibi tutukland\u0131.<\/p>\n","protected":false},"author":1,"featured_media":182779,"comment_status":"open","ping_status":"open","sticky":false,"template":"","format":"standard","meta":{"footnotes":""},"categories":[3],"tags":[219],"class_list":["post-182778","post","type-post","status-publish","format-standard","has-post-thumbnail","hentry","category-guncel","tag-isci"],"_links":{"self":[{"href":"https:\/\/kamucalisani.net\/index.php\/wp-json\/wp\/v2\/posts\/182778","targetHints":{"allow":["GET"]}}],"collection":[{"href":"https:\/\/kamucalisani.net\/index.php\/wp-json\/wp\/v2\/posts"}],"about":[{"href":"https:\/\/kamucalisani.net\/index.php\/wp-json\/wp\/v2\/types\/post"}],"author":[{"embeddable":true,"href":"https:\/\/kamucalisani.net\/index.php\/wp-json\/wp\/v2\/users\/1"}],"replies":[{"embeddable":true,"href":"https:\/\/kamucalisani.net\/index.php\/wp-json\/wp\/v2\/comments?post=182778"}],"version-history":[{"count":1,"href":"https:\/\/kamucalisani.net\/index.php\/wp-json\/wp\/v2\/posts\/182778\/revisions"}],"predecessor-version":[{"id":182780,"href":"https:\/\/kamucalisani.net\/index.php\/wp-json\/wp\/v2\/posts\/182778\/revisions\/182780"}],"wp:featuredmedia":[{"embeddable":true,"href":"https:\/\/kamucalisani.net\/index.php\/wp-json\/wp\/v2\/media\/182779"}],"wp:attachment":[{"href":"https:\/\/kamucalisani.net\/index.php\/wp-json\/wp\/v2\/media?parent=182778"}],"wp:term":[{"taxonomy":"category","embeddable":true,"href":"https:\/\/kamucalisani.net\/index.php\/wp-json\/wp\/v2\/categories?post=182778"},{"taxonomy":"post_tag","embeddable":true,"href":"https:\/\/kamucalisani.net\/index.php\/wp-json\/wp\/v2\/tags?post=182778"}],"curies":[{"name":"wp","href":"https:\/\/api.w.org\/{rel}","templated":true}]}}