{"id":182922,"date":"2026-02-18T13:12:12","date_gmt":"2026-02-18T13:12:12","guid":{"rendered":"https:\/\/kamucalisani.net\/?p=182922"},"modified":"2026-02-18T13:12:12","modified_gmt":"2026-02-18T13:12:12","slug":"son-dakika-ekrem-imamoglunun-yargilandigi-siyasal-casusluk-davasinda-iddianame-kabul-edildi","status":"publish","type":"post","link":"https:\/\/kamucalisani.net\/index.php\/2026\/02\/18\/son-dakika-ekrem-imamoglunun-yargilandigi-siyasal-casusluk-davasinda-iddianame-kabul-edildi\/","title":{"rendered":"Son dakika&#8230; Ekrem \u0130mamo\u011flu&#8217;nun yarg\u0131land\u0131\u011f\u0131 &#8216;siyasal casusluk&#8217; davas\u0131nda iddianame kabul edildi"},"content":{"rendered":"<p><p>\u0130stanbul Cumhuriyet Ba\u015fsavc\u0131l\u0131\u011f\u0131nca &#8220;casusluk&#8221; su\u00e7undan y\u00fcr\u00fct\u00fclen soru\u015fturma kapsam\u0131nda, Ekrem \u0130mamo\u011flu&#8217;nun da aras\u0131nda bulundu\u011fu 4 \u015f\u00fcpheli hakk\u0131nda haz\u0131rlanan iddianame kabul edildi.<\/p>\n<p><strong>\u0130MAMO\u011eLU HAKKINDA &#8216;CASUSLUK&#8217;\u00a0DAVASINDA \u0130DD\u0130ANAME KABUL ED\u0130LD\u0130 <\/strong><\/p>\n<p>\u0130stanbul Cumhuriyet Ba\u015fsavc\u0131l\u0131\u011f\u0131nca, &#8220;\u0130mamo\u011flu \u00e7\u0131kar ama\u00e7l\u0131 su\u00e7 \u00f6rg\u00fct\u00fc&#8221; davas\u0131 kapsam\u0131nda tutuklanmas\u0131n\u0131n ard\u0131ndan \u0130stanbul B\u00fcy\u00fck\u015fehir Belediye (\u0130BB) Ba\u015fkanl\u0131\u011f\u0131 g\u00f6revinden uzakla\u015ft\u0131r\u0131lan Ekrem \u0130mamo\u011flu ile H\u00fcseyin G\u00fcn, Necati \u00d6zkan ve Merdan Yanarda\u011f hakk\u0131nda &#8220;casusluk&#8221; su\u00e7undan ba\u015flat\u0131lan soru\u015fturma tamamland\u0131.<\/p>\n<p>Soru\u015fturma sonucunda haz\u0131rlanan iddianamede \u0130mamo\u011flu, G\u00fcn, \u00d6zkan ve Yanarda\u011f &#8220;\u015f\u00fcpheli&#8221; olarak yer ald\u0131. \u0130ddianamede, \u015f\u00fcphelilerin &#8220;siyasal casusluk&#8221; su\u00e7undan cezaland\u0131r\u0131lmas\u0131 talep edildi.\u00a0 \u015e\u00fcpheliler hakk\u0131nda &#8216;Siyasal casusluk&#8217; su\u00e7undan 15&#8217;er y\u0131ldan 20&#8217;\u015fer y\u0131la kadar hapis cezas\u0131 istendi.<\/p>\n<p><strong>EKREM \u0130MAMO\u011eLU, 11 MAYIS&#8217;TA HAK\u0130M KAR\u015eINA \u00c7IKACAK<\/strong><\/p>\n<p>Haz\u0131rlanan iddianame \u0130stanbul 25. A\u011f\u0131r Ceza Mahkemesi taraf\u0131ndan kabul edildi. \u0130lk duru\u015fma, 11 May\u0131s 2026 tarihinde g\u00f6r\u00fclecek.<\/p>\n<p>S\u0131cak geli\u015fmenin ayr\u0131nt\u0131lar\u0131n\u0131 CNN T\u00fcrk Muhabiri Merve Tokaz aktard\u0131;<\/p>\n<p>&#8220;Hat\u0131rlayacak olursak \u0130stanbul Cumhuriyet Ba\u015fsavc\u0131l\u0131\u011f\u0131\u2019nca ge\u00e7ti\u011fimiz y\u0131l ba\u015flat\u0131lan bir casusluk soru\u015fturmas\u0131 vard\u0131. Bu kapsamda Ekrem \u0130mamo\u011flu, H\u00fcseyin G\u00fcn, Ekrem \u0130mamo\u011flu\u2019nun se\u00e7im kampanyas\u0131 direkt\u00f6r\u00fc Necati \u00d6zkan ve gazeteci Merdan Yanarda\u011f\u2019\u0131n ifadelerine ba\u015fvurulmu\u015f, ard\u0131ndan soru\u015fturma s\u00fcreci devam etmi\u015fti. \u0130stanbul Cumhuriyet Ba\u015fsavc\u0131l\u0131\u011f\u0131, ge\u00e7ti\u011fimiz hafta soru\u015fturmaya ili\u015fkin iddianameyi de tamamlad\u0131.<\/p>\n<p>162 sayfal\u0131k iddianamede H\u00fcseyin G\u00fcn ile ilgili tespitler, soru\u015fturma s\u00fcrecinin nas\u0131l ba\u015flad\u0131\u011f\u0131, 112 \u00c7a\u011fr\u0131 Merkezi\u2019ne y\u00f6nlendirilen ihbar\u0131n ard\u0131ndan s\u00fcrecin nas\u0131l ilerledi\u011fi detayl\u0131 \u015fekilde yer ald\u0131. H\u00fcseyin G\u00fcn\u2019\u00fcn dijital materyallerinde yap\u0131lan incelemelerde \u201cB-Clip-E\u201d isimli bir kripto haberle\u015fme program\u0131n\u0131n tespit edildi\u011fi, bu program\u0131n uluslararas\u0131 istihbarat \u00f6rg\u00fctleri ve ter\u00f6r \u00f6rg\u00fctleri taraf\u0131ndan kullan\u0131lan bir uygulama oldu\u011fu ifade edildi.<\/p>\n<p>Haz\u0131rlanan iddianamede Ekrem \u0130mamo\u011flu, Necati \u00d6zkan ve H\u00fcseyin G\u00fcn aras\u0131ndaki ileti\u015fim trafi\u011fine de yer verildi. H\u00fcseyin G\u00fcn\u2019\u00fcn telefonundan elde edilen veriler soru\u015fturma dosyas\u0131na girdi.<\/p>\n<p>Soru\u015fturman\u0131n \u00f6zeti ise \u015fu \u015fekilde: \u0130stanbul B\u00fcy\u00fck\u015fehir Belediyesi taraf\u0131ndan hayata ge\u00e7irilen \u201c\u0130stanbul Senin\u201d uygulamas\u0131 \u00fczerinden kay\u0131tl\u0131 vatanda\u015flar\u0131n ki\u015fisel verilerinin ele ge\u00e7irildi\u011fi, bu verilerin hukuka ayk\u0131r\u0131 \u015fekilde payla\u015f\u0131ld\u0131\u011f\u0131, karanl\u0131k internet ortam\u0131nda i\u015flendi\u011fi ve farkl\u0131 ama\u00e7larla kullan\u0131ld\u0131\u011f\u0131 iddia ediliyor.D\u00f6rt \u015f\u00fcpheli hakk\u0131nda 20 y\u0131la kadar hapis istemiyle dava a\u00e7\u0131ld\u0131.&#8221;\u00a0<\/p>\n\n<p><\/p>\n<p>Kaynak :\u00a0<span style=\"background-color: rgb(255, 249, 236); color: rgb(55, 58, 60); font-size: 14px;\">http:\/\/www.milliyet.com.tr\/gundem\/son-dakika-ekrem-imamoglunun-yargilandigi-siyasal-casusluk-davasinda-iddianame-kabul-edildi-7540553<\/span><\/p>\n","protected":false},"excerpt":{"rendered":"<p>Ekrem \u0130mamo\u011flu&#8217;nun yarg\u0131land\u0131\u011f\u0131 &#8216;siyasal casusluk&#8217; davas\u0131nda iddianame kabul edildi. \u0130lk duru\u015fma, 11 May\u0131s&#8217;ta g\u00f6r\u00fclecek.<\/p>\n","protected":false},"author":1,"featured_media":182923,"comment_status":"open","ping_status":"open","sticky":false,"template":"","format":"standard","meta":{"footnotes":""},"categories":[3],"tags":[11122,2689,1599,179,512],"class_list":["post-182922","post","type-post","status-publish","format-standard","has-post-thumbnail","hentry","category-guncel","tag-casusluk","tag-edildi","tag-iddianame","tag-istanbul","tag-sorusturma"],"_links":{"self":[{"href":"https:\/\/kamucalisani.net\/index.php\/wp-json\/wp\/v2\/posts\/182922","targetHints":{"allow":["GET"]}}],"collection":[{"href":"https:\/\/kamucalisani.net\/index.php\/wp-json\/wp\/v2\/posts"}],"about":[{"href":"https:\/\/kamucalisani.net\/index.php\/wp-json\/wp\/v2\/types\/post"}],"author":[{"embeddable":true,"href":"https:\/\/kamucalisani.net\/index.php\/wp-json\/wp\/v2\/users\/1"}],"replies":[{"embeddable":true,"href":"https:\/\/kamucalisani.net\/index.php\/wp-json\/wp\/v2\/comments?post=182922"}],"version-history":[{"count":1,"href":"https:\/\/kamucalisani.net\/index.php\/wp-json\/wp\/v2\/posts\/182922\/revisions"}],"predecessor-version":[{"id":182924,"href":"https:\/\/kamucalisani.net\/index.php\/wp-json\/wp\/v2\/posts\/182922\/revisions\/182924"}],"wp:featuredmedia":[{"embeddable":true,"href":"https:\/\/kamucalisani.net\/index.php\/wp-json\/wp\/v2\/media\/182923"}],"wp:attachment":[{"href":"https:\/\/kamucalisani.net\/index.php\/wp-json\/wp\/v2\/media?parent=182922"}],"wp:term":[{"taxonomy":"category","embeddable":true,"href":"https:\/\/kamucalisani.net\/index.php\/wp-json\/wp\/v2\/categories?post=182922"},{"taxonomy":"post_tag","embeddable":true,"href":"https:\/\/kamucalisani.net\/index.php\/wp-json\/wp\/v2\/tags?post=182922"}],"curies":[{"name":"wp","href":"https:\/\/api.w.org\/{rel}","templated":true}]}}