{"id":184092,"date":"2026-02-21T16:30:14","date_gmt":"2026-02-21T16:30:14","guid":{"rendered":"https:\/\/kamucalisani.net\/?p=184092"},"modified":"2026-02-21T16:30:14","modified_gmt":"2026-02-21T16:30:14","slug":"berkay-bagdat-caddesinde-yarisin-son-kurbani-oldu-acili-anne-yurekleri-yakti-bizim-icin-yasam-bitti","status":"publish","type":"post","link":"https:\/\/kamucalisani.net\/index.php\/2026\/02\/21\/berkay-bagdat-caddesinde-yarisin-son-kurbani-oldu-acili-anne-yurekleri-yakti-bizim-icin-yasam-bitti\/","title":{"rendered":"Berkay, Ba\u011fdat Caddesi&#8217;nde &#8216;yar\u0131\u015f\u0131n&#8217; son kurban\u0131 oldu! Ac\u0131l\u0131 anne y\u00fcrekleri yakt\u0131: Bizim i\u00e7in ya\u015fam bitti"},"content":{"rendered":"<p><p>Kad\u0131k\u00f6y Ba\u011fdat Caddesi&#8217;nde yolun kar\u015f\u0131s\u0131na ge\u00e7mek isteyen Berkay \u015eengel (26) otomobilin \u00e7arpmas\u0131 sonucu hayat\u0131n\u0131 kaybetti. Berkay \u015eengel \u00dcsk\u00fcdar&#8217;da bulunan Karacaahmet Cami&#8217;nde ikindi namaz\u0131na m\u00fcteakip k\u0131l\u0131nan cenaze namaz\u0131n\u0131n ard\u0131ndan son yolculu\u011funa u\u011furland\u0131. Cenazede tabuta sar\u0131larak a\u011flayan anne \u00d6zlem \u00c7apan \u00d6zeren, &#8220;Benim o\u011flum \u00e7ok ahlakl\u0131, iyi, d\u00fcr\u00fcst, d\u00fcnyada kimseyi incitmeyen harika bir \u00e7ocuktu. Okullar\u0131n\u0131 birincilikle bitirdi. \u00c7ok d\u00fcr\u00fcst bir \u00e7ocuktu&#8221; dedi.<\/p>\n<p>Kad\u0131k\u00f6y Ba\u011fdat Caddesi&#8217;nde 19 \u015eubat saat 20.30 s\u0131ralar\u0131nda yolun kar\u015f\u0131s\u0131na ge\u00e7mek isteyen Berkay \u015eengel&#8217;e Azad Baran H. kulland\u0131\u011f\u0131 otomobille \u00e7arpt\u0131. Kaza sonucunda a\u011f\u0131r yaral\u0131 olarak hastaneye kald\u0131r\u0131lan \u015eengel t\u00fcm m\u00fcdahalelere ra\u011fmen hayat\u0131n\u0131 kaybetti. Berkay \u015eengel i\u00e7in bug\u00fcn \u00dcsk\u00fcdar da bulunan Karacaahmet Camii&#8217;nde cenaze t\u00f6reni d\u00fczenlendi. Cenazeye, Berkay \u015eengel&#8217;in ailesi, yak\u0131nlar\u0131 ve aile dostu kat\u0131ld\u0131. Taziyeleri \u015eengel&#8217;in babas\u0131 ve annesi kabul etti. Annesi ve anneannesi tapuda sar\u0131larak a\u011flad\u0131. \u0130kindi namaz\u0131n\u0131n ard\u0131ndan k\u0131l\u0131nan cenaze namaz\u0131 sonras\u0131 \u015eengel&#8217;in cenazesi Karacaahmet Mezarl\u0131\u011f\u0131&#8217;nda topra\u011fa verildi.<\/p>\n<p><strong>&#8216;B\u0130Z\u0130M \u0130\u00c7\u0130N YA\u015eAM B\u0130TT\u0130&#8217;<\/strong><\/p>\n<p>G\u00f6zya\u015flar\u0131na hakim olamayan Anne \u00d6zlem \u00c7apan \u00d6zeren, &#8220;Benim o\u011flum \u00e7ok ahlakl\u0131, iyi, d\u00fcr\u00fcst, d\u00fcnyada kimseyi incitmeyen harika bir \u00e7ocuktu. 25 y\u0131ld\u0131r bana \u00e7ok g\u00fczel bir hediyeydi o. Maalesef kald\u0131r\u0131mda, yaya ge\u00e7idinde kurallara uyan bir insan olarak kar\u015f\u0131dan kar\u015f\u0131ya ge\u00e7meyi beklerken, yar\u0131\u015f yapan 2-3 tane araban\u0131n \u00e7arpmas\u0131yla hayat\u0131n\u0131 kaybetti. S\u00f6ylenebilecek o kadar az \u015fey var ki. Bu \u00f6l\u00fcmlerin durmas\u0131 gerekiyor. Berkay 25 y\u0131ld\u0131r bu memlekete hay\u0131rl\u0131 bir evlat olarak yeti\u015fti. Okullar\u0131n\u0131 birincilikle bitirdi. Yaz\u0131l\u0131m m\u00fchendisiydi. \u00c7ok d\u00fcr\u00fcst bir \u00e7ocuktu. Torpil bile kullanmadan i\u015fe girmenin \u00e7abas\u0131 i\u00e7erisindeydi. \u0130yi bir evlatt\u0131. Ahlakl\u0131 yeti\u015ftirdik onu. Memlekete, Atat\u00fcrk ilke ve ink\u0131laplar\u0131na uygun bir \u00e7ocuk olarak yeti\u015ftirdik. \u0130stedik ki bizimle beraber ya\u015fam\u0131n\u0131 devam ettirsin. P\u0131rlanta gibiydi. Bu memlekete hay\u0131rl\u0131 olacak bir evlatt\u0131. \u015eu an yan\u0131m\u0131zda de\u011fil. Aram\u0131zda de\u011fil. Ac\u0131m\u0131z \u00e7ok b\u00fcy\u00fck, benim kalbim yan\u0131yor. Bu durumda olan annelerin hepsine sab\u0131rlar diliyorum. Bizim oca\u011f\u0131m\u0131za ate\u015f d\u00fc\u015ft\u00fc. Art\u0131k eskisi gibi de\u011filiz. Bizim i\u00e7in ya\u015fam bitti. Bundan sonra sadece Berkay&#8217;a uygun bir anne olabilmek i\u00e7in elimden geleni yapaca\u011f\u0131m&#8221; dedi. Kazayla ilgili soru\u015fturma s\u00fcr\u00fcyor.<\/p>\n\n<p><\/p>\n<p>Kaynak :\u00a0<span style=\"background-color: rgb(255, 249, 236); color: rgb(55, 58, 60); font-size: 14px;\">http:\/\/www.milliyet.com.tr\/gundem\/berkay-bagdat-caddesinde-yarisin-son-kurbani-oldu-acili-anne-yurekleri-yakti-bizim-icin-yasam-bitti-7542284<\/span><\/p>\n","protected":false},"excerpt":{"rendered":"<p>Kad\u0131k\u00f6y Ba\u011fdat Caddesi&#8217;nde yolun kar\u015f\u0131s\u0131na ge\u00e7mek isteyen Berkay \u015eengel (26) otomobilin \u00e7arpmas\u0131 sonucu hayat\u0131n\u0131 kaybetti. Berkay \u015eengel \u00dcsk\u00fcdar&#8217;da bulunan Karacaahmet Cami&#8217;nde ikindi namaz\u0131na m\u00fcteakip k\u0131l\u0131nan cenaze namaz\u0131n\u0131n ard\u0131ndan son yolculu\u011funa u\u011furland\u0131.   Cenazede tabuta sar\u0131larak a\u011flayan anne \u00d6zlem \u00c7apan \u00d6zeren, &#8220;Benim o\u011flum \u00e7ok ahlakl\u0131, iyi bir \u00e7ocuktu. Okullar\u0131n\u0131 birincilikle bitirdi. \u00c7ok d\u00fcr\u00fcst bir \u00e7ocuktu. Bizim i\u00e7in ya\u015fam bitti.&#8221; dedi.<\/p>\n","protected":false},"author":1,"featured_media":184093,"comment_status":"open","ping_status":"open","sticky":false,"template":"","format":"standard","meta":{"footnotes":""},"categories":[3],"tags":[237,1157],"class_list":["post-184092","post","type-post","status-publish","format-standard","has-post-thumbnail","hentry","category-guncel","tag-anne","tag-cenaze"],"_links":{"self":[{"href":"https:\/\/kamucalisani.net\/index.php\/wp-json\/wp\/v2\/posts\/184092","targetHints":{"allow":["GET"]}}],"collection":[{"href":"https:\/\/kamucalisani.net\/index.php\/wp-json\/wp\/v2\/posts"}],"about":[{"href":"https:\/\/kamucalisani.net\/index.php\/wp-json\/wp\/v2\/types\/post"}],"author":[{"embeddable":true,"href":"https:\/\/kamucalisani.net\/index.php\/wp-json\/wp\/v2\/users\/1"}],"replies":[{"embeddable":true,"href":"https:\/\/kamucalisani.net\/index.php\/wp-json\/wp\/v2\/comments?post=184092"}],"version-history":[{"count":1,"href":"https:\/\/kamucalisani.net\/index.php\/wp-json\/wp\/v2\/posts\/184092\/revisions"}],"predecessor-version":[{"id":184094,"href":"https:\/\/kamucalisani.net\/index.php\/wp-json\/wp\/v2\/posts\/184092\/revisions\/184094"}],"wp:featuredmedia":[{"embeddable":true,"href":"https:\/\/kamucalisani.net\/index.php\/wp-json\/wp\/v2\/media\/184093"}],"wp:attachment":[{"href":"https:\/\/kamucalisani.net\/index.php\/wp-json\/wp\/v2\/media?parent=184092"}],"wp:term":[{"taxonomy":"category","embeddable":true,"href":"https:\/\/kamucalisani.net\/index.php\/wp-json\/wp\/v2\/categories?post=184092"},{"taxonomy":"post_tag","embeddable":true,"href":"https:\/\/kamucalisani.net\/index.php\/wp-json\/wp\/v2\/tags?post=184092"}],"curies":[{"name":"wp","href":"https:\/\/api.w.org\/{rel}","templated":true}]}}