{"id":184383,"date":"2026-02-22T21:06:12","date_gmt":"2026-02-22T21:06:12","guid":{"rendered":"https:\/\/kamucalisani.net\/?p=184383"},"modified":"2026-02-22T21:06:12","modified_gmt":"2026-02-22T21:06:12","slug":"fenerbahcede-sarunas-jasikevicius-sakatligina-ragmen-oynayan-tum-oyunculara-minnettarim","status":"publish","type":"post","link":"https:\/\/kamucalisani.net\/index.php\/2026\/02\/22\/fenerbahcede-sarunas-jasikevicius-sakatligina-ragmen-oynayan-tum-oyunculara-minnettarim\/","title":{"rendered":"Fenerbah\u00e7e&#8217;de Sarunas Jasikevicius: Sakatl\u0131\u011f\u0131na ra\u011fmen oynayan t\u00fcm oyunculara minnettar\u0131m"},"content":{"rendered":"<p><p>Fenerbah\u00e7e Beko Ba\u015fantren\u00f6r\u00fc Sarunas Jasikevicius, Be\u015fikta\u015f GA\u0130N ile T\u00fcrkiye Kupas\u0131 finalinde oynanan ma\u00e7\u0131n ard\u0131ndan konu\u015ftu.<\/p>\n<p>Sarunas Jasikevicius&#8217;un Be\u015fikta\u015f finali sonras\u0131 s\u00f6zleri \u015fu \u015fekilde:<\/p>\n<p>&#8220;Kendimi harika hissediyorum. \u00c7ocuklara te\u015fekk\u00fcr etmem laz\u0131m, finale istedi\u011fimiz gibi haz\u0131rlanamad\u0131k. Fiziksel anlamda \u00e7ok sorun ya\u015fad\u0131k, kimin oynayaca\u011f\u0131n\u0131 bilmiyorduk. Sakatl\u0131\u011f\u0131 bulunan \u00e7ok fazla oyuncumuz vard\u0131 ve bug\u00fcn oynamak i\u00e7in b\u00fcy\u00fck efor sergilediler.<\/p>\n<p>Tabii ki en b\u00fcy\u00fck pay Tar\u0131k&#8217;\u0131n. Sabah oynay\u0131p oynamayaca\u011f\u0131 belli de\u011fildi, buna ra\u011fmen bug\u00fcn 28 say\u0131 att\u0131. Bu inan\u0131lmaz bir adanm\u0131\u015fl\u0131k. Sakatl\u0131\u011f\u0131na ra\u011fmen oynayan t\u00fcm oyunculara minnettar\u0131m.<\/p>\n<p>Ayr\u0131ca taraftar\u0131m\u0131za da \u00e7ok te\u015fekk\u00fcr ederim, inan\u0131lmaz bir atmosfer vard\u0131. Tabii ki Federasyon i\u00e7in b\u00f6yle ma\u00e7lar\u0131 kontrol alt\u0131nda g\u00f6t\u00fcrmek kolay de\u011fil ama iyi bir i\u015f \u00e7\u0131kard\u0131lar. \u0130nan\u0131lmaz bir atmosfer vard\u0131.<\/p>\n<p>Fenerbah\u00e7e&#8217;de olmaktan ve kupalar i\u00e7in m\u00fccadele etmekten dolay\u0131 \u00e7ok mutluyum.&#8221;<\/p>\n\n<p><\/p>\n<p>Kaynak :\u00a0<span style=\"background-color: rgb(255, 249, 236); color: rgb(55, 58, 60); font-size: 14px;\">http:\/\/www.milliyet.com.tr\/skorer\/fenerbahcede-sarunas-jasikevicius-sakatligina-ragmen-oynayan-tum-oyunculara-minnettarim-7542853<\/span><\/p>\n","protected":false},"excerpt":{"rendered":"<p>Fenerbah\u00e7e Beko Ba\u015fantren\u00f6r\u00fc Sarunas Jasikevicius, T\u00fcrkiye Kupas\u0131 finalinin ard\u0131ndan oyuncular\u0131n\u0131n fedak\u00e2rl\u0131\u011f\u0131na dikkat \u00e7ekti. Sakatl\u0131klara ra\u011fmen sahaya \u00e7\u0131kan isimlere te\u015fekk\u00fcr eden Litvanyal\u0131 \u00e7al\u0131\u015ft\u0131r\u0131c\u0131, \u00f6zellikle Tar\u0131k\u2019\u0131n performans\u0131n\u0131 \u00f6verken Fenerbah\u00e7e\u2019de kupalar i\u00e7in m\u00fccadele etmekten dolay\u0131 mutlu oldu\u011funu ifade etti.<\/p>\n","protected":false},"author":1,"featured_media":184384,"comment_status":"open","ping_status":"open","sticky":false,"template":"","format":"standard","meta":{"footnotes":""},"categories":[7],"tags":[],"class_list":["post-184383","post","type-post","status-publish","format-standard","has-post-thumbnail","hentry","category-spor"],"_links":{"self":[{"href":"https:\/\/kamucalisani.net\/index.php\/wp-json\/wp\/v2\/posts\/184383","targetHints":{"allow":["GET"]}}],"collection":[{"href":"https:\/\/kamucalisani.net\/index.php\/wp-json\/wp\/v2\/posts"}],"about":[{"href":"https:\/\/kamucalisani.net\/index.php\/wp-json\/wp\/v2\/types\/post"}],"author":[{"embeddable":true,"href":"https:\/\/kamucalisani.net\/index.php\/wp-json\/wp\/v2\/users\/1"}],"replies":[{"embeddable":true,"href":"https:\/\/kamucalisani.net\/index.php\/wp-json\/wp\/v2\/comments?post=184383"}],"version-history":[{"count":1,"href":"https:\/\/kamucalisani.net\/index.php\/wp-json\/wp\/v2\/posts\/184383\/revisions"}],"predecessor-version":[{"id":184385,"href":"https:\/\/kamucalisani.net\/index.php\/wp-json\/wp\/v2\/posts\/184383\/revisions\/184385"}],"wp:featuredmedia":[{"embeddable":true,"href":"https:\/\/kamucalisani.net\/index.php\/wp-json\/wp\/v2\/media\/184384"}],"wp:attachment":[{"href":"https:\/\/kamucalisani.net\/index.php\/wp-json\/wp\/v2\/media?parent=184383"}],"wp:term":[{"taxonomy":"category","embeddable":true,"href":"https:\/\/kamucalisani.net\/index.php\/wp-json\/wp\/v2\/categories?post=184383"},{"taxonomy":"post_tag","embeddable":true,"href":"https:\/\/kamucalisani.net\/index.php\/wp-json\/wp\/v2\/tags?post=184383"}],"curies":[{"name":"wp","href":"https:\/\/api.w.org\/{rel}","templated":true}]}}