{"id":186006,"date":"2026-03-05T18:06:12","date_gmt":"2026-03-05T18:06:12","guid":{"rendered":"https:\/\/kamucalisani.net\/?p=186006"},"modified":"2026-03-05T18:06:12","modified_gmt":"2026-03-05T18:06:12","slug":"galatasaray-cephesinden-osimhen-aciklamasi-sozlesmesinde-madde-yok","status":"publish","type":"post","link":"https:\/\/kamucalisani.net\/index.php\/2026\/03\/05\/galatasaray-cephesinden-osimhen-aciklamasi-sozlesmesinde-madde-yok\/","title":{"rendered":"Galatasaray cephesinden Osimhen a\u00e7\u0131klamas\u0131! &#8216;S\u00f6zle\u015fmesinde madde yok&#8217;"},"content":{"rendered":"<p><p>Galatasaray&#8217;\u0131n sezon ba\u015f\u0131nda rekor k\u0131rarak kadrosuna katt\u0131\u011f\u0131 Victor Osimhen g\u00f6sterdi\u011fi performansla Avrupa devlerini pe\u015fine takmaya devam ediyor.<\/p>\n<div>\n<div><img decoding=\"async\" src=\"https:\/\/kamucalisani.net\/wp-content\/uploads\/2026\/03\/galatasaray-cephesinden-osimhen-aciklamasi-sozlesmesinde-madde-yok-0-64AEMJyx.jpg\"\/><\/img><\/div>\n<\/div>\n<p><strong>&#8216;MET\u0130N OKTAY 1, OSIMHEN 2&#8217;<\/strong><\/p>\n<p>Sar\u0131-k\u0131rm\u0131z\u0131l\u0131lar\u0131n Ba\u015fkan\u0131 Dursun \u00d6zbek, Nijeryal\u0131 y\u0131ld\u0131z i\u00e7in yapt\u0131\u011f\u0131 a\u00e7\u0131klamada, &#8220;Galatasaray\u2019a gelmi\u015f ge\u00e7mi\u015f santrforlar aras\u0131nda Metin Oktay\u2019dan sonra beni en \u00e7ok heyecanland\u0131ran oyuncu Osimhen&#8230; Ola\u011fan\u00fcst\u00fc! Onu her yerde ilgi ve hayranl\u0131kla takip ediyoruz. Ma\u00e7 se\u00e7meden, hatta antrenmanlarda bile ma\u00e7taym\u0131\u015f gibi y\u00fcksek tempoyla m\u00fccadele ediyor. Bazen sakatlanacak diye korkuyoruz. Ama o \u00e7ok iyi bir profesyonel ve kendisine \u00e7ok iyi bak\u0131yor. Arkada\u015flar\u0131yla da aras\u0131 \u00e7ok iyi.&#8221; ifadelerini kulland\u0131.<\/p>\n<p><strong>&#8216;S\u00d6ZLE\u015eMES\u0130NDE MADDE YOK&#8217;<\/strong><\/p>\n<p>Son olarak Victor Osimhen&#8217;in s\u00f6zle\u015fmesinde serbest kalma maddesi i\u00e7in konu\u015fan Dursun \u00d6zbek \u015fu ifadeleri sarf etti:<\/p>\n<p>&#8220;Osimhen\u2019in s\u00f6zle\u015fmesinde \u00e7\u0131k\u0131\u015f maddesi yok. Son derece ba\u015far\u0131l\u0131 ve Galatasaray\u2019a uzun y\u0131llar hizmet edecek futbolcu. Belki transfer etti\u011fimiz g\u00fcn miktar\u0131n y\u00fcksek oldu\u011fu konu\u015fuldu ama bug\u00fcn futbol kamuoyunda verilen bonservis bedelinin d\u00fc\u015f\u00fck kald\u0131\u011f\u0131 ve oyuncunun de\u011ferinin \u00e7ok daha y\u00fcksek oldu\u011fu g\u00f6r\u00fc\u015f\u00fc hakim.&#8221;<\/p>\n<p><strong>PERFORMANSI<\/strong><\/p>\n<p>Bu sezon Galatasaray formas\u0131yla 25 resmi ma\u00e7a \u00e7\u0131kan Victor Osimhen bu kar\u015f\u0131la\u015fmalarda 17 gol ve 6 asistlik skor katk\u0131s\u0131 sa\u011flad\u0131.<\/p>\n\n<p><\/p>\n<p>Kaynak :\u00a0<span style=\"background-color: rgb(255, 249, 236); color: rgb(55, 58, 60); font-size: 14px;\">http:\/\/www.milliyet.com.tr\/skorer\/galatasaray-cephesinden-osimhen-aciklamasi-sozlesmesinde-madde-yok-7549370<\/span><\/p>\n","protected":false},"excerpt":{"rendered":"<p>Galatasaray&#8217;da g\u00f6sterdi\u011fi performans ile g\u00f6z dolduran Victor Osimhen i\u00e7in kritik bir a\u00e7\u0131klama geldi. Sar\u0131-k\u0131rm\u0131zl\u0131 ekibin ba\u015fkan\u0131 Dursun \u00d6zbek golc\u00fc isim ile ilgili \u00f6nemli a\u00e7\u0131klamalarda bulundu.<\/p>\n","protected":false},"author":1,"featured_media":186007,"comment_status":"open","ping_status":"open","sticky":false,"template":"","format":"standard","meta":{"footnotes":""},"categories":[7],"tags":[8673],"class_list":["post-186006","post","type-post","status-publish","format-standard","has-post-thumbnail","hentry","category-spor","tag-osimhen"],"_links":{"self":[{"href":"https:\/\/kamucalisani.net\/index.php\/wp-json\/wp\/v2\/posts\/186006","targetHints":{"allow":["GET"]}}],"collection":[{"href":"https:\/\/kamucalisani.net\/index.php\/wp-json\/wp\/v2\/posts"}],"about":[{"href":"https:\/\/kamucalisani.net\/index.php\/wp-json\/wp\/v2\/types\/post"}],"author":[{"embeddable":true,"href":"https:\/\/kamucalisani.net\/index.php\/wp-json\/wp\/v2\/users\/1"}],"replies":[{"embeddable":true,"href":"https:\/\/kamucalisani.net\/index.php\/wp-json\/wp\/v2\/comments?post=186006"}],"version-history":[{"count":1,"href":"https:\/\/kamucalisani.net\/index.php\/wp-json\/wp\/v2\/posts\/186006\/revisions"}],"predecessor-version":[{"id":186009,"href":"https:\/\/kamucalisani.net\/index.php\/wp-json\/wp\/v2\/posts\/186006\/revisions\/186009"}],"wp:featuredmedia":[{"embeddable":true,"href":"https:\/\/kamucalisani.net\/index.php\/wp-json\/wp\/v2\/media\/186007"}],"wp:attachment":[{"href":"https:\/\/kamucalisani.net\/index.php\/wp-json\/wp\/v2\/media?parent=186006"}],"wp:term":[{"taxonomy":"category","embeddable":true,"href":"https:\/\/kamucalisani.net\/index.php\/wp-json\/wp\/v2\/categories?post=186006"},{"taxonomy":"post_tag","embeddable":true,"href":"https:\/\/kamucalisani.net\/index.php\/wp-json\/wp\/v2\/tags?post=186006"}],"curies":[{"name":"wp","href":"https:\/\/api.w.org\/{rel}","templated":true}]}}