{"id":187426,"date":"2026-03-17T22:30:16","date_gmt":"2026-03-17T22:30:16","guid":{"rendered":"https:\/\/kamucalisani.net\/?p=187426"},"modified":"2026-03-17T22:30:16","modified_gmt":"2026-03-17T22:30:16","slug":"iletisim-baskani-durandan-gazeteci-ve-yazarlarla-iftar-programina-iliskin-paylasim","status":"publish","type":"post","link":"https:\/\/kamucalisani.net\/index.php\/2026\/03\/17\/iletisim-baskani-durandan-gazeteci-ve-yazarlarla-iftar-programina-iliskin-paylasim\/","title":{"rendered":"\u0130leti\u015fim Ba\u015fkan\u0131 Duran&#8217;dan &#8220;Gazeteci ve Yazarlarla \u0130ftar Program\u0131&#8221;na ili\u015fkin payla\u015f\u0131m"},"content":{"rendered":"<p><p>Cumhurba\u015fkanl\u0131\u011f\u0131 \u0130leti\u015fim Ba\u015fkan\u0131 Burhanettin Duran, Cumhurba\u015fkanl\u0131\u011f\u0131 K\u00fclliyesi&#8217;nde d\u00fczenlenen, &#8220;Gazeteci ve Yazarlarla \u0130ftar Program\u0131&#8221;na ili\u015fkin NSosyal hesab\u0131ndan a\u00e7\u0131klamada bulundu.<\/p>\n<p>Cumhurba\u015fkan\u0131 Recep Tayyip Erdo\u011fan&#8217;\u0131n iftar program\u0131nda yapt\u0131\u011f\u0131 konu\u015fman\u0131n, i\u00e7inde bulunulan d\u00f6nemi anlamak a\u00e7\u0131s\u0131ndan son derece \u00f6nemli oldu\u011funu belirten Duran, \u015funlar\u0131 kaydetti:<\/p>\n<p>&#8220;&#8216;Hakikat m\u00fccadelesi&#8217; vurgusu, sadece sahadaki geli\u015fmeleri de\u011fil, bilgiyi ve medyay\u0131 da kapsayan bir sorumlulu\u011fa i\u015faret etmektedir. B\u00f6lgemizde ya\u015fanan trajediler kar\u015f\u0131s\u0131nda ger\u00e7eklerin do\u011fru ve eksiksiz bir \u015fekilde aktar\u0131lmas\u0131n\u0131n \u00f6nemi son derece b\u00fcy\u00fckt\u00fcr. Say\u0131n Cumhurba\u015fkan\u0131m\u0131z\u0131n medyaya yapt\u0131\u011f\u0131 \u00e7a\u011fr\u0131, sorumlulu\u011fun yaln\u0131zca kurumlara de\u011fil hepimize ait oldu\u011funu hat\u0131rlatmakta ve bu \u00e7er\u00e7evede daha etkin, bilin\u00e7li ve ilkeli bir duru\u015fun gereklili\u011fini ortaya koymaktad\u0131r. Cumhurba\u015fkan\u0131m\u0131z\u0131n konu\u015fmas\u0131nda ayr\u0131ca T\u00fcrkiye&#8217;nin medya alan\u0131nda katetti\u011fi mesafeye ve bug\u00fcn sahip oldu\u011fumuz daha \u00f6zg\u00fcr, \u00e7o\u011fulcu bas\u0131n iklimine dikkat \u00e7ekmesi, hem ge\u00e7mi\u015fi hem de gelece\u011fi kavrayan bir perspektif sunmaktad\u0131r. Dezenformasyonla m\u00fccadeleye yap\u0131lan vurgu da g\u00fcn\u00fcm\u00fcz ko\u015fullar\u0131nda do\u011fru bilginin ne kadar de\u011ferli oldu\u011funu g\u00f6stermektedir.&#8221;<\/p>\n\n<p><\/p>\n<p>Kaynak :\u00a0<span style=\"background-color: rgb(255, 249, 236); color: rgb(55, 58, 60); font-size: 14px;\">http:\/\/www.milliyet.com.tr\/gundem\/iletisim-baskani-durandan-gazeteci-ve-yazarlarla-iftar-programina-iliskin-paylasim-7556372<\/span><\/p>\n","protected":false},"excerpt":{"rendered":"<p>Cumhurba\u015fkanl\u0131\u011f\u0131 \u0130leti\u015fim Ba\u015fkan\u0131 Burhanettin Duran, &#8220;Say\u0131n Cumhurba\u015fkan\u0131m\u0131z\u0131n medyaya yapt\u0131\u011f\u0131 \u00e7a\u011fr\u0131, sorumlulu\u011fun yaln\u0131zca kurumlara de\u011fil hepimize ait oldu\u011funu hat\u0131rlatmakta ve bu \u00e7er\u00e7evede daha etkin, bilin\u00e7li ve ilkeli bir duru\u015fun gereklili\u011fini ortaya koymaktad\u0131r.&#8221; ifadesini kulland\u0131.<\/p>\n","protected":false},"author":1,"featured_media":187427,"comment_status":"open","ping_status":"open","sticky":false,"template":"","format":"standard","meta":{"footnotes":""},"categories":[3],"tags":[],"class_list":["post-187426","post","type-post","status-publish","format-standard","has-post-thumbnail","hentry","category-guncel"],"_links":{"self":[{"href":"https:\/\/kamucalisani.net\/index.php\/wp-json\/wp\/v2\/posts\/187426","targetHints":{"allow":["GET"]}}],"collection":[{"href":"https:\/\/kamucalisani.net\/index.php\/wp-json\/wp\/v2\/posts"}],"about":[{"href":"https:\/\/kamucalisani.net\/index.php\/wp-json\/wp\/v2\/types\/post"}],"author":[{"embeddable":true,"href":"https:\/\/kamucalisani.net\/index.php\/wp-json\/wp\/v2\/users\/1"}],"replies":[{"embeddable":true,"href":"https:\/\/kamucalisani.net\/index.php\/wp-json\/wp\/v2\/comments?post=187426"}],"version-history":[{"count":1,"href":"https:\/\/kamucalisani.net\/index.php\/wp-json\/wp\/v2\/posts\/187426\/revisions"}],"predecessor-version":[{"id":187428,"href":"https:\/\/kamucalisani.net\/index.php\/wp-json\/wp\/v2\/posts\/187426\/revisions\/187428"}],"wp:featuredmedia":[{"embeddable":true,"href":"https:\/\/kamucalisani.net\/index.php\/wp-json\/wp\/v2\/media\/187427"}],"wp:attachment":[{"href":"https:\/\/kamucalisani.net\/index.php\/wp-json\/wp\/v2\/media?parent=187426"}],"wp:term":[{"taxonomy":"category","embeddable":true,"href":"https:\/\/kamucalisani.net\/index.php\/wp-json\/wp\/v2\/categories?post=187426"},{"taxonomy":"post_tag","embeddable":true,"href":"https:\/\/kamucalisani.net\/index.php\/wp-json\/wp\/v2\/tags?post=187426"}],"curies":[{"name":"wp","href":"https:\/\/api.w.org\/{rel}","templated":true}]}}