{"id":187686,"date":"2026-03-18T10:36:13","date_gmt":"2026-03-18T10:36:13","guid":{"rendered":"https:\/\/kamucalisani.net\/?p=187686"},"modified":"2026-03-18T10:36:13","modified_gmt":"2026-03-18T10:36:13","slug":"afrika-uluslar-kupasi-sampiyonlugu-el-degistirdi-fasa-kupayi-fenerbahce-ornegi-getirdi","status":"publish","type":"post","link":"https:\/\/kamucalisani.net\/index.php\/2026\/03\/18\/afrika-uluslar-kupasi-sampiyonlugu-el-degistirdi-fasa-kupayi-fenerbahce-ornegi-getirdi\/","title":{"rendered":"Afrika Uluslar Kupas\u0131 \u015fampiyonlu\u011fu el de\u011fi\u015ftirdi! Fas&#8217;a kupay\u0131 Fenerbah\u00e7e \u00f6rne\u011fi getirdi"},"content":{"rendered":"<p><p>Afrika Futbol Konfederasyonu (CAF), 35. Afrika Uluslar Kupas\u0131 (AFCON 2025) \u015fampiyonlu\u011funun el de\u011fi\u015ftirerek Senegal&#8217;den Fas&#8217;a verildi\u011fini duyurdu.<\/p>\n<p>CAF Temyiz Kurulu, yapt\u0131\u011f\u0131 a\u00e7\u0131klamada, Senegal&#8217;in finali h\u00fckmen kaybetti\u011fine ve ma\u00e7 sonucunun Fas lehine 3-0 olarak kaydedildi\u011fine karar verdi\u011fini bildirdi.<\/p>\n<p>Finalde Senegal&#8217;e 1-0 yenilen Fas&#8217;\u0131n, rakip tak\u0131m futbolcu ile teknik ekibinin ma\u00e7taki itiraz\u0131 ve sahay\u0131 terk etmesi nedeniyle \u015fampiyon olarak ilan edildi\u011fi bildirildi.<\/p>\n<p>A\u00e7\u0131klamada, &#8220;Fas Kraliyet Futbol Federasyonu (FRMF) taraf\u0131ndan yap\u0131lan itiraz\u0131n \u015fekli itibar\u0131yla kabul edilebilir oldu\u011funa ve itiraz\u0131n onayland\u0131\u011f\u0131na karar verilmi\u015ftir. Senegal Futbol Federasyonunun (FSF), tak\u0131m\u0131n\u0131n davran\u0131\u015flar\u0131yla Afrika Uluslar Kupas\u0131 Y\u00f6netmeli\u011fi&#8217;nin 82. maddesini ihlal etti\u011fi ilan edilmi\u015ftir. Afrika Uluslar Kupas\u0131 T\u00fcz\u00fc\u011f\u00fc&#8217;n\u00fcn 84. maddesi uyar\u0131nca, Senegal tak\u0131m\u0131n\u0131n ma\u00e7\u0131 h\u00fckmen kaybetti\u011fi ve ma\u00e7\u0131n sonucunun Fas Kraliyet Futbol Federasyonu (FRMF) lehine 3-0 olarak kaydedildi\u011fi ilan edilmi\u015ftir.&#8221; ifadeleri yer ald\u0131.<\/p>\n<p><strong>SAHADAN \u00c7EK\u0130LM\u0130\u015eLERD\u0130<\/strong><\/p>\n<p>Afrika Uluslar Kupas\u0131&#8217;n\u0131 uzatmalarda ev sahibi Fas&#8217;\u0131 1-0 ma\u011flup eden Senegal kazanm\u0131\u015ft\u0131.<\/p>\n<p>Ma\u00e7\u0131n 90+5. dakikas\u0131nda Senegalli Malick Diouf&#8217;un Fasl\u0131 oyuncu Brahim Diaz&#8217;a ceza sahas\u0131nda yapt\u0131\u011f\u0131 m\u00fcdahale sonras\u0131 VAR incelemesinin ard\u0131ndan Fas penalt\u0131 kazanm\u0131\u015ft\u0131. Senegalli futbolcular\u0131n penalt\u0131 karar\u0131na itiraz\u0131 nedeniyle oyun uzun s\u00fcre durmu\u015ftu. Sahadan \u00e7ekilerek soyuna odas\u0131na giden Senegalli futbolcular\u0131n tekrar sahaya d\u00f6nmesi sonras\u0131nda Fas&#8217;tan Brahim Diaz&#8217;\u0131n 90+24. dakikada kulland\u0131\u011f\u0131 &#8220;Panenka&#8221; penalt\u0131s\u0131n\u0131 Edouard Mendy kurtarm\u0131\u015f ve ma\u00e7 uzatmalara gitmi\u015fti.<\/p>\n<p>Uzatmalara giden ma\u00e7\u0131n 94. dakikas\u0131nda Senegal, Pape Gueye&#8217;nin gol\u00fcyle 1-0 \u00f6ne ge\u00e7mi\u015fti. Kar\u015f\u0131la\u015fmada ba\u015fka gol olmay\u0131nca Senegal, 35. Afrika Uluslar Kupas\u0131&#8217;n\u0131 m\u00fczesine g\u00f6t\u00fcren taraf olmu\u015ftu.<\/p>\n<p><strong>FENERBAH\u00c7E \u00d6RNE\u011e\u0130<\/strong><\/p>\n<p>Frans\u0131z bas\u0131n\u0131ndan Le Parisien&#8217;de yer alan habere g\u00f6re Fas Futbol Federasyonu&#8217;nun yakla\u015f\u0131k iki ayl\u0131k bir m\u00fccadelesinin ard\u0131ndan Afrika Uluslar Kupas\u0131 \u015fampiyonlu\u011fu Senegal&#8217;den Fas&#8217;a verildi.<\/p>\n<p>2018-2019 CAF \u015eampiyonlar Ligi finali (Wydad-Esp\u00e9rance Tunis) ve 2024 y\u0131l\u0131nda oynanan T\u00fcrkiye S\u00fcper Kupas\u0131 (Fenerbah\u00e7e-Galatasaray) \u00f6rneklerini \u00f6ne s\u00fcren Fas Futbol Federasyonu, davay\u0131 kazand\u0131.<\/p>\n<p><strong>NE YA\u015eANMI\u015eTI?<\/strong><\/p>\n<p>2024 y\u0131l\u0131nda \u015eanl\u0131urfa&#8217;da Galatasaray ile Fenerbah\u00e7e aras\u0131nda oynanacak S\u00fcper Kupa ma\u00e7\u0131 \u00f6ncesi sar\u0131-lacivertli ekip TFF ile kar\u015f\u0131la\u015fman\u0131n tarihi konusunda anla\u015fmazl\u0131k ya\u015fam\u0131\u015f ve sahaya U19 tak\u0131m\u0131yla \u00e7\u0131kma karar\u0131 alm\u0131\u015ft\u0131.<\/p>\n<p>Hakem Volkan Bayarslan&#8217;\u0131n d\u00fcd\u00fc\u011f\u00fcyle ba\u015flayan kar\u015f\u0131la\u015fman\u0131n ilk dakikas\u0131nda Galatasaray, Mauro Icardi ile buldu\u011fu golle 1-0 \u00f6ne ge\u00e7mi\u015fti. Sonras\u0131nda ise sar\u0131-lacivertli ekibin 2. dakikada sahadan \u00e7ekilmesinin ard\u0131ndan hakem Volkan Bayarslan taraf\u0131ndan ma\u00e7 tatil edilmi\u015f h\u00fckmen Galatasaray galip say\u0131lm\u0131\u015ft\u0131.<\/p>\n\n<p><\/p>\n<p>Kaynak :\u00a0<span style=\"background-color: rgb(255, 249, 236); color: rgb(55, 58, 60); font-size: 14px;\">http:\/\/www.milliyet.com.tr\/skorer\/afrika-uluslar-kupasi-sampiyonlugu-el-degistirdi-fasa-kupayi-fenerbahce-ornegi-getirdi-7556717<\/span><\/p>\n","protected":false},"excerpt":{"rendered":"<p>Afrika Futbol Konfederasyonu, 35. Afrika Uluslar Kupas\u0131&#8217;nda \u015fampiyonlu\u011fu Senegal&#8217;den Fas&#8217;a verdi. Fas&#8217;\u0131n itiraz\u0131nda Fenerbah\u00e7e \u00f6rne\u011fini kulland\u0131\u011f\u0131 ortaya \u00e7\u0131kt\u0131.<\/p>\n","protected":false},"author":1,"featured_media":187687,"comment_status":"open","ping_status":"open","sticky":false,"template":"","format":"standard","meta":{"footnotes":""},"categories":[7],"tags":[10584,2008,9419,288,2379],"class_list":["post-187686","post","type-post","status-publish","format-standard","has-post-thumbnail","hentry","category-spor","tag-afrika-uluslar-kupasi","tag-fas","tag-futbol-federasyonu","tag-mac","tag-senegal"],"_links":{"self":[{"href":"https:\/\/kamucalisani.net\/index.php\/wp-json\/wp\/v2\/posts\/187686","targetHints":{"allow":["GET"]}}],"collection":[{"href":"https:\/\/kamucalisani.net\/index.php\/wp-json\/wp\/v2\/posts"}],"about":[{"href":"https:\/\/kamucalisani.net\/index.php\/wp-json\/wp\/v2\/types\/post"}],"author":[{"embeddable":true,"href":"https:\/\/kamucalisani.net\/index.php\/wp-json\/wp\/v2\/users\/1"}],"replies":[{"embeddable":true,"href":"https:\/\/kamucalisani.net\/index.php\/wp-json\/wp\/v2\/comments?post=187686"}],"version-history":[{"count":1,"href":"https:\/\/kamucalisani.net\/index.php\/wp-json\/wp\/v2\/posts\/187686\/revisions"}],"predecessor-version":[{"id":187688,"href":"https:\/\/kamucalisani.net\/index.php\/wp-json\/wp\/v2\/posts\/187686\/revisions\/187688"}],"wp:featuredmedia":[{"embeddable":true,"href":"https:\/\/kamucalisani.net\/index.php\/wp-json\/wp\/v2\/media\/187687"}],"wp:attachment":[{"href":"https:\/\/kamucalisani.net\/index.php\/wp-json\/wp\/v2\/media?parent=187686"}],"wp:term":[{"taxonomy":"category","embeddable":true,"href":"https:\/\/kamucalisani.net\/index.php\/wp-json\/wp\/v2\/categories?post=187686"},{"taxonomy":"post_tag","embeddable":true,"href":"https:\/\/kamucalisani.net\/index.php\/wp-json\/wp\/v2\/tags?post=187686"}],"curies":[{"name":"wp","href":"https:\/\/api.w.org\/{rel}","templated":true}]}}