{"id":187770,"date":"2026-03-18T12:36:18","date_gmt":"2026-03-18T12:36:18","guid":{"rendered":"https:\/\/kamucalisani.net\/?p=187770"},"modified":"2026-03-18T12:36:18","modified_gmt":"2026-03-18T12:36:18","slug":"canakkale-destani-111-yil-sonra-ayni-ruhla-anildi","status":"publish","type":"post","link":"https:\/\/kamucalisani.net\/index.php\/2026\/03\/18\/canakkale-destani-111-yil-sonra-ayni-ruhla-anildi\/","title":{"rendered":"\u00c7anakkale destan\u0131 111 y\u0131l sonra ayn\u0131 ruhla an\u0131ld\u0131"},"content":{"rendered":"<p><p>\u00c7anakkale \u015eehitler Abidesi\u2019nde 18 Mart \u00c7anakkale Zaferi\u2019nin 111\u2019inci y\u0131l d\u00f6n\u00fcm\u00fc dolay\u0131s\u0131yla d\u00fczenlenen bu y\u0131lki anma t\u00f6renleri devlet protokol\u00fcn\u00fc bir araya getirdi. Cumhurba\u015fkan\u0131 Yard\u0131mc\u0131s\u0131 Cevdet Y\u0131lmaz, K\u00fclt\u00fcr ve Turizm Bakan\u0131 Mehmet Nuri Ersoy, Mill\u00ee Savunma Bakan\u0131 Ya\u015far G\u00fcler ile Aile ve Sosyal Hizmetler Bakan\u0131 Mahinur \u00d6zdemir G\u00f6kta\u015f&#8217;\u0131n kat\u0131l\u0131m\u0131yla d\u00fczenlenen t\u00f6ren yabanc\u0131 misyon temsilcileri ve il protokol\u00fcn\u00fcn geni\u015f kat\u0131l\u0131m\u0131yla ger\u00e7ekle\u015fti. \u015eehitliklere karanfil b\u0131rak\u0131lan t\u00f6rende, Deniz Kuvvetleri Komutanl\u0131\u011f\u0131 gemi ge\u00e7i\u015fi ve Solo T\u00fcrk g\u00f6sterisi yap\u0131ld\u0131.<\/p>\n<p><strong>\u201cTAR\u0130H\u0130N AKI\u015eINI DE\u011e\u0130\u015eT\u0130REN B\u0130R M\u0130LLET\u201d<\/strong><\/p>\n<p>Bakan Ersoy, t\u00f6rende yapt\u0131\u011f\u0131 konu\u015fmada \u00c7anakkale\u2019nin yaln\u0131zca bir zafer de\u011fil, tarihin y\u00f6n\u00fcn\u00fc de\u011fi\u015ftiren bir d\u00f6n\u00fcm noktas\u0131 oldu\u011funu vurgulad\u0131. Her sahada tarihin ak\u0131\u015f\u0131n\u0131 de\u011fi\u015ftiren pek \u00e7ok eylemin, olay\u0131n, \u00e7al\u0131\u015fman\u0131n, eser ve bulu\u015fun banisi olan T\u00fcrk milletinin, istiklal ve istikbali s\u00f6z konusu oldu\u011funda, vatan\u0131na ve bayra\u011f\u0131na g\u00f6z dikildi\u011finde sava\u015f meydan\u0131nda da tarihin ak\u0131\u015f\u0131n\u0131 de\u011fi\u015ftirmeye; co\u011frafyalar\u0131 ve devletleri \u015fekillendirmeye daima muktedir oldu\u011funu kaydeden Ersoy, &#8220;Ordinary\u00fcs Profes\u00f6r Fritz Neumark bu ger\u00e7e\u011fi &#8216;Tarihten T\u00fcrkleri \u00e7\u0131kar\u0131rsan\u0131z ortada tarih diye bir \u015fey kalmaz&#8217; diyerek dile getirmi\u015ftir. Unutanlar\u0131n haf\u0131zas\u0131na, 20\u2019nci y\u00fczy\u0131lda bir kez daha bu ger\u00e7e\u011fi m\u0131h gibi \u00e7akt\u0131\u011f\u0131m\u0131z yerdir \u00c7anakkale. Vatan s\u00f6z konusu oldu\u011funda yoklu\u011fu ve yoksunlu\u011fu umursamayan, teredd\u00fct etmeyen, vazge\u00e7meyenlerin canlar\u0131yla, kanlar\u0131yla, tertemiz imanlar\u0131yla \u00e7izdi\u011fi ge\u00e7ilemez s\u0131n\u0131rd\u0131r bu topraklar.\u201d dedi.<\/p>\n<p>\u00a0<\/p>\n<p><strong>\u201cDEN\u0130Z ZAFER\u0130N\u0130N ARDINDAK\u0130 GER\u00c7EK\u201d <\/strong><\/p>\n<p>Ersoy, deniz zaferlerinin iki donanma aras\u0131ndaki \u00e7arp\u0131\u015fmalarda kazanan tarafa atfedilen ba\u015far\u0131 oldu\u011funu vurgulayarak \u015f\u00f6yle devam etti:<\/p>\n<p>&#8220;H\u00e2lbuki Bo\u011faz\u0131 ve \u00e7evresini savunan T\u00fcrk ordusu; 2. A\u011f\u0131r Top\u00e7u Tugay\u0131, Erenk\u00f6y A\u011f\u0131r Top\u00e7u B\u00f6lge Komutanl\u0131\u011f\u0131 ile 9. ve 11. Piyade t\u00fcmenlerinden olu\u015fuyordu. Herhangi bir donanma g\u00fcc\u00fc s\u00f6z konusu de\u011fildi. Buna kar\u015f\u0131n i\u015fgal kuvvetleri ise tarihin o zamana kadar g\u00f6rd\u00fc\u011f\u00fc en b\u00fcy\u00fck donanma g\u00fcc\u00fcyle \u00c7anakkale\u2019ye h\u00fccum ediyordu. Mehmet Akif\u2019in &#8216;Tepeden yol bularak ge\u00e7mek i\u00e7in Marmara&#8217;ya \/ Ka\u00e7 donanmayla sar\u0131lm\u0131\u015f ufac\u0131k bir karaya.&#8217; m\u0131sralar\u0131n\u0131n ard\u0131nda, taraflar aras\u0131ndaki bu muazzam fark yatmaktad\u0131r.\u201d<\/p>\n<div>\n<div><img decoding=\"async\" src=\"https:\/\/kamucalisani.net\/wp-content\/uploads\/2026\/03\/canakkale-destani-111-yil-sonra-ayni-ruhla-anildi-0-UH9ryczC.jpg\"\/><\/img><\/div>\n<\/div>\n<p>\u00c7anakkale sular\u0131na yaz\u0131lan destan\u0131n, \u015fanl\u0131 deniz zaferinin 111\u2019inci y\u0131l d\u00f6n\u00fcm\u00fcn\u00fc kutlayan Ersoy, ba\u015fta \u00c7anakkale \u015fehitlerimiz ve ahirete irtihal etmi\u015f gazilerimiz olmak \u00fczere T\u00fcrk milletinin varl\u0131\u011f\u0131 ve mukaddesat\u0131 i\u00e7in can\u0131n\u0131 vermi\u015f, kan\u0131n\u0131 d\u00f6km\u00fc\u015f, \u00f6mr\u00fcn\u00fc vakfetmi\u015f c\u00fcmle ge\u00e7mi\u015flerimizi; Kurtulu\u015f Sava\u015f\u0131m\u0131z\u0131n Ba\u015fkomutan\u0131 ve Cumhuriyetimizin kurucusu Gazi Mustafa Kemal Atat\u00fcrk ve silah arkada\u015flar\u0131n\u0131 anarak konu\u015fmas\u0131n\u0131 tamamlad\u0131.<\/p>\n<p><\/p>\n<p>Kaynak :\u00a0<span style=\"background-color: rgb(255, 249, 236); color: rgb(55, 58, 60); font-size: 14px;\">http:\/\/www.milliyet.com.tr\/gundem\/canakkale-destani-111-yil-sonra-ayni-ruhla-anildi-7556765<\/span><\/p>\n","protected":false},"excerpt":{"rendered":"<p>\u00c7anakkale \u015eehitler Abidesi\u2019nde d\u00fczenlenen 18 Mart \u015eehitleri Anma T\u00f6reni, Cumhurba\u015fkan\u0131 Yard\u0131mc\u0131s\u0131 Cevdet Y\u0131lmaz ve K\u00fclt\u00fcr ve Turizm Bakan\u0131 Mehmet Nuri Ersoy\u2019un kat\u0131l\u0131m\u0131yla ger\u00e7ekle\u015ftirildi. Sayg\u0131 duru\u015fundan deniz ge\u00e7i\u015flerine, \u015fehitliklere karanfil b\u0131rak\u0131lmas\u0131ndan Solo T\u00fcrk g\u00f6sterisine kadar bir\u00e7ok program\u0131n yer ald\u0131\u011f\u0131 t\u00f6rende, \u00c7anakkale ruhu bir kez daha g\u00fc\u00e7l\u00fc \u015fekilde vurguland\u0131.<\/p>\n","protected":false},"author":1,"featured_media":187771,"comment_status":"open","ping_status":"open","sticky":false,"template":"","format":"standard","meta":{"footnotes":""},"categories":[3],"tags":[701,1158,11447,221,12096],"class_list":["post-187770","post","type-post","status-publish","format-standard","has-post-thumbnail","hentry","category-guncel","tag-canakkale","tag-ersoy","tag-tarihin","tag-turk","tag-zafer"],"_links":{"self":[{"href":"https:\/\/kamucalisani.net\/index.php\/wp-json\/wp\/v2\/posts\/187770","targetHints":{"allow":["GET"]}}],"collection":[{"href":"https:\/\/kamucalisani.net\/index.php\/wp-json\/wp\/v2\/posts"}],"about":[{"href":"https:\/\/kamucalisani.net\/index.php\/wp-json\/wp\/v2\/types\/post"}],"author":[{"embeddable":true,"href":"https:\/\/kamucalisani.net\/index.php\/wp-json\/wp\/v2\/users\/1"}],"replies":[{"embeddable":true,"href":"https:\/\/kamucalisani.net\/index.php\/wp-json\/wp\/v2\/comments?post=187770"}],"version-history":[{"count":1,"href":"https:\/\/kamucalisani.net\/index.php\/wp-json\/wp\/v2\/posts\/187770\/revisions"}],"predecessor-version":[{"id":187773,"href":"https:\/\/kamucalisani.net\/index.php\/wp-json\/wp\/v2\/posts\/187770\/revisions\/187773"}],"wp:featuredmedia":[{"embeddable":true,"href":"https:\/\/kamucalisani.net\/index.php\/wp-json\/wp\/v2\/media\/187771"}],"wp:attachment":[{"href":"https:\/\/kamucalisani.net\/index.php\/wp-json\/wp\/v2\/media?parent=187770"}],"wp:term":[{"taxonomy":"category","embeddable":true,"href":"https:\/\/kamucalisani.net\/index.php\/wp-json\/wp\/v2\/categories?post=187770"},{"taxonomy":"post_tag","embeddable":true,"href":"https:\/\/kamucalisani.net\/index.php\/wp-json\/wp\/v2\/tags?post=187770"}],"curies":[{"name":"wp","href":"https:\/\/api.w.org\/{rel}","templated":true}]}}