{"id":189379,"date":"2026-03-22T07:54:11","date_gmt":"2026-03-22T07:54:11","guid":{"rendered":"https:\/\/kamucalisani.net\/?p=189379"},"modified":"2026-03-22T07:54:11","modified_gmt":"2026-03-22T07:54:11","slug":"genc-kadinin-yillar-suren-kabusu-kanli-saldiriyla-ortaya-cikti-14-yasinda-istismar-sonucu-zorla-evlendirildi","status":"publish","type":"post","link":"https:\/\/kamucalisani.net\/index.php\/2026\/03\/22\/genc-kadinin-yillar-suren-kabusu-kanli-saldiriyla-ortaya-cikti-14-yasinda-istismar-sonucu-zorla-evlendirildi\/","title":{"rendered":"Gen\u00e7 kad\u0131n\u0131n y\u0131llar s\u00fcren kabusu kanl\u0131 sald\u0131r\u0131yla ortaya \u00e7\u0131kt\u0131! 14 ya\u015f\u0131nda istismar sonucu zorla evlendirildi"},"content":{"rendered":"<p><p>Bursa\u2019da, bo\u015fanma a\u015famas\u0131ndaki e\u015fi Ahmet Y\u0131ld\u0131z (30) taraf\u0131ndan g\u00f6\u011fs\u00fcnden, karn\u0131ndan ve bile\u011finden tabancayla vurulan Tu\u011f\u00e7e Y\u0131ld\u0131z (21), 2 ay s\u00fcren tedavisinin ard\u0131ndan hastaneden taburcu olurken, ya\u015fad\u0131klar\u0131n\u0131 DHA muhabirine anlatt\u0131. 14 ya\u015f\u0131ndayken, teyzesinin o\u011flu olan Ahmet Y\u0131ld\u0131z\u2019\u0131n istismar\u0131 sonucu evlenmek zorunda kald\u0131\u011f\u0131n\u0131 \u00f6ne s\u00fcren 1 \u00e7ocuk annesi Y\u0131ld\u0131z, \u201cO zaman 14 ya\u015f\u0131ndayd\u0131m. Evlenmek zorunda kald\u0131m. 18 y\u0131l 6 ay ceza ald\u0131 ama hapis yatmad\u0131. Cezaevine girmesini \u00e7ok isterdim. \u00c7ok dua ettim. Bu duan\u0131n kar\u015f\u0131l\u0131\u011f\u0131n\u0131 neredeyse can\u0131mla \u00f6d\u00fcyordum\u201d dedi.<\/p>\n<p>Olay, 11 Ocak&#8217;ta saat 13.30 s\u0131ralar\u0131nda Y\u0131ld\u0131r\u0131m il\u00e7esi Hacivat Mahallesi\u2019ndeki 2 katl\u0131 binan\u0131n \u00fcst kat\u0131ndaki dairede meydana geldi. Bo\u015fanma a\u015famas\u0131nda olan Ahmet Y\u0131ld\u0131z ile Tu\u011f\u00e7e Y\u0131ld\u0131z aras\u0131nda tart\u0131\u015fma \u00e7\u0131kt\u0131. Tart\u0131\u015fma s\u0131ras\u0131nda Ahmet Y\u0131ld\u0131z, \u00fczerindeki tabancayla e\u015fine ate\u015f etti. Tu\u011f\u00e7e Y\u0131ld\u0131z, g\u00f6\u011fs\u00fcne ve karn\u0131na isabet eden mermilerle yere y\u0131\u011f\u0131ld\u0131, \u015f\u00fcpheli ise ka\u00e7t\u0131. \u0130hbarla adrese polis ve sa\u011fl\u0131k ekipleri sevk edildi. Tu\u011f\u00e7e Y\u0131ld\u0131z, ilk m\u00fcdahalesinin ard\u0131ndan kald\u0131r\u0131ld\u0131\u011f\u0131 Bursa Y\u00fcksek \u0130htisas E\u011fitim ve Ara\u015ft\u0131rma Hastanesi\u2019nde tedaviye al\u0131nd\u0131.<\/p>\n<p>Olay\u0131n ard\u0131ndan polis merkezine gidip teslim olan Ahmet Y\u0131ld\u0131z\u2019\u0131n, ifadesinde, e\u015fini, kendisini bir\u00e7ok kez aldatt\u0131\u011f\u0131n\u0131 \u00f6ne s\u00fcr\u00fcp vurdu\u011funu s\u00f6yledi\u011fi bildirildi. Y\u0131ld\u0131z\u2019\u0131n ayr\u0131ca olaydan \u00f6nce sanal medya hesab\u0131ndan, \u201cBilip, bilmeden \u00fczd\u00fc\u011f\u00fcm kim varsa kusura bakmas\u0131n. Herkesten \u00f6z\u00fcr dilerim. Kurt darland\u0131, son turuna \u00e7\u0131kt\u0131\u201d payla\u015f\u0131m\u0131 yapt\u0131\u011f\u0131 g\u00f6r\u00fcld\u00fc. Ahmet Y\u0131ld\u0131z, sevk edildi\u011fi adliyede \u00e7\u0131kar\u0131ld\u0131\u011f\u0131 mahkeme taraf\u0131ndan tutukland\u0131.<\/p>\n<p><strong>\u2018B\u0130R GECE \u00d6NCE TEHD\u0130T ETM\u0130\u015eT\u0130\u2019<\/strong><\/p>\n<p>G\u00f6\u011fs\u00fcnden, karn\u0131ndan ve bile\u011finden vurulup a\u011f\u0131r yaralanan ve 2 ay 5 g\u00fcn s\u00fcren tedavisinin ard\u0131ndan Bursa Y\u00fcksek \u0130htisas E\u011fitim ve Ara\u015ft\u0131rma Hastanesi\u2019nden taburcu olan Tu\u011f\u00e7e Y\u0131ld\u0131z, ya\u015fad\u0131klar\u0131n\u0131 DHA muhabirine anlatt\u0131. Bir sene \u00f6nce e\u015fini terk edip babas\u0131n\u0131n evine d\u00f6nd\u00fc\u011f\u00fcn\u00fc, olaydan bir ay \u00f6nce ise 6 ya\u015f\u0131ndaki k\u0131z\u0131 N.Y.\u2019yi d\u00fc\u015f\u00fcnerek evine d\u00f6n\u00fcp, e\u015fiyle bar\u0131\u015ft\u0131\u011f\u0131n\u0131 belirten Tu\u011f\u00e7e Y\u0131ld\u0131z, olay an\u0131n\u0131 ba\u015f\u0131na ald\u0131\u011f\u0131 darbe nedeniyle hat\u0131rlamad\u0131\u011f\u0131n\u0131 s\u00f6yleyip, \u00f6ncesinde ya\u015fananlar\u0131 \u015fu s\u00f6zlerle anlatt\u0131:<\/p>\n<p>\u201cGe\u00e7en sene can\u0131ma tak etti ve baba evine gittim. Ama \u00e7ocu\u011fumuz nedeniyle bir bar\u0131\u015fma s\u00fcreci oldu. Olay olmadan bir ay \u00f6nce bar\u0131\u015farak tekrar evimize gelmi\u015ftim. 11 Ocak tarihinde ba\u015f\u0131ma talihsiz olay geldi. Zaten tehdit etmi\u015fti. Ablamlarda do\u011fum g\u00fcn\u00fc oldu\u011fu i\u00e7in ben de do\u011fum g\u00fcn\u00fcnden sonra memlekete ailemin yan\u0131na gidecektim. Maalesef gitmeye vaktim olmad\u0131. Olay an\u0131n\u0131 hat\u0131rlam\u0131yorum. Olay \u00f6ncesi kafama darbe ald\u0131\u011f\u0131m i\u00e7in o an\u0131 pek hat\u0131rlam\u0131yorum. Tart\u0131\u015fma para konusundan \u00e7\u0131kt\u0131. Kendisi \u00e7al\u0131\u015f\u0131yordu ama \u00e7al\u0131\u015ft\u0131\u011f\u0131 yere borcu oldu\u011fu i\u00e7in maa\u015f alam\u0131yordu. Paras\u0131 yoktu. Benden maa\u015f\u0131m yeni yatt\u0131\u011f\u0131 i\u00e7in para istedi. Ben de evin kiras\u0131 i\u00e7in vermedim. Tart\u0131\u015fman\u0131n ard\u0131ndan sabah 05.00 s\u0131ralar\u0131nda evden \u00e7\u0131kt\u0131. Sabah ablam geldi. K\u00f6t\u00fc bir r\u00fcya g\u00f6rd\u00fc\u011f\u00fcn\u00fc s\u00f6yledi. K\u0131z\u0131m\u0131n do\u011fum g\u00fcn\u00fcn\u00fc normalde bizim evde yapacakt\u0131k, ablam\u0131n \u0131srar\u0131yla onlar\u0131n evinde yapma karar\u0131 ald\u0131k. E\u015fyalar\u0131 al\u0131p ablamlara gittik. Ondan sonras\u0131n\u0131 hat\u0131rlam\u0131yorum.\u201d<\/p>\n<p><strong>\u201928 G\u00dcN YO\u011eUN BAKIMDA KALDIM, 20 K\u0130LO VERD\u0130M\u2019<\/strong><\/p>\n<p>Hastanedeki tedavi s\u00fcrecinin hem k\u0131z\u0131 hem de kendisi i\u00e7in zorlu ge\u00e7ti\u011fini s\u00f6yleyen Y\u0131ld\u0131z, \u201cHastanede 2 ay 5 g\u00fcnl\u00fck bir tedavi s\u00fcreci ge\u00e7irdim. \u00c7ok zor bir d\u00f6nemdi. \u00d6zellikle k\u0131z\u0131m a\u00e7\u0131s\u0131ndan \u00e7ok zordu. K\u0131z\u0131m ben yo\u011fun bak\u0131mdayken yan\u0131ma geldi\u011finde onun sesini duyup, g\u00f6rememek \u00e7ok zoruma gidiyordu. Bu nedenle \u00e7ok zorland\u0131m. Bir an \u00f6nce normal odaya \u00e7\u0131k\u0131p, k\u0131z\u0131m\u0131 g\u00f6rmek i\u00e7in dua ettim. Tedavimin 28\u2019inci g\u00fcn\u00fcnde yo\u011fun bak\u0131mdan odaya \u00e7\u0131kt\u0131m. 60 kiloyla girdi\u011fim hastanede yo\u011fun bak\u0131mda 40 kiloya kadar zay\u0131flad\u0131m. Ayaklar\u0131m tutmuyordu, y\u00fcr\u00fcyemiyordum. Beni yo\u011fun bak\u0131mda hem dualar hem de k\u0131z\u0131m hayata ba\u011flad\u0131\u201d diye konu\u015ftu.<\/p>\n<p><strong>\u015e\u0130DDET NEDEN\u0130YLE ERKEN DO\u011eUM YAPMI\u015e<\/strong><\/p>\n<p>Daha \u00f6nce de e\u015finden \u015fiddet g\u00f6rd\u00fc\u011f\u00fcn\u00fc ve hamileyken darbedildi\u011fi i\u00e7in k\u0131z\u0131n\u0131n 5 ayl\u0131k d\u00fcnyaya geldi\u011fini de s\u00f6yleyen Y\u0131ld\u0131z, \u201cBenim k\u0131z\u0131m 5 ayl\u0131k do\u011fdu. Tart\u0131\u015f\u0131p, kavga etmi\u015ftik. Kavgan\u0131n sonucunda hastanelik oldum ve erken do\u011fumla k\u0131z\u0131m 5 ayl\u0131k do\u011fdu. Benim k\u0131z\u0131m 5 ayl\u0131k gebelik sonras\u0131 hayata tutunduysa ben de hayata tutunabilirim dedim. Beni hayata tutan k\u0131z\u0131m oldu ger\u00e7ekten. Onun i\u00e7in sava\u015fmam gerekiyordu\u201d dedi.<\/p>\n<p><strong>\u2018\u0130ST\u0130SMARDA BULUNDU\u011eU \u0130\u00c7\u0130N EVLENMEK ZORUNDA KALDIM\u2019<\/strong><\/p>\n<p>Teyzesinin o\u011flu olan Ahmet Y\u0131ld\u0131z\u2019la, 14 ya\u015f\u0131ndayken kendisine istismarda bulundu\u011fu i\u00e7in evlenmek zorunda kald\u0131\u011f\u0131n\u0131 s\u00f6yleyen Tu\u011f\u00e7e Y\u0131ld\u0131z, \u015funlar\u0131 s\u00f6yledi:<\/p>\n<p>\u201cOnunla evlenmemin nedeni bana istismarda bulunmas\u0131yd\u0131. Ben bu istismar sonunda hamile kald\u0131m. O zaman 14 ya\u015f\u0131ndayd\u0131m. Evlenmek zorunda kald\u0131m. \u00c7\u00fcnk\u00fc tehditler vard\u0131. 14 ya\u015f\u0131nda bir \u00e7ocuk tehditlerden tabii ki korkar. \u00c7\u00fcnk\u00fc tehditler aileme kar\u015f\u0131yd\u0131. Her defas\u0131nda, \u2018Annelerimiz abla karde\u015f. Bizimkiler vurulursa baban cezaevine girer. Baban cezaevine girerse karde\u015flerin \u00e7ok k\u00fc\u00e7\u00fck, onlara kim bakacak?\u2019 \u015feklinde beni korkutuyorlard\u0131. Bu olay nedeniyle okulumdan oldum. Okumay\u0131 \u00e7ok isterdim, \u00e7ocuk geli\u015fim uzman\u0131 olmay\u0131 \u00e7ok isterdim. Ama olmad\u0131. K\u00fc\u00e7\u00fcc\u00fck ya\u015fta k\u0131z\u0131m\u0131n \u00f6\u011fretmeni oldum. Beraber b\u00fcy\u00fcd\u00fck.\u201d<\/p>\n<p><strong>\u2018ADIMA ATILAN \u0130FT\u0130RA, KIZIMA DA YANSIYOR\u2019<\/strong><\/p>\n<p>\u015e\u00fcphelinin, kendisini aldatt\u0131\u011f\u0131 y\u00f6n\u00fcndeki ifadelerin ger\u00e7e\u011fi yans\u0131tmad\u0131\u011f\u0131n\u0131 da s\u00f6yleyen Tu\u011f\u00e7e Y\u0131ld\u0131z, \u201cOnu aldatt\u0131\u011f\u0131m y\u00f6n\u00fcndeki emniyetteki ifadeleri yalan. 14 ya\u015f\u0131nda beni istismar etmesi nedeniyle evlendik. Annesi ka\u00e7\u0131rd\u0131 beni. Ka\u00e7 kez beni aldatt\u0131. Ev sahibim de \u015fahittir. Kendisi ka\u00e7 kez kad\u0131nlara para yedirip, beni bir kere bile hastaneye g\u00f6t\u00fcrmeyip, o kad\u0131nlar\u0131 i\u015f yerinden al\u0131p hastaneye g\u00f6t\u00fcren biri benim \u00fczerine b\u00f6yle bir iftirayla y\u00fcr\u00fcyor. Benim k\u00fc\u00e7\u00fck bir \u00e7ocu\u011fum var. Ben b\u00f6yle olmas\u0131n\u0131 kesinlikle istemem. \u00c7\u00fcnk\u00fc benim ad\u0131ma at\u0131lm\u0131\u015f her bir iftira, k\u0131z\u0131ma da yans\u0131yor. B\u00fct\u00fcn gelece\u011finde kar\u015f\u0131s\u0131na \u00e7\u0131kacak. Bu iddiay\u0131 kabul etmiyorum\u201d dedi.<\/p>\n<p><strong>\u2018DUALARIMIN KAR\u015eILI\u011eINI CANIMLA \u00d6D\u00dcYORDUM\u2019<\/strong><\/p>\n<p>\u0130stismar sonras\u0131 Ahmet Y\u0131ld\u0131z\u2019\u0131n 18,5 y\u0131l ceza ald\u0131\u011f\u0131n\u0131 ancak temyiz s\u00fcreci nedeniyle tutuklan\u0131p, cezaevinde kalmad\u0131\u011f\u0131n\u0131 belirten Y\u0131ld\u0131z, \u201cCezaevine girmesini \u00e7ok isterdim. O zaman at\u0131lsayd\u0131 cezaevine, bu olay olmazd\u0131. Yarg\u0131dan onu i\u00e7eri almas\u0131n\u0131 beklerdim. \u00c7ok dua ettim. Dualar\u0131m vurulmam\u0131n kar\u015f\u0131l\u0131\u011f\u0131nda oldu. Bu duan\u0131n kar\u015f\u0131l\u0131\u011f\u0131n\u0131 neredeyse can\u0131mla \u00f6d\u00fcyordum. \u00c7ok \u015f\u00fck\u00fcr ayaktay\u0131m, k\u0131z\u0131m\u0131n ba\u015f\u0131nday\u0131m\u201d ifadelerini kulland\u0131.<\/p>\n\n<p><\/p>\n<p>Kaynak :\u00a0<span style=\"background-color: rgb(255, 249, 236); color: rgb(55, 58, 60); font-size: 14px;\">http:\/\/www.milliyet.com.tr\/gundem\/genc-kadinin-yillar-suren-kabusu-kanli-saldiriyla-ortaya-cikti-14-yasinda-istismar-sonucu-zorla-evlendirildi-7558531<\/span><\/p>\n","protected":false},"excerpt":{"rendered":"<p>Bursa\u2019da ya\u015fanan olay, \u015fiddetin ve istismar\u0131n y\u0131llar s\u00fcren izlerini bir kez daha g\u00f6zler \u00f6n\u00fcne serdi. Bo\u015fanma a\u015famas\u0131ndaki e\u015fi taraf\u0131ndan g\u00f6\u011fs\u00fcnden, karn\u0131ndan ve bile\u011finden vurulan 21 ya\u015f\u0131ndaki Tu\u011f\u00e7e Y\u0131ld\u0131z, 2 ayl\u0131k ya\u015fam m\u00fccadelesinin ard\u0131ndan hayata tutundu. Ancak gen\u00e7 kad\u0131n\u0131n anlatt\u0131klar\u0131, ya\u015fad\u0131\u011f\u0131 deh\u015fetin sadece bir g\u00fcnle s\u0131n\u0131rl\u0131 olmad\u0131\u011f\u0131n\u0131 ortaya koydu.<\/p>\n","protected":false},"author":1,"featured_media":189380,"comment_status":"open","ping_status":"open","sticky":false,"template":"","format":"standard","meta":{"footnotes":""},"categories":[3],"tags":[12164,386,11540,398,377],"class_list":["post-189379","post","type-post","status-publish","format-standard","has-post-thumbnail","hentry","category-guncel","tag-ahmet-yildiz","tag-ceza","tag-dua","tag-kizi","tag-olay"],"_links":{"self":[{"href":"https:\/\/kamucalisani.net\/index.php\/wp-json\/wp\/v2\/posts\/189379","targetHints":{"allow":["GET"]}}],"collection":[{"href":"https:\/\/kamucalisani.net\/index.php\/wp-json\/wp\/v2\/posts"}],"about":[{"href":"https:\/\/kamucalisani.net\/index.php\/wp-json\/wp\/v2\/types\/post"}],"author":[{"embeddable":true,"href":"https:\/\/kamucalisani.net\/index.php\/wp-json\/wp\/v2\/users\/1"}],"replies":[{"embeddable":true,"href":"https:\/\/kamucalisani.net\/index.php\/wp-json\/wp\/v2\/comments?post=189379"}],"version-history":[{"count":1,"href":"https:\/\/kamucalisani.net\/index.php\/wp-json\/wp\/v2\/posts\/189379\/revisions"}],"predecessor-version":[{"id":189381,"href":"https:\/\/kamucalisani.net\/index.php\/wp-json\/wp\/v2\/posts\/189379\/revisions\/189381"}],"wp:featuredmedia":[{"embeddable":true,"href":"https:\/\/kamucalisani.net\/index.php\/wp-json\/wp\/v2\/media\/189380"}],"wp:attachment":[{"href":"https:\/\/kamucalisani.net\/index.php\/wp-json\/wp\/v2\/media?parent=189379"}],"wp:term":[{"taxonomy":"category","embeddable":true,"href":"https:\/\/kamucalisani.net\/index.php\/wp-json\/wp\/v2\/categories?post=189379"},{"taxonomy":"post_tag","embeddable":true,"href":"https:\/\/kamucalisani.net\/index.php\/wp-json\/wp\/v2\/tags?post=189379"}],"curies":[{"name":"wp","href":"https:\/\/api.w.org\/{rel}","templated":true}]}}