{"id":190346,"date":"2026-03-24T17:48:12","date_gmt":"2026-03-24T17:48:12","guid":{"rendered":"https:\/\/kamucalisani.net\/?p=190346"},"modified":"2026-03-24T17:48:12","modified_gmt":"2026-03-24T17:48:12","slug":"yusuf-demirden-galatasaray-itirafi-sakatlik-aciklamasi","status":"publish","type":"post","link":"https:\/\/kamucalisani.net\/index.php\/2026\/03\/24\/yusuf-demirden-galatasaray-itirafi-sakatlik-aciklamasi\/","title":{"rendered":"Yusuf Demir&#8217;den Galatasaray itiraf\u0131! Sakatl\u0131k a\u00e7\u0131klamas\u0131"},"content":{"rendered":"<p><p>Kariyerine Rapid Wien ile ba\u015flayan, k\u0131sa s\u00fcre kiral\u0131k olarak Barcelona formas\u0131 giydikten sonra 2022-23 sezonunda Galatasaray&#8217;a imza atan Yusuf Demir, sar\u0131-k\u0131rm\u0131z\u0131l\u0131 tak\u0131mda istedi\u011fini bulamad\u0131.<\/p>\n<p>4 y\u0131lda yaln\u0131zca 14 ma\u00e7ta forma giyebilen, 2023-24 sezonunu ise FC Basel&#8217;de kiral\u0131k ge\u00e7iren Yusuf Demir, bu sezon devre aras\u0131nda Rapid Wien&#8217;e geri d\u00f6nd\u00fc ancak hen\u00fcz sakatl\u0131\u011f\u0131 nedeniyle yeni tak\u0131m\u0131yla da s\u00fcre alamad\u0131.<\/p>\n<p>Sky Sport&#8217;a son durumuyla ilgili konu\u015fan 22 ya\u015f\u0131ndaki Yusuf Demir, Galatasaray g\u00fcnleriyle ilgili de konu\u015ftu.<\/p>\n<p><strong>Yusuf Demir&#8217;in a\u00e7\u0131klamalar\u0131 \u015fu \u015fekilde:<\/strong><\/p>\n<p><strong>SAKATLIK A\u00c7IKLAMASI<\/strong><\/p>\n<p>D\u0131\u015f ba\u011f\u0131mda zorlanma var. Umuyorum ki m\u00fcmk\u00fcn olan en k\u0131sa s\u00fcrede tekrar oynayabilirim&#8221; dedi.<\/p>\n<p><strong>&#8216;BARCELONA HAYAL\u0130MD\u0130&#8217;<\/strong><\/p>\n<p>Kariyerinin son d\u00f6nemiyle ilgili \u00f6z ele\u015ftiri yap\u0131p yapmad\u0131\u011f\u0131 sorulan Yusuf Demir, &#8220;Barcelona arad\u0131\u011f\u0131nda kimse hay\u0131r diyemez ve bu her zaman hayalimdi. \u0130mza atmaya \u00e7ok yak\u0131nd\u0131m ama sonra ba\u015fka sorunlar ortaya \u00e7\u0131kt\u0131&#8221; s\u00f6zlerini sarf etti.<\/p>\n<p><strong>&#8216;\u0130\u015eLER BEKLED\u0130\u011e\u0130MDEN FARKLI GEL\u0130\u015eT\u0130&#8217;<\/strong><\/p>\n<p>Barcelona sonras\u0131 ara transfer d\u00f6neminde Rapid Wien&#8217;e d\u00f6nen ve sezon sonunda Galatasaray&#8217;\u0131n yolunu tutan Yusuf Demir, sar\u0131-k\u0131rm\u0131z\u0131l\u0131lardaki maceras\u0131 i\u00e7in ise &#8220;Galatasaray&#8217;daki i\u015fler bekledi\u011fimden biraz farkl\u0131 geli\u015fti ama yine de bu deneyime de\u011ferdi&#8221; \u015feklinde konu\u015ftu.<\/p>\n<p>\u00a0<\/p>\n\n<p><\/p>\n<p>Kaynak :\u00a0<span style=\"background-color: rgb(255, 249, 236); color: rgb(55, 58, 60); font-size: 14px;\">http:\/\/www.milliyet.com.tr\/skorer\/yusuf-demirden-galatasaray-itirafi-sakatlik-aciklamasi-7559909<\/span><\/p>\n","protected":false},"excerpt":{"rendered":"<p>Galatasaray&#8217;dan ayr\u0131lan ve eski tak\u0131m\u0131 Rapid Wien&#8217;e d\u00f6nen Yusuf Demir, hem son durumundan s\u00f6z etti, hem de sar\u0131-k\u0131rm\u0131z\u0131l\u0131 tak\u0131mdaki g\u00fcnleriyle ilgili konu\u015ftu.<\/p>\n","protected":false},"author":1,"featured_media":190347,"comment_status":"open","ping_status":"open","sticky":false,"template":"","format":"standard","meta":{"footnotes":""},"categories":[7],"tags":[9750],"class_list":["post-190346","post","type-post","status-publish","format-standard","has-post-thumbnail","hentry","category-spor","tag-yusuf-demir"],"_links":{"self":[{"href":"https:\/\/kamucalisani.net\/index.php\/wp-json\/wp\/v2\/posts\/190346","targetHints":{"allow":["GET"]}}],"collection":[{"href":"https:\/\/kamucalisani.net\/index.php\/wp-json\/wp\/v2\/posts"}],"about":[{"href":"https:\/\/kamucalisani.net\/index.php\/wp-json\/wp\/v2\/types\/post"}],"author":[{"embeddable":true,"href":"https:\/\/kamucalisani.net\/index.php\/wp-json\/wp\/v2\/users\/1"}],"replies":[{"embeddable":true,"href":"https:\/\/kamucalisani.net\/index.php\/wp-json\/wp\/v2\/comments?post=190346"}],"version-history":[{"count":1,"href":"https:\/\/kamucalisani.net\/index.php\/wp-json\/wp\/v2\/posts\/190346\/revisions"}],"predecessor-version":[{"id":190348,"href":"https:\/\/kamucalisani.net\/index.php\/wp-json\/wp\/v2\/posts\/190346\/revisions\/190348"}],"wp:featuredmedia":[{"embeddable":true,"href":"https:\/\/kamucalisani.net\/index.php\/wp-json\/wp\/v2\/media\/190347"}],"wp:attachment":[{"href":"https:\/\/kamucalisani.net\/index.php\/wp-json\/wp\/v2\/media?parent=190346"}],"wp:term":[{"taxonomy":"category","embeddable":true,"href":"https:\/\/kamucalisani.net\/index.php\/wp-json\/wp\/v2\/categories?post=190346"},{"taxonomy":"post_tag","embeddable":true,"href":"https:\/\/kamucalisani.net\/index.php\/wp-json\/wp\/v2\/tags?post=190346"}],"curies":[{"name":"wp","href":"https:\/\/api.w.org\/{rel}","templated":true}]}}