{"id":190544,"date":"2026-03-25T10:48:12","date_gmt":"2026-03-25T10:48:12","guid":{"rendered":"https:\/\/kamucalisani.net\/?p=190544"},"modified":"2026-03-25T10:48:12","modified_gmt":"2026-03-25T10:48:12","slug":"sok-gercek-hastanede-ortaya-cikti-evlilik-disi-bebegini-annesiyle-yok-etti-ister-cope-at-ister-gom","status":"publish","type":"post","link":"https:\/\/kamucalisani.net\/index.php\/2026\/03\/25\/sok-gercek-hastanede-ortaya-cikti-evlilik-disi-bebegini-annesiyle-yok-etti-ister-cope-at-ister-gom\/","title":{"rendered":"\u015eok ger\u00e7ek hastanede ortaya \u00e7\u0131kt\u0131! Evlilik d\u0131\u015f\u0131 bebe\u011fini annesiyle yok etti: \u2018\u0130ster \u00e7\u00f6pe at, ister g\u00f6m\u2019"},"content":{"rendered":"<p><p>Mustafakemalpa\u015fa il\u00e7esinde ailesiyle ya\u015fayan Sibel Nerkiz, iddiaya g\u00f6re, 5 y\u0131ld\u0131r sevgilisi olan H.\u00d6.\u2019den hamile kald\u0131. Sibel Nerkiz, ailesinden gizledi\u011fi hamileli\u011fini karn\u0131 \u015fi\u015fince annesi G\u00fclbahar Nerkiz\u2019e s\u00f6yledi, korktu\u011fu babas\u0131ndan ise gizledi. 16 \u015eubat\u2019ta kanama \u015fikayetiyle Mustafakemalpa\u015fa Devlet Hastanesi\u2019ne ba\u015fvuran Sibel Nerkiz\u2019e 32 haftal\u0131k bebe\u011finin erken do\u011fum riski oldu\u011fu i\u00e7in yatarak tedavi g\u00f6rmesi \u00f6nerildi. Teklifi reddeden Nerkiz, 26 \u015eubat\u2019ta evinin tuvaletinde erken do\u011fum yaparak bir k\u0131z bebek d\u00fcnyaya getirdi.<\/p>\n<p>11 Mart\u2019ta muayene olmak i\u00e7in gitti\u011fi psikiyatri poliklini\u011finde bipolar tan\u0131s\u0131 bulunan Sibel Nerkiz, kans\u0131zl\u0131k \u015f\u00fcphesiyle Dahiliye poliklini\u011fine sevk edildi. Burada yap\u0131lan tahlillerde hemoglobin de\u011ferinin \u00e7ok d\u00fc\u015f\u00fck olmas\u0131 nedeniyle hastaneye yat\u0131r\u0131lan Sibel Nerkiz, a\u011flayarak evinin tuvaletinde erken do\u011fum yapt\u0131\u011f\u0131n\u0131 s\u00f6yledi. Bebe\u011finin nerede oldu\u011fu sorusuna yan\u0131t vermeyen Sibel Nerkiz ile annesi G\u00fclbahar Nerkiz, doktorlar\u0131n hastane polisine \u015fikayeti \u00fczerine g\u00f6zalt\u0131na al\u0131nd\u0131. \u00d6l\u00fc do\u011fdu\u011funu iddia etti\u011fi bebe\u011fini annesinin g\u00f6md\u00fc\u011f\u00fcn\u00fc s\u00f6yleyen Sibel Nerkiz\u2019in beyan\u0131 \u00fczerine sevgilisi H.\u00d6. de g\u00f6zalt\u0131na al\u0131nd\u0131.<\/p>\n<p><strong>\u2018\u0130STER \u00c7\u00d6PE AT, \u0130STER G\u00d6M\u2019<\/strong><\/p>\n<p>Polise verdi\u011fi ifadesinde k\u0131z\u0131n\u0131n hamile oldu\u011funu do\u011fum s\u0131ras\u0131nda \u00f6\u011frendi\u011fini iddia eden G\u00fclbahar Nerkiz, \u201cSibel\u2019in k\u0131z bebe\u011fi d\u00fcnyaya geldi ancak \u00e7ocukta ya\u015fam emaresi yoktu. Kendisine \u2018Bebe\u011fi ne yapaca\u011f\u0131z?\u2019 diye sordum. O da \u2018\u0130ster \u00e7\u00f6pe at, istersen g\u00f6m\u2019 dedi. Ben de bunun \u00fczerine bebe\u011fi \u00e7antaya koyup, ertesi g\u00fcn D\u00f6ll\u00fck Mahallesi\u2019nde dere kenar\u0131na g\u00f6md\u00fcm. Kalp hastas\u0131 oldu\u011fu i\u00e7in e\u015fime de durumu anlatamad\u0131m\u201d dedi.<\/p>\n<p>Sibel Nerkiz ise ifadesinde hamile oldu\u011funu annesine s\u00f6yledi\u011fini, ancak korktu\u011fu i\u00e7in babas\u0131na s\u00f6ylemedi\u011fini belirterek, bebe\u011fin \u00f6l\u00fc do\u011fdu\u011funu \u00f6ne s\u00fcrd\u00fc. Sibel Nerkiz ile arkada\u015f oldu\u011funu s\u00f6yleyen H.\u00d6. ise do\u011fan bebe\u011fin babas\u0131 olmad\u0131\u011f\u0131n\u0131 iddia etti.<\/p>\n<p>Emniyetteki i\u015flemlerinin ard\u0131ndan adliyeye sevk edilip, mahkemeye \u00e7\u0131kar\u0131lan Sibel Nerkiz ile annesi G\u00fclbahar Nerkiz tutuklan\u0131rken, H.\u00d6. ise adli kontrol \u015fart\u0131yla serbest b\u0131rak\u0131ld\u0131.<\/p>\n<p><strong>BEBE\u011e\u0130N \u00d6L\u00dcM NEDEN\u0130 OTOPS\u0130YLE BEL\u0130RLENECEK<\/strong><\/p>\n<p>Mustafakemalpa\u015fa Cumhuriyet Ba\u015fsavc\u0131l\u0131\u011f\u0131\u2019n\u0131n ba\u015flatt\u0131\u011f\u0131 soru\u015fturma kapsam\u0131nda jandarma ekipleri, savc\u0131n\u0131n kontrol\u00fcnde bebe\u011fi g\u00f6m\u00fcld\u00fc\u011f\u00fc yerden \u00e7\u0131kard\u0131. K\u0131z bebe\u011fin canl\u0131 m\u0131, \u00f6l\u00fc m\u00fc do\u011fdu\u011funun belirlenmesi i\u00e7in cenaze, otopsi yap\u0131lmak \u00fczere Bursa Adli T\u0131p Kurumu&#8217;nun morguna kald\u0131r\u0131ld\u0131.<\/p>\n\n<p><\/p>\n<p>Kaynak :\u00a0<span style=\"background-color: rgb(255, 249, 236); color: rgb(55, 58, 60); font-size: 14px;\">http:\/\/www.milliyet.com.tr\/gundem\/sok-gercek-hastanede-ortaya-cikti-evlilik-disi-bebegini-annesiyle-yok-etti-ister-cope-at-ister-gom-7560297<\/span><\/p>\n","protected":false},"excerpt":{"rendered":"<p>Bursa\u2019da rahats\u0131zlan\u0131nca gitti\u011fi hastanede, evde erken do\u011fumla d\u00fcnyaya getirdi\u011fi bebe\u011finin \u00f6l\u00fc do\u011fdu\u011funu \u00f6ne s\u00fcren Sibel Nerkiz (41) ile bebe\u011fin cesedini k\u0131rsala g\u00f6t\u00fcr\u00fcp g\u00f6md\u00fc\u011f\u00fcn\u00fc s\u00f6yledi\u011fi annesi G\u00fclbahar Nerkiz tutukland\u0131. Bebe\u011fin babas\u0131, Nerkiz\u2019in erkek arkada\u015f\u0131 H.\u00d6. ise adli kontrol \u015fart\u0131yla serbest b\u0131rak\u0131ld\u0131. Jandarman\u0131n g\u00f6m\u00fcld\u00fc\u011f\u00fc yerden \u00e7\u0131kard\u0131\u011f\u0131 bebe\u011fin cans\u0131z bedeni otopsi i\u00e7in Adli T\u0131p Kurumu&#8217;na g\u00f6nderildi.<\/p>\n","protected":false},"author":1,"featured_media":190545,"comment_status":"open","ping_status":"open","sticky":false,"template":"","format":"standard","meta":{"footnotes":""},"categories":[3],"tags":[683,4549],"class_list":["post-190544","post","type-post","status-publish","format-standard","has-post-thumbnail","hentry","category-guncel","tag-annesi","tag-bebegi"],"_links":{"self":[{"href":"https:\/\/kamucalisani.net\/index.php\/wp-json\/wp\/v2\/posts\/190544","targetHints":{"allow":["GET"]}}],"collection":[{"href":"https:\/\/kamucalisani.net\/index.php\/wp-json\/wp\/v2\/posts"}],"about":[{"href":"https:\/\/kamucalisani.net\/index.php\/wp-json\/wp\/v2\/types\/post"}],"author":[{"embeddable":true,"href":"https:\/\/kamucalisani.net\/index.php\/wp-json\/wp\/v2\/users\/1"}],"replies":[{"embeddable":true,"href":"https:\/\/kamucalisani.net\/index.php\/wp-json\/wp\/v2\/comments?post=190544"}],"version-history":[{"count":1,"href":"https:\/\/kamucalisani.net\/index.php\/wp-json\/wp\/v2\/posts\/190544\/revisions"}],"predecessor-version":[{"id":190546,"href":"https:\/\/kamucalisani.net\/index.php\/wp-json\/wp\/v2\/posts\/190544\/revisions\/190546"}],"wp:featuredmedia":[{"embeddable":true,"href":"https:\/\/kamucalisani.net\/index.php\/wp-json\/wp\/v2\/media\/190545"}],"wp:attachment":[{"href":"https:\/\/kamucalisani.net\/index.php\/wp-json\/wp\/v2\/media?parent=190544"}],"wp:term":[{"taxonomy":"category","embeddable":true,"href":"https:\/\/kamucalisani.net\/index.php\/wp-json\/wp\/v2\/categories?post=190544"},{"taxonomy":"post_tag","embeddable":true,"href":"https:\/\/kamucalisani.net\/index.php\/wp-json\/wp\/v2\/tags?post=190544"}],"curies":[{"name":"wp","href":"https:\/\/api.w.org\/{rel}","templated":true}]}}