{"id":190744,"date":"2026-03-25T17:06:31","date_gmt":"2026-03-25T17:06:31","guid":{"rendered":"https:\/\/kamucalisani.net\/?p=190744"},"modified":"2026-03-25T17:06:31","modified_gmt":"2026-03-25T17:06:31","slug":"super-ligin-yildizi-besiktasin-radarinda-transfer-icin-ilk-adim","status":"publish","type":"post","link":"https:\/\/kamucalisani.net\/index.php\/2026\/03\/25\/super-ligin-yildizi-besiktasin-radarinda-transfer-icin-ilk-adim\/","title":{"rendered":"S\u00fcper Lig&#8217;in y\u0131ld\u0131z\u0131 Be\u015fikta\u015f&#8217;\u0131n radar\u0131nda! Transfer i\u00e7in ilk ad\u0131m"},"content":{"rendered":"<p><p>Be\u015fikta\u015f Y\u00f6netimi, devre aras\u0131nda G\u00f6ztepe formas\u0131 giyen Junior Olaitan\u2019\u0131 5 milyon Euro kar\u015f\u0131l\u0131\u011f\u0131nda renklerine ba\u011flam\u0131\u015ft\u0131. Kara Kartal, yaz transfer d\u00f6neminde ise bir kez daha \u0130zmir ekibinin kap\u0131s\u0131n\u0131 \u00e7alacak.<\/p>\n<div>\n<div><img decoding=\"async\" src=\"https:\/\/kamucalisani.net\/wp-content\/uploads\/2026\/03\/super-ligin-yildizi-besiktasin-radarinda-transfer-icin-ilk-adim-0-8zL69YG6.jpg\"\/><\/img><\/div>\n<\/div>\n<p><strong>\u00a0DENNIS&#8217;\u0130 \u0130ST\u0130YORLAR<\/strong><\/p>\n<p>Gelen haberlere g\u00f6re Siyah-Beyazl\u0131lar, Sar\u0131K\u0131rm\u0131z\u0131l\u0131lar\u2019dan Anthony Dennis\u2019i kadrosuna katmay\u0131 hedefliyor. G\u00f6z G\u00f6z, gen\u00e7 futbolcuyu Ocak 2023\u2019te Nijerya\u2019dan HB Abuja\u2019dan transfer etmi\u015fti. Burada g\u00f6sterdi\u011fi geli\u015fim ile bir\u00e7ok kul\u00fcb\u00fcn dikkatini \u00e7eken Dennis\u2019i isteyen tek tak\u0131m ise Be\u015fikta\u015f de\u011fil. Gelen haberlere g\u00f6re \u0130spanya\u2019n\u0131n k\u00f6kl\u00fc kul\u00fcplerinden Villarreal ve Almanya Bundesliga temsilcisi Mainz, 21 ya\u015f\u0131ndaki oyuncuyu bir s\u00fcredir takip ediyor.<\/p>\n<p><strong>10 M\u0130LYON EURO<\/strong><\/p>\n<p>G\u00f6ztepe\u2019nin ise bu transferden beklentisinin 10 milyon Euro dolaylar\u0131nda oldu\u011fu \u00f6\u011frenildi. Siyah-Beyazl\u0131lar, Nijeryal\u0131 futbolcunun dinamik ve \u00e7ok y\u00f6nl\u00fc yap\u0131s\u0131 nedeniyle kadrosuna katmak istiyor.<\/p>\n<p><strong>&#8216;H\u0130\u00c7 MERAK ETMEY\u0130N&#8217;<\/strong><\/p>\n<p>Teknik ekibin de Anthony Dennis\u2019i \u00e7ok istedi\u011fi \u00f6\u011frenildi. Ancak \u0130zmir ekibi, sezon sonunda Dennis\u2019e talip olan t\u00fcm tak\u0131mlar\u0131 dinleyecek. Bu do\u011frultuda 21 ya\u015f\u0131ndaki oyuncu i\u00e7in yaz d\u00f6neminde k\u0131ran k\u0131rana bir pazarl\u0131k olmas\u0131 bekleniyor.<\/p>\n\n<p><\/p>\n<p>Kaynak :\u00a0<span style=\"background-color: rgb(255, 249, 236); color: rgb(55, 58, 60); font-size: 14px;\">http:\/\/www.milliyet.com.tr\/skorer\/super-ligin-yildizi-besiktasin-radarinda-transfer-icin-ilk-adim-7560526<\/span><\/p>\n","protected":false},"excerpt":{"rendered":"<p>Gelecek y\u0131l i\u00e7in \u015fimdiden harekete ge\u00e7en Be\u015fikta\u015f, S\u00fcper Lig&#8217;in y\u0131ld\u0131z ismi ile ilgileniyor. Siyah-beyazl\u0131lar oyuncunun tak\u0131m\u0131 ile g\u00f6r\u00fc\u015fmelere ba\u015flamaya haz\u0131rlan\u0131yor.<\/p>\n","protected":false},"author":1,"featured_media":190745,"comment_status":"open","ping_status":"open","sticky":false,"template":"","format":"standard","meta":{"footnotes":""},"categories":[7],"tags":[],"class_list":["post-190744","post","type-post","status-publish","format-standard","has-post-thumbnail","hentry","category-spor"],"_links":{"self":[{"href":"https:\/\/kamucalisani.net\/index.php\/wp-json\/wp\/v2\/posts\/190744","targetHints":{"allow":["GET"]}}],"collection":[{"href":"https:\/\/kamucalisani.net\/index.php\/wp-json\/wp\/v2\/posts"}],"about":[{"href":"https:\/\/kamucalisani.net\/index.php\/wp-json\/wp\/v2\/types\/post"}],"author":[{"embeddable":true,"href":"https:\/\/kamucalisani.net\/index.php\/wp-json\/wp\/v2\/users\/1"}],"replies":[{"embeddable":true,"href":"https:\/\/kamucalisani.net\/index.php\/wp-json\/wp\/v2\/comments?post=190744"}],"version-history":[{"count":1,"href":"https:\/\/kamucalisani.net\/index.php\/wp-json\/wp\/v2\/posts\/190744\/revisions"}],"predecessor-version":[{"id":190747,"href":"https:\/\/kamucalisani.net\/index.php\/wp-json\/wp\/v2\/posts\/190744\/revisions\/190747"}],"wp:featuredmedia":[{"embeddable":true,"href":"https:\/\/kamucalisani.net\/index.php\/wp-json\/wp\/v2\/media\/190745"}],"wp:attachment":[{"href":"https:\/\/kamucalisani.net\/index.php\/wp-json\/wp\/v2\/media?parent=190744"}],"wp:term":[{"taxonomy":"category","embeddable":true,"href":"https:\/\/kamucalisani.net\/index.php\/wp-json\/wp\/v2\/categories?post=190744"},{"taxonomy":"post_tag","embeddable":true,"href":"https:\/\/kamucalisani.net\/index.php\/wp-json\/wp\/v2\/tags?post=190744"}],"curies":[{"name":"wp","href":"https:\/\/api.w.org\/{rel}","templated":true}]}}