{"id":190970,"date":"2026-03-26T07:54:12","date_gmt":"2026-03-26T07:54:12","guid":{"rendered":"https:\/\/kamucalisani.net\/?p=190970"},"modified":"2026-03-26T07:54:12","modified_gmt":"2026-03-26T07:54:12","slug":"14-yasindaki-kiz-cocugunun-yardim-cigligi-bakanliktan-aciklama-geldi","status":"publish","type":"post","link":"https:\/\/kamucalisani.net\/index.php\/2026\/03\/26\/14-yasindaki-kiz-cocugunun-yardim-cigligi-bakanliktan-aciklama-geldi\/","title":{"rendered":"14 ya\u015f\u0131ndaki k\u0131z \u00e7ocu\u011funun yard\u0131m \u00e7\u0131\u011fl\u0131\u011f\u0131! Bakanl\u0131ktan a\u00e7\u0131klama geldi"},"content":{"rendered":"<p><p>Bakanl\u0131\u011f\u0131n NSosyal hesab\u0131ndan, baz\u0131 bas\u0131n yay\u0131n organlar\u0131 ve sosyal medya payla\u015f\u0131mlar\u0131nda yer alan Hatay&#8217;da 14 ya\u015f\u0131ndaki bir k\u0131z \u00e7ocu\u011funun \u00e7ekilen videodaki beyanlar\u0131na ili\u015fkin a\u00e7\u0131klama yap\u0131ld\u0131.<\/p>\n<p>A\u00e7\u0131klamada \u015funlar kaydedildi:<\/p>\n<p>&#8220;4 Eyl\u00fcl 2025&#8217;te s\u00f6z konusu olay\u0131n emniyet birimlerine yans\u0131mas\u0131yla birlikte Hatay \u0130l M\u00fcd\u00fcrl\u00fc\u011f\u00fc ekiplerimiz ivedilikle harekete ge\u00e7mi\u015f ve aileyi d\u00fczenli olarak ziyaret etmi\u015ftir. Bu s\u00fcre\u00e7te, haberlere ve payla\u015f\u0131mlara konu olan \u00e7ocu\u011fumuzun y\u00fcksek yarar\u0131n\u0131 desteklemek amac\u0131yla ba\u015fta psikososyal destek olmak \u00fczere gerekli dan\u0131\u015fmanl\u0131k tedbirleri devreye al\u0131nm\u0131\u015ft\u0131r. Ayr\u0131ca, Bakanl\u0131k avukatlar\u0131m\u0131z ilk andan itibaren davaya m\u00fcdahil olarak s\u00fcreci titizlikle takip etmektedir. 24 Mart 2026&#8217;da san\u0131k hakk\u0131nda mahkeme taraf\u0131ndan verilen beraat karar\u0131na Bakanl\u0131k olarak itiraz edece\u011fimizi de kamuoyunun bilgisine sunar\u0131z. Her t\u00fcrl\u00fc istismara kar\u015f\u0131 &#8216;s\u0131f\u0131r tolerans&#8217; ilkemiz do\u011frultusunda \u00e7ocu\u011fumuzun ve ailesinin yan\u0131nda olmaya devam edece\u011fiz.&#8221;<\/p>\n\n<p><\/p>\n<p>Kaynak :\u00a0<span style=\"background-color: rgb(255, 249, 236); color: rgb(55, 58, 60); font-size: 14px;\">http:\/\/www.milliyet.com.tr\/gundem\/14-yasindaki-kiz-cocugunun-yardim-cigligi-bakanliktan-aciklama-geldi-7560756<\/span><\/p>\n","protected":false},"excerpt":{"rendered":"<p>Aile ve Sosyal Hizmetler Bakanl\u0131\u011f\u0131nca, Hatay&#8217;daki 14 ya\u015f\u0131ndaki k\u0131z \u00e7ocu\u011funun \u00e7ekilen videodaki beyanlar\u0131na ili\u015fkin, olay\u0131n emniyet birimlerine yans\u0131mas\u0131yla Hatay \u0130l M\u00fcd\u00fcrl\u00fc\u011f\u00fc ekiplerinin harekete ge\u00e7ti\u011fini ve san\u0131k hakk\u0131nda mahkeme taraf\u0131ndan verilen beraat karar\u0131na itiraz edilece\u011fi bildirildi.<\/p>\n","protected":false},"author":1,"featured_media":190971,"comment_status":"open","ping_status":"open","sticky":false,"template":"","format":"standard","meta":{"footnotes":""},"categories":[3],"tags":[],"class_list":["post-190970","post","type-post","status-publish","format-standard","has-post-thumbnail","hentry","category-guncel"],"_links":{"self":[{"href":"https:\/\/kamucalisani.net\/index.php\/wp-json\/wp\/v2\/posts\/190970","targetHints":{"allow":["GET"]}}],"collection":[{"href":"https:\/\/kamucalisani.net\/index.php\/wp-json\/wp\/v2\/posts"}],"about":[{"href":"https:\/\/kamucalisani.net\/index.php\/wp-json\/wp\/v2\/types\/post"}],"author":[{"embeddable":true,"href":"https:\/\/kamucalisani.net\/index.php\/wp-json\/wp\/v2\/users\/1"}],"replies":[{"embeddable":true,"href":"https:\/\/kamucalisani.net\/index.php\/wp-json\/wp\/v2\/comments?post=190970"}],"version-history":[{"count":1,"href":"https:\/\/kamucalisani.net\/index.php\/wp-json\/wp\/v2\/posts\/190970\/revisions"}],"predecessor-version":[{"id":190972,"href":"https:\/\/kamucalisani.net\/index.php\/wp-json\/wp\/v2\/posts\/190970\/revisions\/190972"}],"wp:featuredmedia":[{"embeddable":true,"href":"https:\/\/kamucalisani.net\/index.php\/wp-json\/wp\/v2\/media\/190971"}],"wp:attachment":[{"href":"https:\/\/kamucalisani.net\/index.php\/wp-json\/wp\/v2\/media?parent=190970"}],"wp:term":[{"taxonomy":"category","embeddable":true,"href":"https:\/\/kamucalisani.net\/index.php\/wp-json\/wp\/v2\/categories?post=190970"},{"taxonomy":"post_tag","embeddable":true,"href":"https:\/\/kamucalisani.net\/index.php\/wp-json\/wp\/v2\/tags?post=190970"}],"curies":[{"name":"wp","href":"https:\/\/api.w.org\/{rel}","templated":true}]}}