{"id":190999,"date":"2026-03-26T08:48:12","date_gmt":"2026-03-26T08:48:12","guid":{"rendered":"https:\/\/kamucalisani.net\/?p=190999"},"modified":"2026-03-26T08:48:12","modified_gmt":"2026-03-26T08:48:12","slug":"fenerbahcede-sadettin-sarandan-borussia-dortmund-hamlesi-yildizini-getiriyor","status":"publish","type":"post","link":"https:\/\/kamucalisani.net\/index.php\/2026\/03\/26\/fenerbahcede-sadettin-sarandan-borussia-dortmund-hamlesi-yildizini-getiriyor\/","title":{"rendered":"Fenerbah\u00e7e&#8217;de Sadettin Saran&#8217;dan Borussia Dortmund hamlesi! Y\u0131ld\u0131z\u0131n\u0131 getiriyor"},"content":{"rendered":"<p><p>Transfer \u00e7al\u0131\u015fmalar\u0131na devam eden Fenerbah\u00e7e&#8217;de se\u00e7ime g\u00fc\u00e7l\u00fc \u015fekilde girmek isteyen Ba\u015fkan Sadettin Saran, Borussia Dortmund&#8217;un y\u0131ld\u0131z\u0131n\u0131 g\u00f6z\u00fcne kestirdi.<\/p>\n<p><strong>GORETZA BEKLENT\u0130S\u0130<\/strong><\/p>\n<p>Fenerbah\u00e7e, gelecek sezon i\u00e7in iddial\u0131 kadro kurmak isterken g\u00fcndeme gelen isim Bayern formas\u0131 giyen Leon Goretzka olmu\u015ftu.<\/p>\n<div>\n<div><img decoding=\"async\" src=\"https:\/\/kamucalisani.net\/wp-content\/uploads\/2026\/03\/fenerbahcede-sadettin-sarandan-borussia-dortmund-hamlesi-yildizini-getiriyor-0-pZpxOWlu.jpg\"\/><\/img><\/div>\n<\/div>\n<p>Tecr\u00fcbeli futbolcunun menajeri, oyuncusuyla ilgilenen tak\u0131mlardan teklif beklerken masaya oturacak ilk tak\u0131m\u0131n Fenerbah\u00e7e oldu\u011fu iddia edilmi\u015fti.<\/p>\n<p><strong>\u015e\u0130MD\u0130 DE BRANDT HAMLES\u0130<\/strong><\/p>\n<p>Son olarak sar\u0131 lacivertlilerde g\u00fcndeme gelen bir ba\u015fka isim Julian Brandt oldu. 29 ya\u015f\u0131ndaki oyuncu, 2019\u2019da transfer oldu\u011fu Borussia Dortmund ile bu yaz yollar\u0131n\u0131 ay\u0131racak.<\/p>\n<div>\n<div><img decoding=\"async\" src=\"https:\/\/kamucalisani.net\/wp-content\/uploads\/2026\/03\/fenerbahcede-sadettin-sarandan-borussia-dortmund-hamlesi-yildizini-getiriyor-1-yG8ukVmd.jpg\"\/><\/img><\/div>\n<\/div>\n<p>Domenico Tedesco&#8217;nun, ba\u015far\u0131l\u0131 oyuncuyu kadrosunda g\u00f6rmeyi istedi\u011fi belirtilirken Fanatik&#8217;in haberine g\u00f6re bu transfere ye\u015fil \u0131\u015f\u0131k yakmas\u0131 sonras\u0131 sportif direkt\u00f6r Devin \u00d6zek, harekete ge\u00e7ti. \u00d6zek&#8217;in hem Goretzka hem de Brandt i\u00e7in g\u00f6r\u00fc\u015fmelerde bulunmaya haz\u0131rland\u0131\u011f\u0131 belirtildi.<\/p>\n<p>Julian Brandt, Dortmund\u2019da bonuslarla birlikte net 4.6 milyon Euro kazan\u0131yor. Fenerbah\u00e7e Y\u00f6netimi\u2019nin, bonservis bedeli \u00f6denmeyece\u011fi i\u00e7in Alman y\u0131ld\u0131za bu maa\u015f\u0131n iki kat\u0131na kadar bir teklif sunabilece\u011fi kaydedildi.<\/p>\n<p>Alman oyuncuyla ayn\u0131 zamanda Aston Villa ile Roma da ilgileniyor.<\/p>\n<p><strong>300 MA\u00c7<\/strong><\/p>\n<p>Brandt, Dortmund kariyerinde \u015fu ana kadar 300 resmi ma\u00e7a \u00e7\u0131kt\u0131. Bu kar\u015f\u0131la\u015fmalarda da 56 gol atarken, 69 da asist yapt\u0131.<\/p>\n<div>\n<div><img decoding=\"async\" src=\"https:\/\/kamucalisani.net\/wp-content\/uploads\/2026\/03\/fenerbahcede-sadettin-sarandan-borussia-dortmund-hamlesi-yildizini-getiriyor-2-mKciiYDJ.jpg\"\/><\/img><\/div>\n<\/div>\n<p><\/p>\n<p>Kaynak :\u00a0<span style=\"background-color: rgb(255, 249, 236); color: rgb(55, 58, 60); font-size: 14px;\">http:\/\/www.milliyet.com.tr\/skorer\/fenerbahcede-sadettin-sarandan-borussia-dortmund-hamlesi-yildizini-getiriyor-7560865<\/span><\/p>\n","protected":false},"excerpt":{"rendered":"<p>Gelecek sezon i\u00e7in transfer \u00e7al\u0131\u015fmalar\u0131na devam eden Fenerbah\u00e7e&#8217;de Ba\u015fkan Sadettin Saran da harekete ge\u00e7ti ve g\u00f6z\u00fcn\u00fc Borussia Dortmund&#8217;un y\u0131ld\u0131z\u0131na dikti.<\/p>\n","protected":false},"author":1,"featured_media":191000,"comment_status":"open","ping_status":"open","sticky":false,"template":"","format":"standard","meta":{"footnotes":""},"categories":[7],"tags":[12238],"class_list":["post-190999","post","type-post","status-publish","format-standard","has-post-thumbnail","hentry","category-spor","tag-brandt"],"_links":{"self":[{"href":"https:\/\/kamucalisani.net\/index.php\/wp-json\/wp\/v2\/posts\/190999","targetHints":{"allow":["GET"]}}],"collection":[{"href":"https:\/\/kamucalisani.net\/index.php\/wp-json\/wp\/v2\/posts"}],"about":[{"href":"https:\/\/kamucalisani.net\/index.php\/wp-json\/wp\/v2\/types\/post"}],"author":[{"embeddable":true,"href":"https:\/\/kamucalisani.net\/index.php\/wp-json\/wp\/v2\/users\/1"}],"replies":[{"embeddable":true,"href":"https:\/\/kamucalisani.net\/index.php\/wp-json\/wp\/v2\/comments?post=190999"}],"version-history":[{"count":1,"href":"https:\/\/kamucalisani.net\/index.php\/wp-json\/wp\/v2\/posts\/190999\/revisions"}],"predecessor-version":[{"id":191004,"href":"https:\/\/kamucalisani.net\/index.php\/wp-json\/wp\/v2\/posts\/190999\/revisions\/191004"}],"wp:featuredmedia":[{"embeddable":true,"href":"https:\/\/kamucalisani.net\/index.php\/wp-json\/wp\/v2\/media\/191000"}],"wp:attachment":[{"href":"https:\/\/kamucalisani.net\/index.php\/wp-json\/wp\/v2\/media?parent=190999"}],"wp:term":[{"taxonomy":"category","embeddable":true,"href":"https:\/\/kamucalisani.net\/index.php\/wp-json\/wp\/v2\/categories?post=190999"},{"taxonomy":"post_tag","embeddable":true,"href":"https:\/\/kamucalisani.net\/index.php\/wp-json\/wp\/v2\/tags?post=190999"}],"curies":[{"name":"wp","href":"https:\/\/api.w.org\/{rel}","templated":true}]}}