{"id":191036,"date":"2026-03-26T09:42:12","date_gmt":"2026-03-26T09:42:12","guid":{"rendered":"https:\/\/kamucalisani.net\/?p=191036"},"modified":"2026-03-26T09:42:12","modified_gmt":"2026-03-26T09:42:12","slug":"imamoglu-cikar-amacli-suc-orgutu-davasinda-capraz-sorgu-murat-caliktan-adem-soytekin-aciklamasi","status":"publish","type":"post","link":"https:\/\/kamucalisani.net\/index.php\/2026\/03\/26\/imamoglu-cikar-amacli-suc-orgutu-davasinda-capraz-sorgu-murat-caliktan-adem-soytekin-aciklamasi\/","title":{"rendered":"\u0130mamo\u011flu \u00e7\u0131kar ama\u00e7l\u0131 su\u00e7 \u00f6rg\u00fct\u00fc davas\u0131nda \u00e7apraz sorgu! Murat \u00c7al\u0131k&#8217;tan Adem Soytekin a\u00e7\u0131klamas\u0131"},"content":{"rendered":"<p><p>\u0130stanbul 40. A\u011f\u0131r Ceza Mahkemesince Silivri\u2019de bulunan Marmara Ceza \u0130nfaz Kurumu\u2019ndaki 1 No\u2019lu duru\u015fma salonunda g\u00f6r\u00fclen davan\u0131n duru\u015fmas\u0131na aralar\u0131nda \u0130BB Ba\u015fkan\u0131 Ekrem \u0130mamo\u011flu, \u015ei\u015fli Belediye Ba\u015fkan\u0131 Resul Emrah \u015eahan ve Beylikd\u00fcz\u00fc Belediye Ba\u015fkan\u0131 Mehmet Murat \u00c7al\u0131k&#8217;\u0131n bulundu\u011fu tutuklu san\u0131klar, tutuksuz san\u0131klar ve avukatlar\u0131 kat\u0131ld\u0131. Bug\u00fcn 11\u2019inci g\u00fcn\u00fc olan duru\u015fmada Beylikd\u00fcz\u00fc Belediye Ba\u015fkan\u0131 Murat \u00c7al\u0131k\u2019\u0131n \u00e7apraz sorgusuna ge\u00e7ildi.<\/p>\n<p><strong>\u201cTAL\u0130MATIM OLMAMI\u015eTIR\u201d<br \/><\/strong> <br \/>D\u00fcn g\u00fcn boyu savunmas\u0131n\u0131 yapan \u00c7al\u0131k\u2019a ilk soruyu mahkeme ba\u015fkan\u0131 sordu. Mahkeme ba\u015fkan\u0131 \u00c7al\u0131k\u2019a, \u201cAdem Soytekin ile ilgili detayl\u0131 bir anlat\u0131m\u0131n\u0131z olmad\u0131. Detayl\u0131 ifadenizi verir misiniz?\u201d dedi. \u00c7al\u0131k da Adem Soytekin ile bir toplant\u0131da tan\u0131\u015ft\u0131\u011f\u0131n\u0131 s\u00f6yleyerek, \u201cBir orta\u011f\u0131 da vard\u0131. 2014\u2019ten beri tan\u0131d\u0131\u011f\u0131m bir i\u015f insan\u0131d\u0131r. Ya\u015f\u00e7a benden k\u00fc\u00e7\u00fck olmas\u0131 nedeniyle abi derdi bana. Adem\u2019le tan\u0131\u015f\u0131kl\u0131\u011f\u0131m\u0131z vard\u0131r. Zaman zaman Trabzonspor\u2019un ma\u00e7lar\u0131na birlikte gitmi\u015fli\u011fimiz var, yemek yemi\u015fli\u011fimiz var. Bir\u00e7ok m\u00fcteahhit ta\u015feronlu\u011funu yapm\u0131\u015ft\u0131r. \u0130\u015fini de iyi yapar. Yakinen tan\u0131r\u0131m, ailesini tan\u0131r\u0131m, evlatlar\u0131n\u0131 tan\u0131r\u0131m. Ancak, \u2018Adem Soytekin\u2019e \u015funu verin bunu verin\u2019 diye bir talimat\u0131m olmam\u0131\u015ft\u0131r\u201d dedi.<\/p>\n<p><strong>\u0130MAMO\u011eLU\u2019NDAN M\u0130LLETVEK\u0130LLER\u0130NE UYARI<br \/><\/strong> <br \/>Mahkeme ba\u015fkan\u0131n\u0131n sorusunun ard\u0131ndan tutuklu san\u0131k Ekrem \u0130mamo\u011flu soru sormak i\u00e7in s\u00f6z istedi. S\u00f6z verilen \u0130mamo\u011flu, \u201cBurada mahkeme esnas\u0131nda bizlerin oldu\u011fu bu ortamda \u00e7ekilen foto\u011fraflar\u0131n bize de zarar verece\u011fi i\u00e7in herkesin \u00f6zenli davranmas\u0131n\u0131 istiyorum. \u0130ster milletvekili olsun ister izleyici olsun \u00f6zenli olmalar\u0131n\u0131, dikkat etmelerini istiyoruz. Bunun bize de zarar verdi\u011fini s\u00f6ylemek istiyorum. Bu sadece mahkemeye de\u011fil bize de zarar veriyor\u201d dedi.<\/p>\n<p><strong>\u201cNE MENEM B\u0130R \u00d6RG\u00dcT\u00dcZ K\u0130 ADAYI BEL\u0130RLEYEM\u0130YORUZ\u201d<br \/><\/strong> <br \/>Beylikd\u00fcz\u00fc\u2019n\u00fcn kendisi i\u00e7in \u00e7ok \u00f6nemli ve \u00f6zel oldu\u011funu s\u00f6yleyen \u0130mamo\u011flu, \u201cSoru sorma merakl\u0131s\u0131 de\u011filim yanl\u0131\u015f anla\u015f\u0131lmas\u0131n. Ama iddianame denilen iftiranamenin belgesinin bu diyalo\u011fu \u015fart ko\u015ftu\u011funu d\u00fc\u015f\u00fcn\u00fcyorum. 2019\u2019un Aral\u0131k ay\u0131nda benim belediye ba\u015fkanl\u0131\u011f\u0131 adayl\u0131\u011f\u0131m kesinle\u015fti. Benim adayl\u0131\u011f\u0131m belli olduktan sonra ben kendisine Beylikd\u00fcz\u00fc Belediyesi\u2019ne ba\u015fkan aday\u0131 olman\u0131 istiyorum diye kendisine bu teklifi ilettim. \u0130lk ba\u015fta kendisi bunu reddetti. Ben \u0131srarda bulundum sonra ikna ettim. Bunu niye anlatt\u0131m; biz ne menem bir \u00f6rg\u00fct\u00fcz ki 2014\u2019te kurulup Beylikd\u00fcz\u00fc\u2019n\u00fc ele ge\u00e7irmi\u015fiz sonra da B\u00fcy\u00fck\u015fehir\u2019i ele ge\u00e7irece\u011fiz. Biz daha aday\u0131 belirleyemiyoruz. Nas\u0131l oluyor bu?\u201d diye konu\u015ftu.<\/p>\n<p><strong>\u201cBAS\u0130RETS\u0130Z B\u0130R SU\u00c7 \u00d6RG\u00dcT\u00dc L\u0130DER\u0130Y\u0130M YAN\u0130\u201d<br \/><\/strong> <br \/>\u0130mamo\u011flu sonras\u0131nda Murat \u00c7al\u0131k\u2019a, \u201c2019\u2019da aday oldunuz, benim size bir ki\u015fiyi dahi \u015funu meclis \u00fcyesi yap\u0131n talimat\u0131m, zorlamam olmu\u015f mudur?\u201d diye sordu. \u00c7al\u0131k, \u201cHerhangi bir zorlaman\u0131z olmad\u0131 k\u0131ymetli ba\u015fkan\u0131m. Ama benim aday olmam noktas\u0131nda zorlaman\u0131z oldu. Hi\u00e7 pi\u015fman\u0131m de\u011filim bu arada. Ben zaten meclis \u00fcyelerinin \u00e7o\u011funu tan\u0131yordum. Sizin baz\u0131lar\u0131n\u0131 \u00e7ok sevmenize ra\u011fmen liste d\u0131\u015f\u0131 b\u0131rakm\u0131\u015f\u0131md\u0131r. Siz de bir g\u00fcn sormad\u0131n\u0131z onlar\u0131 neden liste d\u0131\u015f\u0131 b\u0131rakt\u0131\u011f\u0131m\u0131\u201d diye cevap verdi. Bunun \u00fczerine \u0130mamo\u011flu, \u201cBasiretsiz bir su\u00e7 \u00f6rg\u00fct\u00fc lideriyim yani bunu da s\u00f6ylemek istiyorum\u201d dedi.<br \/>Murat \u00c7al\u0131k\u2019\u0131n cevab\u0131n\u0131n uzamas\u0131 \u00fczerine mahkeme ba\u015fkan\u0131 k\u0131sa cevaplar vermesi konusunda uyar\u0131da bulundu. \u00c7al\u0131k, \u201cTamam, kusurabakmay\u0131n\u201d derken araya giren Ekrem \u0130mamo\u011flu, \u201cDuygular\u0131m\u0131z y\u00fckl\u00fc biraz\u201d diye mahkeme ba\u015fkan\u0131na cevap verdi.<\/p>\n<p><strong>\u201cASRIN HUKUKSUZLU\u011eU \u0130LE M\u00dcCADELE ED\u0130YORUZ\u201d<br \/><\/strong> <br \/>Ya\u015fanan ma\u011fduriyetleri anlatmayaca\u011f\u0131n\u0131 s\u00f6yleyen \u0130mamo\u011flu, \u201cAncak bu \u00e7ok a\u011f\u0131r bir i\u015ftir. Bug\u00fcne kadar g\u00f6sterdi\u011finiz itinay\u0131 g\u00f6r\u00fcyorum, bundan sonra da b\u00f6yle devam etmenizi temenni ediyorum. Bu millet sizden adaletli bir karar bekliyor. \u0130n\u015fallah tarih yazars\u0131n\u0131z. Asr\u0131n yolsuzlu\u011fu denilen bir \u015feyin i\u00e7indeyiz fakat ben \u0131srarla s\u00f6yl\u00fcyorum ki biz asr\u0131n hukuksuzlu\u011fu ile m\u00fccadele ediyoruz. Biz demokrasi m\u00fccadelesi veriyoruz\u201d dedi.<\/p>\n\n<p><\/p>\n<p>Kaynak :\u00a0<span style=\"background-color: rgb(255, 249, 236); color: rgb(55, 58, 60); font-size: 14px;\">http:\/\/www.milliyet.com.tr\/gundem\/imamoglu-cikar-amacli-suc-orgutu-davasinda-capraz-sorgu-murat-caliktan-adem-soytekin-aciklamasi-7560867<\/span><\/p>\n","protected":false},"excerpt":{"rendered":"<p>\u201c\u0130mamo\u011flu \u00e7\u0131kar ama\u00e7l\u0131 su\u00e7 \u00f6rg\u00fct\u00fc\u201d ve \u201cyolsuzluk\u201d iddialar\u0131yla aralar\u0131nda \u0130BB Ba\u015fkan\u0131 Ekrem \u0130mamo\u011flu\u2019nun da bulundu\u011fu 107\u2019si tutuklu 7\u2019si firari 5\u2019i m\u00fc\u015fteki-san\u0131k olmak \u00fczere toplam 407 san\u0131k hakk\u0131nda a\u00e7\u0131lan davan\u0131n g\u00f6r\u00fclmesine devam ediyor. 11\u2019inci g\u00fcn\u00fc olan duru\u015fmada Beylikd\u00fcz\u00fc Belediye Ba\u015fkan\u0131 Murat \u00c7al\u0131k\u2019\u0131n \u00e7apraz sorgusu yap\u0131l\u0131yor.<\/p>\n","protected":false},"author":1,"featured_media":191037,"comment_status":"open","ping_status":"open","sticky":false,"template":"","format":"standard","meta":{"footnotes":""},"categories":[3],"tags":[262,234,12240,8554,2650],"class_list":["post-191036","post","type-post","status-publish","format-standard","has-post-thumbnail","hentry","category-guncel","tag-aday","tag-belediye","tag-beylikduzu","tag-calik","tag-imamoglu"],"_links":{"self":[{"href":"https:\/\/kamucalisani.net\/index.php\/wp-json\/wp\/v2\/posts\/191036","targetHints":{"allow":["GET"]}}],"collection":[{"href":"https:\/\/kamucalisani.net\/index.php\/wp-json\/wp\/v2\/posts"}],"about":[{"href":"https:\/\/kamucalisani.net\/index.php\/wp-json\/wp\/v2\/types\/post"}],"author":[{"embeddable":true,"href":"https:\/\/kamucalisani.net\/index.php\/wp-json\/wp\/v2\/users\/1"}],"replies":[{"embeddable":true,"href":"https:\/\/kamucalisani.net\/index.php\/wp-json\/wp\/v2\/comments?post=191036"}],"version-history":[{"count":1,"href":"https:\/\/kamucalisani.net\/index.php\/wp-json\/wp\/v2\/posts\/191036\/revisions"}],"predecessor-version":[{"id":191038,"href":"https:\/\/kamucalisani.net\/index.php\/wp-json\/wp\/v2\/posts\/191036\/revisions\/191038"}],"wp:featuredmedia":[{"embeddable":true,"href":"https:\/\/kamucalisani.net\/index.php\/wp-json\/wp\/v2\/media\/191037"}],"wp:attachment":[{"href":"https:\/\/kamucalisani.net\/index.php\/wp-json\/wp\/v2\/media?parent=191036"}],"wp:term":[{"taxonomy":"category","embeddable":true,"href":"https:\/\/kamucalisani.net\/index.php\/wp-json\/wp\/v2\/categories?post=191036"},{"taxonomy":"post_tag","embeddable":true,"href":"https:\/\/kamucalisani.net\/index.php\/wp-json\/wp\/v2\/tags?post=191036"}],"curies":[{"name":"wp","href":"https:\/\/api.w.org\/{rel}","templated":true}]}}