{"id":191165,"date":"2026-03-26T13:12:12","date_gmt":"2026-03-26T13:12:12","guid":{"rendered":"https:\/\/kamucalisani.net\/?p=191165"},"modified":"2026-03-26T13:12:12","modified_gmt":"2026-03-26T13:12:12","slug":"vanda-evlat-nobeti-119uncu-haftada","status":"publish","type":"post","link":"https:\/\/kamucalisani.net\/index.php\/2026\/03\/26\/vanda-evlat-nobeti-119uncu-haftada\/","title":{"rendered":"Van\u2019da evlat n\u00f6beti 119\u2019uncu haftada!"},"content":{"rendered":"<p><p>Ter\u00f6r \u00f6rg\u00fct\u00fc PKK taraf\u0131ndan \u00e7ocuklar\u0131 ka\u00e7\u0131r\u0131lan aileler, Menek\u015fe Sokak\u2019ta bir araya geldi. Ellerinde T\u00fcrk bayraklar\u0131 ve \u00e7ocuklar\u0131n\u0131n foto\u011fraflar\u0131n\u0131 ta\u015f\u0131yan aileler, slogan atmadan DEM Parti \u0130l Binas\u0131\u2019na kadar y\u00fcr\u00fcd\u00fc. 119&#8217;uncu haftada s\u00fcren y\u00fcr\u00fcy\u00fc\u015f s\u0131ras\u0131nda polis ekipleri geni\u015f g\u00fcvenlik \u00f6nlemi al\u0131rken, parti binas\u0131ndan da m\u00fczik a\u00e7\u0131lmad\u0131.<\/p>\n<p><strong>\u2018YILLARDIR EVLAT HASRET\u0130 \u00c7EK\u0130YORUZ\u2019<\/strong><\/p>\n<p>Eyleme, 2012 y\u0131l\u0131nda da\u011fa ka\u00e7\u0131r\u0131lan k\u0131z\u0131 \u015eerima i\u00e7in kat\u0131lan Nazl\u0131 Sancar, y\u0131llard\u0131r evlad\u0131ndan haber alamad\u0131\u011f\u0131n\u0131 belirtti. Sancar, \u201cYakla\u015f\u0131k 15 y\u0131ld\u0131r evlad\u0131mdan ayr\u0131y\u0131m. K\u0131z\u0131mdan dolay\u0131 ne bayramlar\u0131m\u0131z bayram ne de seyranlar\u0131m\u0131z seyran. 2019\u2019dan bu yana y\u0131lmadan, usanmadan bu hakl\u0131 m\u00fccadelemizi s\u00fcrd\u00fcr\u00fcyoruz. Son nefesimize kadar da devam edece\u011fiz. Evlat ac\u0131s\u0131n\u0131n tarifi yoktur. \u00d6l\u00fc ya da diri, evlad\u0131m\u0131z\u0131 istiyoruz&#8221; dedi.<\/p>\n<div>\n<div><img decoding=\"async\" src=\"https:\/\/kamucalisani.net\/wp-content\/uploads\/2026\/03\/vanda-evlat-nobeti-119uncu-haftada-0-AEN2Gywz.jpg\"\/><\/img><\/div>\n<\/div>\n<p>\u00c7ocuklar\u0131n\u0131 alana kadar m\u00fccadelelerini s\u00fcrd\u00fcreceklerini belirten Sancar, \u201cEvlatlar\u0131m\u0131z bu kap\u0131dan gitmi\u015fti, yine bu kap\u0131dan alaca\u011f\u0131z. Son nefese kadar buraday\u0131z. Gelin devlet g\u00fc\u00e7lerine teslim olun. Ceza yok, bir \u015fey yok. Bu m\u00fccadele sadece k\u0131z\u0131m \u015eerima i\u00e7in de\u011fil, t\u00fcm \u00e7ocuklar i\u00e7indir. Y\u0131llard\u0131r g\u00f6zya\u015f\u0131 d\u00f6k\u00fcyorum, ba\u015fka anneler a\u011flamas\u0131n. Art\u0131k silahlar de\u011fil, umutlar konu\u015fsun. \u015eerima k\u0131z\u0131m, beni duyuyorsan seni hasretle bekliyorum&#8221; diye konu\u015ftu.<\/p>\n\n<p><\/p>\n<p>Kaynak :\u00a0<span style=\"background-color: rgb(255, 249, 236); color: rgb(55, 58, 60); font-size: 14px;\">http:\/\/www.milliyet.com.tr\/gundem\/vanda-evlat-nobeti-119uncu-haftada-7561005<\/span><\/p>\n","protected":false},"excerpt":{"rendered":"<p>Van\u2019da \u00e7ocuklar\u0131 PKK taraf\u0131ndan ka\u00e7\u0131r\u0131lan ailelerin ba\u015flatt\u0131\u011f\u0131 evlat n\u00f6beti, 119\u2019uncu haftada da s\u00fcrd\u00fc. Aileler, DEM Parti \u0130l Ba\u015fkanl\u0131\u011f\u0131 binas\u0131 \u00f6n\u00fcne \u2018sessiz y\u00fcr\u00fcy\u00fc\u015f\u2019 yapt\u0131.<\/p>\n","protected":false},"author":1,"featured_media":191166,"comment_status":"open","ping_status":"open","sticky":false,"template":"","format":"standard","meta":{"footnotes":""},"categories":[3],"tags":[],"class_list":["post-191165","post","type-post","status-publish","format-standard","has-post-thumbnail","hentry","category-guncel"],"_links":{"self":[{"href":"https:\/\/kamucalisani.net\/index.php\/wp-json\/wp\/v2\/posts\/191165","targetHints":{"allow":["GET"]}}],"collection":[{"href":"https:\/\/kamucalisani.net\/index.php\/wp-json\/wp\/v2\/posts"}],"about":[{"href":"https:\/\/kamucalisani.net\/index.php\/wp-json\/wp\/v2\/types\/post"}],"author":[{"embeddable":true,"href":"https:\/\/kamucalisani.net\/index.php\/wp-json\/wp\/v2\/users\/1"}],"replies":[{"embeddable":true,"href":"https:\/\/kamucalisani.net\/index.php\/wp-json\/wp\/v2\/comments?post=191165"}],"version-history":[{"count":1,"href":"https:\/\/kamucalisani.net\/index.php\/wp-json\/wp\/v2\/posts\/191165\/revisions"}],"predecessor-version":[{"id":191168,"href":"https:\/\/kamucalisani.net\/index.php\/wp-json\/wp\/v2\/posts\/191165\/revisions\/191168"}],"wp:featuredmedia":[{"embeddable":true,"href":"https:\/\/kamucalisani.net\/index.php\/wp-json\/wp\/v2\/media\/191166"}],"wp:attachment":[{"href":"https:\/\/kamucalisani.net\/index.php\/wp-json\/wp\/v2\/media?parent=191165"}],"wp:term":[{"taxonomy":"category","embeddable":true,"href":"https:\/\/kamucalisani.net\/index.php\/wp-json\/wp\/v2\/categories?post=191165"},{"taxonomy":"post_tag","embeddable":true,"href":"https:\/\/kamucalisani.net\/index.php\/wp-json\/wp\/v2\/tags?post=191165"}],"curies":[{"name":"wp","href":"https:\/\/api.w.org\/{rel}","templated":true}]}}