{"id":191240,"date":"2026-03-26T15:12:12","date_gmt":"2026-03-26T15:12:12","guid":{"rendered":"https:\/\/kamucalisani.net\/?p=191240"},"modified":"2026-03-26T15:12:12","modified_gmt":"2026-03-26T15:12:12","slug":"gelen-cezayi-gorunce-bunalima-girdi-motorunu-atese-verdi-sifiri-zaten-50-bin-tl","status":"publish","type":"post","link":"https:\/\/kamucalisani.net\/index.php\/2026\/03\/26\/gelen-cezayi-gorunce-bunalima-girdi-motorunu-atese-verdi-sifiri-zaten-50-bin-tl\/","title":{"rendered":"Gelen cezay\u0131 g\u00f6r\u00fcnce bunal\u0131ma girdi! Motorunu ate\u015fe verdi: S\u0131f\u0131r\u0131 zaten 50 bin TL"},"content":{"rendered":"<p><p>Mente\u015fe il\u00e7esi Bay\u0131r Mahallesi&#8217;nde oturan Mehmet \u00d6zt\u00fcrk, al\u0131\u015fveri\u015f merkezi \u00f6n\u00fcnde sabit duran motoruna ehliyet ve vizesi olmad\u0131\u011f\u0131 i\u00e7in 203 bin 965 TL ceza kesildi. Araba par\u00e7as\u0131na trafik cezas\u0131 yiyen vatanda\u015f duruma tepki g\u00f6stererek motorunu ate\u015fe verdi.<\/p>\n<p>Motoruna park halinde iken 203 bin 965 TL trafik cezas\u0131 yiyen vatanda\u015f araba paras\u0131na ceza yedi\u011fini belirterek, &#8220;Durdu\u011fu yerde motoruma 203 bin 965 lira ceza yedim. Motorun \u00fcst\u00fcnde yakalanmad\u0131m, ya da \u00e7evirmeye girmedim, herhangi bir olay an\u0131nda giri\u015f yapt\u0131\u011f\u0131m bir yer yok. Drone&#8217;dan izleme ile motorla park etti\u011fim halde geldi polisler arkamdan, ehliyetim olmad\u0131\u011f\u0131 i\u00e7in 203 bin lira ceza yazd\u0131. Hatta k\u00fcsurat\u0131 var, 204 bin lira \u00f6deyemezdim bu paray\u0131, 203 bin olarak \u00f6deyece\u011fiz. Ger\u00e7i indirim de var y\u00fczde 20 \u00f6deyece\u011fiz. Asgari \u00fccret \u00e7al\u0131\u015fan birisi olaraktan. Bu ceza \u00f6demem i\u00e7in en az bir sene ge\u00e7mesi gerekiyor. Sonu\u00e7ta evliyim, torun sahibiyim. Evimi bakmak zorunday\u0131m. Ama bu \u015fekildeyken bu cezay\u0131 yedim. \u0130tiraz ediyorum, itirazlar i\u00e7inde bulundum. Cezadan dolay\u0131.<\/p>\n<div>\n<div><img decoding=\"async\" src=\"https:\/\/kamucalisani.net\/wp-content\/uploads\/2026\/03\/gelen-cezayi-gorunce-bunalima-girdi-motorunu-atese-verdi-sifiri-zaten-50-bin-tl-0-tJBZBxtH.jpg\"\/><\/img><\/div>\n<\/div>\n<p><strong>\u201cMOTORUN SIFIRINI ALMI\u015e OLSAK 50 B\u0130N L\u0130RA\u201d<\/strong><\/p>\n<p>\u00d6zt\u00fcrk, \u201cYani benim kullanm\u0131\u015f oldu\u011fum motorun maliyeti s\u0131f\u0131r\u0131n\u0131 alm\u0131\u015f olsak bug\u00fcn 50 bin lira. Ama yedi\u011fim ceza 204 bin lira. Yani onun i\u00e7in gerekenlerin yap\u0131lmas\u0131n\u0131 istiyorum. Ya da itirazlar\u0131m ne kadar gider, ne yap\u0131labilir, arkas\u0131nda duraca\u011f\u0131m ve ko\u015fturmak da istiyorum. Bunal\u0131ma girdim nas\u0131l \u00f6deyece\u011fim ben bu cezay\u0131? Ben iki tane \u00e7ocuk besliyorum. \u0130ki tane torunum var. Bakmakla y\u00fck\u00fcml\u00fc oldu\u011fum bir evim var. Nas\u0131l \u00e7\u0131kaca\u011f\u0131m bu i\u015fin i\u00e7inden? Hani elektri\u011fim, suyum, do\u011falgaz\u0131m, telefonum, yani \u015fahsi giderlerim. Hani nas\u0131l \u00f6denir yani 203 kusurlar\u0131 bir ceza. Yani \u015fu anda en basit bir araba almaya kalksam bu para. Araba paras\u0131na ceza \u00f6deyece\u011fim. Sonu\u00e7 belli. \u00d6denecek, bekleyecek, faiz \u00fcst\u00fcne faiz binecek, faiz \u00fcst\u00fcne faiz binecek. Art\u0131k sonra icra gelecek. Bu \u015fekilde devam edip gidece\u011fiz diye d\u00fc\u015f\u00fcn\u00fcyorum&#8221; dedi.<\/p>\n\n<p><\/p>\n<p>Kaynak :\u00a0<span style=\"background-color: rgb(255, 249, 236); color: rgb(55, 58, 60); font-size: 14px;\">http:\/\/www.milliyet.com.tr\/gundem\/gelen-cezayi-gorunce-bunalima-girdi-motorunu-atese-verdi-sifiri-zaten-50-bin-tl-7561077<\/span><\/p>\n","protected":false},"excerpt":{"rendered":"<p>Mu\u011fla&#8217;n\u0131n Mente\u015fe il\u00e7esinde 50 bin TL de\u011ferindeki motosikletine 203 bin 965 TL trafik cezas\u0131 yaz\u0131lan vatanda\u015f motorunu ate\u015fe verdi. 42 ya\u015f\u0131ndaki Mehmet \u00d6zt\u00fcrk taraf\u0131na kesilen cezadan sonra bunal\u0131ma girdi\u011fini belirterek motorunu yakt\u0131\u011f\u0131n\u0131 a\u00e7\u0131klad\u0131.<\/p>\n","protected":false},"author":1,"featured_media":191241,"comment_status":"open","ping_status":"open","sticky":false,"template":"","format":"standard","meta":{"footnotes":""},"categories":[3],"tags":[386,44,3383],"class_list":["post-191240","post","type-post","status-publish","format-standard","has-post-thumbnail","hentry","category-guncel","tag-ceza","tag-lira","tag-motorun"],"_links":{"self":[{"href":"https:\/\/kamucalisani.net\/index.php\/wp-json\/wp\/v2\/posts\/191240","targetHints":{"allow":["GET"]}}],"collection":[{"href":"https:\/\/kamucalisani.net\/index.php\/wp-json\/wp\/v2\/posts"}],"about":[{"href":"https:\/\/kamucalisani.net\/index.php\/wp-json\/wp\/v2\/types\/post"}],"author":[{"embeddable":true,"href":"https:\/\/kamucalisani.net\/index.php\/wp-json\/wp\/v2\/users\/1"}],"replies":[{"embeddable":true,"href":"https:\/\/kamucalisani.net\/index.php\/wp-json\/wp\/v2\/comments?post=191240"}],"version-history":[{"count":1,"href":"https:\/\/kamucalisani.net\/index.php\/wp-json\/wp\/v2\/posts\/191240\/revisions"}],"predecessor-version":[{"id":191243,"href":"https:\/\/kamucalisani.net\/index.php\/wp-json\/wp\/v2\/posts\/191240\/revisions\/191243"}],"wp:featuredmedia":[{"embeddable":true,"href":"https:\/\/kamucalisani.net\/index.php\/wp-json\/wp\/v2\/media\/191241"}],"wp:attachment":[{"href":"https:\/\/kamucalisani.net\/index.php\/wp-json\/wp\/v2\/media?parent=191240"}],"wp:term":[{"taxonomy":"category","embeddable":true,"href":"https:\/\/kamucalisani.net\/index.php\/wp-json\/wp\/v2\/categories?post=191240"},{"taxonomy":"post_tag","embeddable":true,"href":"https:\/\/kamucalisani.net\/index.php\/wp-json\/wp\/v2\/tags?post=191240"}],"curies":[{"name":"wp","href":"https:\/\/api.w.org\/{rel}","templated":true}]}}