{"id":191260,"date":"2026-03-26T15:42:12","date_gmt":"2026-03-26T15:42:12","guid":{"rendered":"https:\/\/kamucalisani.net\/?p=191260"},"modified":"2026-03-26T15:42:12","modified_gmt":"2026-03-26T15:42:12","slug":"oneplus-kapaniyor-mu-kuresel-pazardan-cikiyor","status":"publish","type":"post","link":"https:\/\/kamucalisani.net\/index.php\/2026\/03\/26\/oneplus-kapaniyor-mu-kuresel-pazardan-cikiyor\/","title":{"rendered":"OnePlus kapan\u0131yor mu? K\u00fcresel pazardan \u00e7\u0131k\u0131yor"},"content":{"rendered":"<p><figure> <span> <img decoding=\"async\" src=\"https:\/\/kamucalisani.net\/wp-content\/uploads\/2026\/03\/oneplus-kapaniyor-mu-kuresel-pazardan-cikiyor-0-5dplOYI3.jpg\"\/> <\/span> Ak\u0131ll\u0131 telefon pazar\u0131nda rekabet giderek yo\u011funla\u015f\u0131rken, baz\u0131 markalar i\u00e7in b\u00f6lgesel stratejiler daha belirleyici hale geliyor. Bu kapsamda pazarda fiyat-performans cihazlarla varl\u0131k g\u00f6steren\u00a0<strong>OnePlus,<\/strong>\u00a0k\u00fcresel pazardan \u00e7\u0131kabilir. <\/figure>\n<p><b>OnePlus, ABD ve Avrupa operasyonlar\u0131n\u0131 sonland\u0131rabilir<\/b><\/p>\n<p>G\u00fcvenilir s\u0131z\u0131nt\u0131lar\u0131yla bilinen Yogesh Brar taraf\u0131ndan payla\u015f\u0131lan bilgilere g\u00f6re OnePlus, <strong>ABD, Birle\u015fik Krall\u0131k ve Avrupa Birli\u011fi ba\u015fta olmak \u00fczere bir\u00e7ok k\u00fcresel pazarda operasyonlar\u0131n\u0131 durdurmaya<\/strong> haz\u0131rlan\u0131yor. S\u00f6z konusu iddialar\u0131n, \u015firket i\u00e7i bir kaynak taraf\u0131ndan do\u011fruland\u0131\u011f\u0131n\u0131 da belirtelim.<\/p>\n<p>Aktar\u0131lan detaylara g\u00f6re \u015firket, <strong>Kuzey Amerika<\/strong> ve<strong> Avrupa&#8217;daki faaliyetlerini<\/strong> en erken <strong>Nisan 2026 itibar\u0131yla<\/strong> sonland\u0131rabilir. Buna kar\u015f\u0131n \u00c7in ve Hindistan gibi Asya pazarlar\u0131nda operasyonlar\u0131n devam edece\u011fi belirtiliyor. Ayr\u0131ca Robin Liu&#8217;nun yedi y\u0131ll\u0131k g\u00f6rev s\u00fcresinin ard\u0131ndan istifa etmesi, bu s\u00fcre\u00e7le ba\u011flant\u0131l\u0131 olabilir.<\/p>\n<p>OnePlus cephesinden ise konuya ili\u015fkin net bir a\u00e7\u0131klama gelmi\u015f de\u011fil. Ancak ilk kapanma s\u00f6ylentileri y\u0131l\u0131n ba\u015f\u0131nda ortaya \u00e7\u0131km\u0131\u015f ve \u015firketin \u00f6zellikle Kuzey Amerika ve Avrupa operasyonlar\u0131n\u0131n kademeli olarak k\u00fc\u00e7\u00fclt\u00fcld\u00fc\u011f\u00fc \u00f6ne s\u00fcr\u00fclm\u00fc\u015ft\u00fc.\u00a0\u015eirket, daha \u00f6nce ortaya \u00e7\u0131kan benzer iddialar sonras\u0131nda kullan\u0131c\u0131lar i\u00e7in sat\u0131\u015f sonras\u0131 destek ve yaz\u0131l\u0131m g\u00fcncellemelerinin devam edece\u011fini payla\u015ft\u0131.<\/p>\n<p>\u00d6te yandan marka, k\u00fcresel pazarlardan \u00e7ekilece\u011fi iddialar\u0131na ra\u011fmen <strong>Asya taraf\u0131nda \u00fcr\u00fcn lansmanlar\u0131na<\/strong> devam ediyor. Hindistan&#8217;da Nord serisine yeni modellerin i\u015faretleri verilirken, \u00c7in&#8217;de OnePlus 15T modelinin tan\u0131\u0131t\u0131ld\u0131.<\/p>\n\n<p>Kaynak\u00a0 :\u00a0<span style=\"background-color: rgb(255, 249, 236); color: rgb(55, 58, 60); font-size: 14px;\">https:\/\/www.donanimhaber.com\/oneplus-kapaniyor-mu-kuresel-pazardan-cikiyor&#8211;203673<\/span><\/p>\n","protected":false},"excerpt":{"rendered":"<p>Ak\u0131ll\u0131 telefon pazar\u0131nda rekabet giderek yo\u011funla\u015f\u0131rken, baz\u0131 markalar i\u00e7in b\u00f6lgesel stratejiler daha belirleyici hale geliyor. Bu kapsamda pazarda fiyat-performans cihazlarla varl\u0131k g\u00f6steren\u00a0OnePlus,\u00a0k\u00fcresel pazardan \u00e7\u0131kabilir. OnePlus, ABD ve &#8230;<\/p>\n","protected":false},"author":1,"featured_media":191261,"comment_status":"open","ping_status":"open","sticky":false,"template":"","format":"standard","meta":{"footnotes":""},"categories":[8],"tags":[894],"class_list":["post-191260","post","type-post","status-publish","format-standard","has-post-thumbnail","hentry","category-teknoloji","tag-oneplus"],"_links":{"self":[{"href":"https:\/\/kamucalisani.net\/index.php\/wp-json\/wp\/v2\/posts\/191260","targetHints":{"allow":["GET"]}}],"collection":[{"href":"https:\/\/kamucalisani.net\/index.php\/wp-json\/wp\/v2\/posts"}],"about":[{"href":"https:\/\/kamucalisani.net\/index.php\/wp-json\/wp\/v2\/types\/post"}],"author":[{"embeddable":true,"href":"https:\/\/kamucalisani.net\/index.php\/wp-json\/wp\/v2\/users\/1"}],"replies":[{"embeddable":true,"href":"https:\/\/kamucalisani.net\/index.php\/wp-json\/wp\/v2\/comments?post=191260"}],"version-history":[{"count":1,"href":"https:\/\/kamucalisani.net\/index.php\/wp-json\/wp\/v2\/posts\/191260\/revisions"}],"predecessor-version":[{"id":191263,"href":"https:\/\/kamucalisani.net\/index.php\/wp-json\/wp\/v2\/posts\/191260\/revisions\/191263"}],"wp:featuredmedia":[{"embeddable":true,"href":"https:\/\/kamucalisani.net\/index.php\/wp-json\/wp\/v2\/media\/191261"}],"wp:attachment":[{"href":"https:\/\/kamucalisani.net\/index.php\/wp-json\/wp\/v2\/media?parent=191260"}],"wp:term":[{"taxonomy":"category","embeddable":true,"href":"https:\/\/kamucalisani.net\/index.php\/wp-json\/wp\/v2\/categories?post=191260"},{"taxonomy":"post_tag","embeddable":true,"href":"https:\/\/kamucalisani.net\/index.php\/wp-json\/wp\/v2\/tags?post=191260"}],"curies":[{"name":"wp","href":"https:\/\/api.w.org\/{rel}","templated":true}]}}