{"id":191289,"date":"2026-03-26T17:06:12","date_gmt":"2026-03-26T17:06:12","guid":{"rendered":"https:\/\/kamucalisani.net\/?p=191289"},"modified":"2026-03-26T17:06:12","modified_gmt":"2026-03-26T17:06:12","slug":"marciniaktan-liverpool-galatasaray-maci-sozleri-tamamen-gercek-disi","status":"publish","type":"post","link":"https:\/\/kamucalisani.net\/index.php\/2026\/03\/26\/marciniaktan-liverpool-galatasaray-maci-sozleri-tamamen-gercek-disi\/","title":{"rendered":"Marciniak&#8217;tan Liverpool-Galatasaray ma\u00e7\u0131 s\u00f6zleri! &#8216;Tamamen ger\u00e7ek d\u0131\u015f\u0131&#8217;"},"content":{"rendered":"<p><p>UEFA \u015eampiyonlar Ligi son 16 turu r\u00f6van\u015f\u0131nda Galatasaray&#8217;\u0131n deplasmanda Liverpool ile kar\u015f\u0131 kar\u015f\u0131ya geldi\u011fi ma\u00e7 \u00f6ncesinde Polonyal\u0131 hakem Szymon Marciniak, ya\u015fad\u0131\u011f\u0131 sakatl\u0131k nedeniyle ma\u00e7a orta hakem olarak ba\u015flayamam\u0131\u015f ve kar\u015f\u0131la\u015fmay\u0131 Pawel Raczkowski y\u00f6netmi\u015fti.<\/p>\n<p><strong>A\u00c7IKLAMALARDA BULUNDU<\/strong><\/p>\n<p>Szymon Marciniak, sakatl\u0131\u011f\u0131yla ilgili TVP Sport&#8217;a \u015fu a\u00e7\u0131klamalarda bulundu:<\/p>\n<p>\u201cAylarca hakemlik yapamayaca\u011f\u0131m y\u00f6n\u00fcndeki sakatl\u0131k s\u00f6ylentileri tamamen ger\u00e7ek d\u0131\u015f\u0131. Ger\u00e7ek \u015fu ki bel omurgamdan bir sakatl\u0131k ya\u015fad\u0131m ve bu y\u00fczden Liverpool &#8211; Galatasaray ma\u00e7\u0131n\u0131 y\u00f6netemedim. \u015eu anda antrenmanlara geri d\u00f6nd\u00fcm, \u015fimdilik hafif \u015fekilde devam ediyorum.<\/p>\n<p>29 Mart \u2013 3 Nisan tarihleri aras\u0131nda ise D\u00fcnya Kupas\u0131\u2019nda g\u00f6rev alabilecek UEFA hakem adaylar\u0131 i\u00e7in d\u00fczenlenen FIFA kamp\u0131na kat\u0131laca\u011f\u0131m. Tarihteki en b\u00fcy\u00fck futbol organizasyonu olacak \u00fc\u00e7\u00fcnc\u00fc D\u00fcnya Kupas\u0131\u2019nda yer almak benim i\u00e7in \u00e7ok \u00f6nemli.\u201d<\/p>\n\n<p><\/p>\n<p>Kaynak :\u00a0<span style=\"background-color: rgb(255, 249, 236); color: rgb(55, 58, 60); font-size: 14px;\">http:\/\/www.milliyet.com.tr\/skorer\/marciniaktan-liverpool-galatasaray-maci-sozleri-tamamen-gercek-disi-7561127<\/span><\/p>\n","protected":false},"excerpt":{"rendered":"<p>\u015eampiyonlar Ligi son 16 turu r\u00f6van\u015f\u0131nda Galatasaray&#8217;\u0131n deplasmanda Liverpool ile oynad\u0131\u011f\u0131 ma\u00e7\u0131n hakemi olan Szymon Marciniak kar\u015f\u0131la\u015fma \u00f6ncesi sakatlanm\u0131\u015ft\u0131. Polonyal\u0131 hakem konuyla ilgili a\u00e7\u0131klamalarda bulundu.<\/p>\n","protected":false},"author":1,"featured_media":191290,"comment_status":"open","ping_status":"open","sticky":false,"template":"","format":"standard","meta":{"footnotes":""},"categories":[7],"tags":[],"class_list":["post-191289","post","type-post","status-publish","format-standard","has-post-thumbnail","hentry","category-spor"],"_links":{"self":[{"href":"https:\/\/kamucalisani.net\/index.php\/wp-json\/wp\/v2\/posts\/191289","targetHints":{"allow":["GET"]}}],"collection":[{"href":"https:\/\/kamucalisani.net\/index.php\/wp-json\/wp\/v2\/posts"}],"about":[{"href":"https:\/\/kamucalisani.net\/index.php\/wp-json\/wp\/v2\/types\/post"}],"author":[{"embeddable":true,"href":"https:\/\/kamucalisani.net\/index.php\/wp-json\/wp\/v2\/users\/1"}],"replies":[{"embeddable":true,"href":"https:\/\/kamucalisani.net\/index.php\/wp-json\/wp\/v2\/comments?post=191289"}],"version-history":[{"count":1,"href":"https:\/\/kamucalisani.net\/index.php\/wp-json\/wp\/v2\/posts\/191289\/revisions"}],"predecessor-version":[{"id":191291,"href":"https:\/\/kamucalisani.net\/index.php\/wp-json\/wp\/v2\/posts\/191289\/revisions\/191291"}],"wp:featuredmedia":[{"embeddable":true,"href":"https:\/\/kamucalisani.net\/index.php\/wp-json\/wp\/v2\/media\/191290"}],"wp:attachment":[{"href":"https:\/\/kamucalisani.net\/index.php\/wp-json\/wp\/v2\/media?parent=191289"}],"wp:term":[{"taxonomy":"category","embeddable":true,"href":"https:\/\/kamucalisani.net\/index.php\/wp-json\/wp\/v2\/categories?post=191289"},{"taxonomy":"post_tag","embeddable":true,"href":"https:\/\/kamucalisani.net\/index.php\/wp-json\/wp\/v2\/tags?post=191289"}],"curies":[{"name":"wp","href":"https:\/\/api.w.org\/{rel}","templated":true}]}}