{"id":20026,"date":"2024-06-05T10:00:07","date_gmt":"2024-06-05T10:00:07","guid":{"rendered":"https:\/\/kamucalisani.net\/?p=20026"},"modified":"2024-06-05T10:00:07","modified_gmt":"2024-06-05T10:00:07","slug":"son-dakika-bakan-fidan-abdli-mevkidasi-ile-ateskesi-gorustu","status":"publish","type":"post","link":"https:\/\/kamucalisani.net\/index.php\/2024\/06\/05\/son-dakika-bakan-fidan-abdli-mevkidasi-ile-ateskesi-gorustu\/","title":{"rendered":"Son dakika: Bakan Fidan ABD&#8217;li mevkida\u015f\u0131 ile ate\u015fkesi g\u00f6r\u00fc\u015ft\u00fc"},"content":{"rendered":"<p><p>Diplomatik kaynaklardan edinilen bilgiye g\u00f6re, D\u0131\u015fi\u015fleri Bakan\u0131 Hakan Fidan, ABD D\u0131\u015fi\u015fleri Bakan\u0131 Antony Blinken ile bir telefon g\u00f6r\u00fc\u015fmesi ger\u00e7ekle\u015ftirdi. G\u00f6r\u00fc\u015fmede, Hamas ve \u0130srail aras\u0131ndaki m\u00fczakerelerde g\u00fcndeme getirilen son teklif ele al\u0131nd\u0131\u011f\u0131 belirtildi.<\/p>\n<p><span><strong>\u201cNATO\u2019nun Filistin\u2019de i\u015fgale kar\u015f\u0131 ilkeli bir duru\u015f g\u00f6stermesi gerekiyor\u201d<\/strong><\/span><\/p>\n<p>D\u0131\u015fi\u015fleri Bakan\u0131 Hakan Fidan, \u00c7ekya\u2019n\u0131n ba\u015fkenti Prag\u2019da ger\u00e7ekle\u015ftirilen NATO Gayriresmi D\u0131\u015fi\u015fleri Bakanlar\u0131 toplant\u0131s\u0131n\u0131n ard\u0131ndan temaslar\u0131na ili\u015fkin a\u00e7\u0131klamalarda bulundu. T\u00fcrkiye\u2019ye hareket etmeden \u00f6nce yapt\u0131\u011f\u0131 a\u00e7\u0131klamada Fidan, \u201cG\u00fcn boyu \u00e7ok yo\u011fun tart\u0131\u015fmalar, g\u00f6r\u00fc\u015fmeler oldu. T\u00fcrkiye olarak NATO zeminlerinde her zaman i\u00e7in vurgulad\u0131\u011f\u0131m\u0131z g\u00f6r\u00fc\u015flerimizi burada y\u00fcksek sesle tekrar g\u00fcndeme getirdik. \u00d6zellikle bug\u00fcn Ukrayna meselesi \u00e7ok ciddi olarak g\u00fcndemimizdeydi. T\u00fcrkiye olarak biz Ukrayna konusunda yard\u0131mlar\u0131n devam etmesini, Ukrayna&#8217;n\u0131n cayd\u0131r\u0131c\u0131l\u0131k konusunda yeterli olmas\u0131n\u0131 destekliyoruz\u201d dedi.NATO&#8217;nun bu sava\u015f\u0131n bir par\u00e7as\u0131 olmas\u0131n\u0131 da istemediklerini belirten Fidan, \u201cBu ikisi aras\u0131ndaki dengenin NATO \u00fclkeleri taraf\u0131ndan ve te\u015fkilat olarak NATO taraf\u0131ndan g\u00f6zetilmesi gerekti\u011fini d\u00fc\u015f\u00fcn\u00fcyoruz ve bu g\u00f6r\u00fc\u015f\u00fcm\u00fcz, genel kabul g\u00f6ren bir g\u00f6r\u00fc\u015f. Bu hatt\u0131n tutulmas\u0131 gerekiyor. Ukrayna&#8217;n\u0131n toprak b\u00fct\u00fcnl\u00fc\u011f\u00fcn\u00fc sa\u011flamak ve topraklar\u0131n\u0131 \u00f6zg\u00fcrl\u00fc\u011fe kavu\u015fturmak i\u00e7in desteklenmesi, bir s\u00fcre\u00e7 ama NATO&#8217;nun bu sava\u015fa taraf olmas\u0131 ba\u015fka bir konu. Bu, daha b\u00fcy\u00fck b\u00f6lgesel krizleri beraberinde getirebilir\u201d \u015feklinde konu\u015ftu.<\/p>\n<p><strong>\u201cSava\u015fa bar\u0131\u015f\u00e7\u0131l bir \u00e7\u00f6z\u00fcm bulunmas\u0131 yolundaki \u00e7al\u0131\u015fmalar\u0131m\u0131z\u0131 devam ettiriyoruz\u201d<\/strong><\/p>\n<p>T\u00fcrkiye\u2019nin Ukrayna\u2019ya deste\u011finin tam oldu\u011funu vurgulayan Fidan, \u201cCumhurba\u015fkan\u0131m\u0131z bu konuda T\u00fcrkiye&#8217;nin iradesini a\u00e7\u0131k \u015fekilde ortaya koymu\u015ftur. Di\u011fer taraftan NATO \u00fclkelerinin savunmaya y\u00f6nelik \u00e7abalar\u0131 devam ederken, ihmal edilen bir konuyu da s\u00fcrekli g\u00fcndeme getiriyoruz. O da diplomatik boyutun masaya ta\u015f\u0131nmas\u0131. Sadece sava\u015fla ilgili konular\u0131n de\u011fil, diyalogla ilgili y\u00f6ntemlerin de bu sorunun \u00e7\u00f6z\u00fcm\u00fcnde kullan\u0131lmas\u0131 gerekti\u011fini biz T\u00fcrkiye olarak vurguluyoruz. Bunun yap\u0131lmamas\u0131 daha b\u00fcy\u00fck riskleri beraberinde getirir. Bug\u00fcn de bunu g\u00fcndeme getirdik\u201d ifadelerini kulland\u0131.<br \/>Baz\u0131 \u00fclkelerin T\u00fcrkiye\u2019nin g\u00f6r\u00fc\u015flerini desteklemeye ba\u015flad\u0131\u011f\u0131n\u0131 aktaran Fidan, \u201cMalumunuz bu konuyu ilk olarak biz g\u00fcndeme getirmi\u015ftik. Sonra birka\u00e7 \u00fclke daha sonra, \u015fimdi bu \u00fclkelerin say\u0131s\u0131nda yava\u015f yava\u015f bir art\u0131\u015f oldu\u011funu g\u00f6r\u00fcyoruz. Bu sava\u015fa bar\u0131\u015f\u00e7\u0131l bir \u00e7\u00f6z\u00fcm bulunmas\u0131 yolundaki bask\u0131lar ve \u00e7al\u0131\u015fmalar\u0131m\u0131z\u0131 devam ettiriyoruz\u201d diye konu\u015ftu.<\/p>\n<p><strong>\u201cT\u00fcrkiye&#8217;ye y\u00f6nelik baz\u0131 \u00fcye \u00fclkelerin y\u00fcr\u00fctt\u00fc\u011f\u00fc k\u0131s\u0131tlamalar\u0131n kabul edilemez oldu\u011funu yineledik\u201d<\/strong><\/p>\n<p>NATO \u00fcyesi \u00fclkeler aras\u0131nda dayan\u0131\u015fman\u0131n ayr\u0131mc\u0131l\u0131\u011fa dayanmadan devam etmesi gerekti\u011fini vurgulayan Fidan, \u201cT\u00fcrkiye&#8217;ye y\u00f6nelik baz\u0131 \u00fcye \u00fclkelerin y\u00fcr\u00fctt\u00fc\u011f\u00fc k\u0131s\u0131tlamalar\u0131n kabul edilemez oldu\u011funu ve bunlar\u0131n kald\u0131r\u0131lmas\u0131 gerekti\u011fi konusundaki kararl\u0131l\u0131\u011f\u0131m\u0131z\u0131 yineledik. Biliyorsunuz, uzun zamand\u0131r devam eden birebir \u00e7al\u0131\u015fmalar ve g\u00f6r\u00fc\u015fmeler neticesinde bir\u00e7ok \u00fclkeyle olan s\u0131n\u0131rlamalar\u0131 kald\u0131rd\u0131k veya hafiflettik. Bir iki \u00fclke bu konuda hala i\u00e7 politik dengelerden dolay\u0131 bizimle ilgili baz\u0131 sorunlu konular\u0131n\u0131, \u00f6zellikle savunma sanayi ile alakal\u0131 konular\u0131 \u00e7\u00f6zememi\u015f durumda. Biz NATO zemininde bunu da g\u00fcndeme getirdik. Yani bunun NATO&#8217;nun ruhuyla, g\u00fcvenlik dayan\u0131\u015fmas\u0131n\u0131n, ruhuyla ba\u011fda\u015fmad\u0131\u011f\u0131n\u0131, bununla ilgili sistematik olarak neler yap\u0131lmas\u0131 gerekti\u011fini vurgulad\u0131k\u201d dedi.<\/p>\n<p><strong>\u201cT\u00fcrkiye, Gazze sorununa dikkat \u00e7eken hemen hemen tek \u00fclke oldu\u201d<\/strong><\/p>\n<p>T\u00fcrkiye\u2019nin Gazze sorununa ili\u015fkin \u00e7abalar\u0131na da de\u011finen Fidan, \u201cDi\u011fer taraftan tabii \u00f6zellikle NATO bir g\u00fcvenlik \u00f6rg\u00fct\u00fc. K\u00fcresel g\u00fcvenlik sorunlar\u0131yla sadece \u00e7\u0131kt\u0131\u011f\u0131 zaman de\u011fil, \u00e7\u0131kmadan \u00f6nce de ilgilenmesi gerekiyor. Gazze sorununun, \u0130srail-Filistin meselesinin b\u00f6lgesel bir sorun olarak g\u00f6r\u00fcnmekle beraber k\u00fcresel bir g\u00fcvenlik sorununa d\u00f6n\u00fc\u015fme probleminin oldu\u011funu, hatta belli a\u00e7\u0131lar\u0131yla d\u00f6n\u00fc\u015ft\u00fc\u011f\u00fcn\u00fc de g\u00fcndeme getirdik\u201d diye konu\u015ftu.<\/p>\n<p>T\u00fcrkiye\u2019nin Gazze sorununa dikkat \u00e7eken hemen hemen tek \u00fclke oldu\u011funu vurgulayan Fidan, \u201cBurada e\u011fer Gazze&#8217;deki katliam, soyk\u0131r\u0131m durdurulmazsa, hemen bir ate\u015fkes anla\u015fmas\u0131 ve insani yard\u0131m hamlesi ba\u015flat\u0131lmazsa, akabinde iki devletli \u00e7\u00f6z\u00fcme gidilmezse, bu sorunun giderek daha da b\u00fcy\u00fcyece\u011fini, evrilece\u011fini, ba\u015fka akt\u00f6rleri de i\u00e7ine alaca\u011f\u0131n\u0131 ve k\u00fcresel bir soruna d\u00f6n\u00fc\u015fece\u011finin alt\u0131n\u0131 tekrar \u00e7izdik. Yani NATO&#8217;nun Ukrayna&#8217;da i\u015fgale kar\u015f\u0131 g\u00f6sterdi\u011fi bir duru\u015f var. Ayn\u0131 \u015fekilde Filistin&#8217;de de i\u015fgale kar\u015f\u0131 ilkeli bir duru\u015f g\u00f6stermesi gerekiyor. Bunun alt\u0131n\u0131 kuvvetli \u015fekilde \u00e7izdik\u201d ifadelerini kulland\u0131.<\/p>\n<p><strong>\u201cFilistin meselesinin b\u00fcy\u00fck destek bulmas\u0131 \u00f6ncelikli \u00e7al\u0131\u015fma konular\u0131m\u0131zdan biriydi\u201d<\/strong><\/p>\n<p>T\u00fcrkiye\u2019nin Avrupal\u0131 \u00fclkelerin Filistin\u2019i tan\u0131mas\u0131 i\u00e7in ger\u00e7ekle\u015ftirdi\u011fi diplomatik \u00e7abalara da de\u011finen Fidan, \u201c\u0130spanya&#8217;daki g\u00f6r\u00fc\u015fmelerimizi biliyorsunuz. Orada Filistin Temas Grubu \u00fcyesi \u00fclkelerle beraber bir \u0130spanya seyahatimiz oldu. Prag\u2019a gelmeden \u00f6nce \u0130spanya h\u00fck\u00fcmetinin Filistin&#8217;i devlet olarak tan\u0131mas\u0131 vesilesiyle orada yap\u0131lan Filistin temas grubuyla \u0130spanya h\u00fck\u00fcmeti aras\u0131ndaki g\u00f6r\u00fc\u015fmelere kat\u0131ld\u0131k. Oradaki g\u00f6r\u00fc\u015fmelerimiz de, \u00f6zellikle Filistin davas\u0131 a\u00e7\u0131s\u0131ndan fevkalade verimli oldu. Filistin devletinin giderek daha \u00e7ok \u00fclke taraf\u0131ndan tan\u0131nmas\u0131, bu tan\u0131n\u0131rl\u0131\u011f\u0131 daha da etkili hale getirilmesi, Filistin meselesinin giderek daha b\u00fcy\u00fck destek bulmas\u0131 bizim \u00f6ncelikli \u00e7al\u0131\u015fma konular\u0131m\u0131zdan biriydi. Uzun zamand\u0131r zaten buna yo\u011funla\u015fm\u0131\u015f, odaklanm\u0131\u015f durumday\u0131z. Filistin meselesinde Avrupa&#8217;dan tan\u0131yan \u00fclkelerin olmas\u0131 bizim bulundu\u011fumuz pozisyonu giderek daha da g\u00fc\u00e7lendiriyor. \u0130spanya&#8217;n\u0131n, \u0130rlanda&#8217;n\u0131n, Norve\u00e7&#8217;in ve son olarak da Slovenya&#8217;n\u0131n tan\u0131mas\u0131 bizim i\u00e7in fevkalade \u00f6nemliydi\u201d diye konu\u015ftu.<\/p>\n<p>Tan\u0131nmayla beraber ne yap\u0131laca\u011f\u0131 konusuna de\u011findiklerini kaydeden Fidan, \u201c\u00c7\u00fcnk\u00fc yakla\u015f\u0131k 150 \u00fclke art\u0131k Filistin\u2019i tan\u0131m\u0131\u015f durumda. Ama Filistin&#8217;in s\u0131n\u0131rlar\u0131 ve egemenlik haklar\u0131 inan\u0131lmaz bir \u015fekilde ihlal edilmi\u015f durumda ve i\u015fgal edilmi\u015f durumda, \u0130srail taraf\u0131ndan. Bu i\u015fgalin bulundu\u011fu yerde Filistin etkili bir devlet olarak hayata ge\u00e7emiyor\u201d dedi.<\/p>\n<p><strong>\u201c\u0130htiya\u00e7 duyulan Filistin\u2019in egemenlik haklar\u0131n\u0131n ve topra\u011f\u0131n\u0131n verilmesidir\u201d<\/strong><\/p>\n<p>Uluslararas\u0131 toplumun Filistin\u2019e maddi yard\u0131m sa\u011flamak yerine Filistin y\u00f6netiminin kendi ayaklar\u0131 \u00fczerinde durmas\u0131na izin vermesi gerekti\u011fini vurgulayan Fidan, \u201cFilistin&#8217;e kendi vergilerini toplamas\u0131, kendi g\u00fcmr\u00fck gelirlerini almas\u0131, yani tam bir devlet gibi i\u015flemesine izin verirseniz zaten uluslararas\u0131 toplumun ekonomik olarak \u00e7ok fazla Filistin&#8217;e destek vermesine gerek kalmayacak. \u0130htiya\u00e7 duyulan Filistin&#8217;e ekonomik destek de\u011fil, Filistin\u2019in \u00f6ncelikli olarak egemenlik haklar\u0131n\u0131n ve topra\u011f\u0131n\u0131n verilmesidir. Uluslararas\u0131 toplumun bunun i\u00e7in \u00e7al\u0131\u015fmas\u0131 gerek. Bunun olmad\u0131\u011f\u0131 bir yerde sava\u015f\u0131n her zaman i\u00e7in oldu\u011funu g\u00f6r\u00fcyoruz. Ve bunun alt\u0131n\u0131 tekrar \u00e7izdik\u201d diye konu\u015ftu.<\/p>\n<p>\u0130spanya\u2019da 6 \u00fclkenin kat\u0131l\u0131m\u0131yla toplu bir bas\u0131n toplant\u0131s\u0131 yapt\u0131klar\u0131n\u0131 aktaran Fidan, \u201c\u0130spanya Ba\u015fbakan\u0131 Say\u0131n Pedro Sanchez taraf\u0131ndan da kabul edildik grup olarak. Orada da \u0130spanya h\u00fck\u00fcmetinin ger\u00e7ekten sadece tan\u0131ma de\u011fil, tan\u0131man\u0131n etkili hale getirilmesi konusunda \u00e7ok samimi oldu\u011funu g\u00f6rd\u00fck. Ve bu etkili hale getirilme meselesi nas\u0131l olabilir, buna ili\u015fkin g\u00f6r\u00fc\u015f al\u0131\u015fveri\u015finde bulunduk. T\u00fcrkiye olarak bu konudaki net g\u00f6r\u00fc\u015flerimizi, somut, pratik, ger\u00e7ek\u00e7i g\u00f6r\u00fc\u015flerimizi, ad\u0131m ad\u0131m at\u0131labilecek ad\u0131mlar\u0131 biz s\u00f6yledik. Bu konuda \u00e7al\u0131\u015fmalar\u0131m\u0131z\u0131 devam ettirece\u011fiz\u201d ifadelerini kulland\u0131.<\/p>\n<p><strong>\u201cUAD\u2019de devam eden davaya taraf olma meselesini g\u00fcndeme getirdik\u201d<\/strong><\/p>\n<p>T\u00fcrkiye\u2019nin Filistin\u2019in tan\u0131nmas\u0131 ile beraber Uluslararas\u0131 Adalet Divan\u0131\u2019ndaki (UAD) soyk\u0131r\u0131m davas\u0131na taraf olma s\u00fcrecinin de s\u00fcrd\u00fc\u011f\u00fcn\u00fc vurgulayan Fidan, \u201c\u0130srail \u00fczerinde bask\u0131 olarak Uluslararas\u0131 Adalet Divan\u0131&#8217;nda devam eden davaya taraf olma meselesini g\u00fcndeme getirdik. \u0130spanya ve birka\u00e7 \u00fclkenin de bu konuda olumlu yakla\u015ft\u0131\u011f\u0131n\u0131 \u015fu anda g\u00f6r\u00fcyoruz. Biz de ge\u00e7ti\u011fimiz ay taraf olaca\u011f\u0131m\u0131z\u0131 ilan etmi\u015ftik. Bizim arkam\u0131zdan da art\u0131k \u00fclkeler teker teker bunu ilan etmeye ba\u015flad\u0131lar. Tabii bu hukuki teknik detay\u0131 \u00e7ok olan bir s\u00fcre\u00e7. Her zaman yap\u0131lan bir konu de\u011fil. Dolay\u0131s\u0131yla hukuk uzmanlar\u0131m\u0131z bu konuda yo\u011fun bir \u015fekilde \u00e7al\u0131\u015f\u0131yorlar\u201d \u015feklinde konu\u015ftu.<\/p>\n<p>\u00d6nce resmi beyanatlar\u0131n\u0131 kamuoyuna yapt\u0131klar\u0131n\u0131 belirten Fidan, \u201cDaha sonra Uluslararas\u0131 Adalet Divan\u0131 Sekreterli\u011fi\u2019ne Lahey B\u00fcy\u00fckel\u00e7ili\u011fimiz \u00fczerinden resmi rotam\u0131z\u0131 yollayarak niyetimizi resmiyete ge\u00e7irdik. Resmi beyan\u0131m\u0131z\u0131 verdik. \u015eimdi de hukuki metnimizi verece\u011fiz, \u00fc\u00e7\u00fcnc\u00fc a\u015famada. Burada, \u015fu anda yerli ve yabanc\u0131 avukatlarla y\u00fcr\u00fcyen bir s\u00fcre\u00e7 var, hukuk\u00e7ularla y\u00fcr\u00fcyen s\u00fcre\u00e7 var. Profes\u00f6r arkada\u015flar\u0131m\u0131z da bizim Uluslararas\u0131 Hukuk Genel M\u00fcd\u00fcrl\u00fc\u011f\u00fc ile beraber Adalet Bakanl\u0131\u011f\u0131m\u0131z da dahil olmak \u00fczere, bu s\u00fcre\u00e7 ciddi bir \u015fekilde devam ediyor. Ayn\u0131 zamanda ba\u015fvuruyu d\u00fc\u015f\u00fcnen di\u011fer \u00fclkelerin hukuk\u00e7ular\u0131 ile de g\u00f6r\u00fc\u015f al\u0131\u015fveri\u015finde bulunma karar\u0131 ald\u0131k ve bu da \u015fu anda devam eden bir etkile\u015fim. B\u00fct\u00fcn bunlar\u0131n hepsinin bitmesi ve bizim ba\u015fvurumuz muhtemelen haziran ay\u0131 i\u00e7erisinde olacak\u201d dedi.<\/p>\n\n<p><\/p>\n<p>Kaynak :\u00a0<span style=\"background-color: rgb(255, 249, 236); color: rgb(55, 58, 60); font-size: 14px;\">http:\/\/www.milliyet.com.tr\/gundem\/son-dakika-bakan-fidan-abdli-mevkidasi-ile-ateskesi-gorustu-7135525<\/span><\/p>\n","protected":false},"excerpt":{"rendered":"<p>D\u0131\u015fi\u015fleri Bakan\u0131 Fidan, ABD&#8217;li mevkida\u015f\u0131 Blinken ile Hamas ve \u0130srail aras\u0131ndaki m\u00fczakerelerde g\u00fcndeme getirilen son teklifi telefonda g\u00f6r\u00fc\u015ft\u00fc.<\/p>\n","protected":false},"author":1,"featured_media":20027,"comment_status":"open","ping_status":"open","sticky":false,"template":"","format":"standard","meta":{"footnotes":""},"categories":[3],"tags":[646,1282,705,146,222],"class_list":["post-20026","post","type-post","status-publish","format-standard","has-post-thumbnail","hentry","category-guncel","tag-filistin","tag-gorus","tag-nato","tag-turkiye","tag-ulke"],"_links":{"self":[{"href":"https:\/\/kamucalisani.net\/index.php\/wp-json\/wp\/v2\/posts\/20026","targetHints":{"allow":["GET"]}}],"collection":[{"href":"https:\/\/kamucalisani.net\/index.php\/wp-json\/wp\/v2\/posts"}],"about":[{"href":"https:\/\/kamucalisani.net\/index.php\/wp-json\/wp\/v2\/types\/post"}],"author":[{"embeddable":true,"href":"https:\/\/kamucalisani.net\/index.php\/wp-json\/wp\/v2\/users\/1"}],"replies":[{"embeddable":true,"href":"https:\/\/kamucalisani.net\/index.php\/wp-json\/wp\/v2\/comments?post=20026"}],"version-history":[{"count":1,"href":"https:\/\/kamucalisani.net\/index.php\/wp-json\/wp\/v2\/posts\/20026\/revisions"}],"predecessor-version":[{"id":20028,"href":"https:\/\/kamucalisani.net\/index.php\/wp-json\/wp\/v2\/posts\/20026\/revisions\/20028"}],"wp:featuredmedia":[{"embeddable":true,"href":"https:\/\/kamucalisani.net\/index.php\/wp-json\/wp\/v2\/media\/20027"}],"wp:attachment":[{"href":"https:\/\/kamucalisani.net\/index.php\/wp-json\/wp\/v2\/media?parent=20026"}],"wp:term":[{"taxonomy":"category","embeddable":true,"href":"https:\/\/kamucalisani.net\/index.php\/wp-json\/wp\/v2\/categories?post=20026"},{"taxonomy":"post_tag","embeddable":true,"href":"https:\/\/kamucalisani.net\/index.php\/wp-json\/wp\/v2\/tags?post=20026"}],"curies":[{"name":"wp","href":"https:\/\/api.w.org\/{rel}","templated":true}]}}