{"id":20187,"date":"2024-06-05T16:00:08","date_gmt":"2024-06-05T16:00:08","guid":{"rendered":"https:\/\/kamucalisani.net\/?p=20187"},"modified":"2024-06-05T16:00:08","modified_gmt":"2024-06-05T16:00:08","slug":"milliyet-irak-basbakani-sudani-ve-savunma-bakani-gulerle-gundemi-konustu-oldubittiye-firsat-vermeyiz","status":"publish","type":"post","link":"https:\/\/kamucalisani.net\/index.php\/2024\/06\/05\/milliyet-irak-basbakani-sudani-ve-savunma-bakani-gulerle-gundemi-konustu-oldubittiye-firsat-vermeyiz\/","title":{"rendered":"Milliyet, Irak Ba\u015fbakan\u0131 Sudani ve Savunma Bakan\u0131 G\u00fcler&#8217;le g\u00fcndemi konu\u015ftu! &#8216;Oldubittiye f\u0131rsat vermeyiz&#8217;"},"content":{"rendered":"<p><p><span><strong>D\u0130DEM \u00d6ZEL T\u00dcMER-<\/strong> <\/span>Milli Savunma Bakan\u0131 Ya\u015far G\u00fcler, Suriye\u2019nin kuzeyinde ter\u00f6r \u00f6rg\u00fct\u00fc PYD\/YPG\u2019nin \u2018s\u00f6zde se\u00e7im\u2019 giri\u015fiminin kabul edilemez oldu\u011funu s\u00f6yledi. Bakan G\u00fcler, 45 \u00fclke ve 11 bin personelin kat\u0131ld\u0131\u011f\u0131, b\u00f6lgedeki en b\u00fcy\u00fck Birle\u015fik M\u00fc\u015fterek Tatbikat olan EFES &#8211; 2024 Tatbikat\u0131 s\u00fcrerken aralar\u0131nda Milliyet\u2019in de oldu\u011fu bir grup gazetecinin sorular\u0131n\u0131 yan\u0131tlad\u0131. G\u00fcler \u00f6zetle \u015funlar\u0131 s\u00f6yledi:<\/p>\n<p><strong>YUNAN\u0130STAN \u0130LE \u0130L\u0130\u015eK\u0130LER:<\/strong> T\u00fcrkiye olarak her zaman \u2018bar\u0131\u015f\u0131n kaybedeni, sava\u015f\u0131n ise kazanan\u0131 olmaz\u2019 d\u00fc\u015f\u00fcncesiyle hareket ediyoruz. Tabii, bar\u0131\u015f\u00e7\u0131l bir \u00e7\u00f6z\u00fcm i\u00e7in \u00e7aba g\u00f6sterirken mill\u00ee menfaatlerimizden asla taviz vermeyece\u011fimizi ve bu konuda kararl\u0131l\u0131\u011f\u0131m\u0131z\u0131n tam oldu\u011funu \u00f6zellikle vurgulamak isterim. Bu anlamda her ad\u0131m\u0131, \u00e7al\u0131\u015fmay\u0131, yakla\u015f\u0131m\u0131 ve a\u00e7\u0131klamay\u0131 yakinen takip ediyoruz.<\/p>\n<p><strong>PKK IRAK\u2019IN KUZEY\u0130NDE 800 K\u00d6Y BO\u015eALTTI:<\/strong> Irak\u2019\u0131n kuzeyinde operasyonlar\u0131m\u0131za ayn\u0131 h\u0131zda ve kararl\u0131l\u0131kta devam ediyoruz. Y\u0131llard\u0131r PKK\u2019y\u0131 hi\u00e7bir \u015fekilde \u201cter\u00f6r \u00f6rg\u00fct\u00fc\u201d olarak tan\u0131mlamayan Irak, \u201cyasaklanm\u0131\u015f \u00f6rg\u00fct\u201d olarak tan\u0131mlad\u0131. \u0130lk kez PKK\u2019y\u0131 sadece T\u00fcrkiye\u2019nin de\u011fil kendi problemi olarak da g\u00f6r\u00fcyor. T\u00fcm bu geli\u015fmeleri T\u00fcrkiye-Irak ili\u015fkilerinde bir d\u00f6n\u00fcm noktas\u0131 olarak g\u00f6r\u00fcyoruz. Ter\u00f6r \u00f6rg\u00fct\u00fc PKK Irak\u2019\u0131n kuzeyinde yakla\u015f\u0131k 800 k\u00f6y\u00fc bo\u015faltm\u0131\u015f, k\u00f6yl\u00fcleri yerlerinden etmi\u015f durumda. Ter\u00f6rle m\u00fccadelede i\u015f birli\u011fi, PKK taraf\u0131ndan yerinden edilmi\u015f k\u00f6yl\u00fclerin g\u00fcvenlik ve huzuru i\u00e7in de elzem.<\/p>\n<div>\n<div> <img decoding=\"async\" src=\"https:\/\/kamucalisani.net\/wp-content\/uploads\/2024\/06\/milliyet-irak-basbakani-sudani-ve-savunma-bakani-gulerle-gundemi-konustu-oldubittiye-firsat-vermeyiz-0-8qOcxd5V.jpg\"\/><\/img> <\/div>\n<\/p><\/div>\n<\/p>\n<p><strong>PKK\u2019NIN SUR\u0130YE\u2019DEK\u0130 SE\u00c7\u0130M HAZIRLI\u011eI:<\/strong> Ba\u015f\u0131ndan beri s\u00f6zde se\u00e7im \u00e7al\u0131\u015fmalar\u0131n\u0131n Suriye\u2019nin toprak b\u00fct\u00fcnl\u00fc\u011f\u00fc a\u00e7\u0131s\u0131ndan kabul edilemez bir durum oldu\u011funu; b\u00f6lgede huzurun ve bar\u0131\u015f\u0131n s\u00fcrd\u00fcr\u00fclebilmesi a\u00e7\u0131s\u0131ndan olumsuz etkiler do\u011furaca\u011f\u0131n\u0131 vurgulad\u0131k. Mill\u00ee g\u00fcvenli\u011fimiz ve kom\u015fular\u0131m\u0131z\u0131n toprak b\u00fct\u00fcnl\u00fc\u011f\u00fc hilaf\u0131na herhangi bir oldubittiye f\u0131rsat vermeyece\u011fimizi bir kez daha alt\u0131n\u0131 \u00e7izerek vurguluyorum.<\/p>\n<p><strong>ABD\u2019N\u0130N DEA\u015e \u0130LE M\u00dcCADELES\u0130:<\/strong> ABD\u2019nin PKK\/YPG\u2019yle yapt\u0131\u011f\u0131 i\u015f birli\u011fi, m\u00fcttefiklik ruhuyla ba\u011fda\u015fmamakta ve kom\u015fular\u0131m\u0131z Irak ile Suriye\u2019nin toprak b\u00fct\u00fcnl\u00fc\u011f\u00fcn\u00fc tehlikeye atmaktad\u0131r. Ama\u00e7 DEA\u015e\u2019la m\u00fccadele ise i\u015f birli\u011finin ter\u00f6ristlerle de\u011fil, m\u00fcttefiklerle yap\u0131lmas\u0131 gerekti\u011fini ve buna haz\u0131r oldu\u011fumuzu her zaman ifade ettik. DEA\u015e\u2019la g\u00f6\u011f\u00fcs g\u00f6\u011f\u00fcse m\u00fccadele eden, binlerce en radikal DEA\u015e\u2019l\u0131 ter\u00f6risti etkisiz h\u00e2le getiren ve Suriye\u2019yi DEA\u015e\u2019tan kurtaran biziz.<\/p>\n<p><strong>REJ\u0130M \u0130LE D\u0130YALOG:<\/strong> (S\u00f6zde se\u00e7im karar\u0131n\u0131n ard\u0131ndan Rejim ile temas kuruldu mu?) Suriye rejimi ile g\u00f6r\u00fc\u015fmeler sadece Astana\u2019da \u0130ran, T\u00fcrkiye, Suriye ve Rusya olarak d\u00f6rtl\u00fc yap\u0131l\u0131yor. Amac\u0131m\u0131z, Suriye\u2019de 2254 say\u0131l\u0131 BMGK Karar\u0131 temelinde siyasi bir \u00e7\u00f6z\u00fcme ula\u015f\u0131lmas\u0131d\u0131r. Kapsay\u0131c\u0131 bir Anayasa\u2019n\u0131n kabul\u00fc, serbest se\u00e7imlerin yap\u0131lmas\u0131, kapsaml\u0131 bir normalle\u015fme ve g\u00fcvenlik ortam\u0131n\u0131n sa\u011flanmas\u0131 konusunda elimizden gelen deste\u011fi vermeye haz\u0131r\u0131z ve ancak bunlar yap\u0131ld\u0131ktan ve s\u0131n\u0131rlar\u0131m\u0131z\u0131n g\u00fcvenli\u011fi tam olarak sa\u011fland\u0131ktan sonra gerekirse \u00e7ekilmeyi d\u00fc\u015f\u00fcnebiliriz. Zaten b\u00f6lgedeki sorunlar yaratt\u0131klar\u0131 otorite bo\u015flu\u011fundan kaynakland\u0131. Dolay\u0131s\u0131yla buna g\u00fc\u00e7leri olsa durum bu noktalara gelmezdi.<\/p>\n<p><strong>TSK\u2019NIN OPERASYON HAZIRLI\u011eI VAR MI?:<\/strong> Operasyon haz\u0131rl\u0131\u011f\u0131 yok \u00e7\u00fcnk\u00fc TSK her an haz\u0131r ve ihtiya\u00e7 duydu\u011fu her an operasyon yap\u0131yor.<\/p>\n<p><strong>G\u00fcler\u2019e g\u00f6re Suriye\u2019den \u00e7ekilmenin 5 \u015fart\u0131<\/strong><br \/>* Kapsay\u0131c\u0131 anayasa<br \/>* Serbest se\u00e7imler<br \/>* Kapsaml\u0131 normalle\u015fme<br \/>* G\u00fcvenli\u011fin sa\u011flanmas\u0131<br \/>* T\u00fcrkiye\u2019nin s\u0131n\u0131r g\u00fcvenli\u011finin sa\u011flanmas\u0131<\/p>\n<div>\n<div> <img decoding=\"async\" src=\"https:\/\/kamucalisani.net\/wp-content\/uploads\/2024\/06\/milliyet-irak-basbakani-sudani-ve-savunma-bakani-gulerle-gundemi-konustu-oldubittiye-firsat-vermeyiz-1-bkDO4Eb5.jpg\"\/><\/img> <\/div>\n<\/p><\/div>\n<p><em><strong>G\u00fcler, aralar\u0131nda Milliyet Ankara Temsilcisi Didem \u00d6zel T\u00fcmer\u2019in de oldu\u011fu bir grup gazetecinin sorular\u0131n\u0131 yan\u0131tlad\u0131.<\/strong><\/em><\/p>\n<p><strong>D\u00fcnyan\u0131n sabr\u0131 t\u00fckenmek \u00fczere<\/strong><\/p>\n<p><strong>\u0130SRA\u0130L \u0130LE EN K\u00d6T\u00dc SENARYO NED\u0130R?:<\/strong> Bana g\u00f6re olabilecek en k\u00f6t\u00fc \u015fey oldu zaten. \u00c7at\u0131\u015fmalar\u0131n yay\u0131lma riski olsa da \u0130srail buna cesaret edemeyecektir. Kendi toplumu bile her Cumartesi \u0130srail y\u00f6netimini protesto ediyor ve kalabal\u0131k gittik\u00e7e b\u00fcy\u00fcyor. Belki bir m\u00fcddet sonra kendi toplumu daha sert kar\u015f\u0131 \u00e7\u0131kacak. D\u00fcnyan\u0131n sabr\u0131 da t\u00fckenmek \u00fczere.<\/p>\n<p><strong>PA\u015e\u0130NYAN GER\u00c7EK\u00c7\u0130 YAKLA\u015eIM \u0130\u00c7\u0130NDE:<\/strong> (Ermenistan Ba\u015fbakan\u0131n a\u00e7\u0131klamalar\u0131) Say\u0131n Cumhurba\u015fkan\u0131m\u0131z\u0131n vurgulad\u0131klar\u0131 gibi bar\u0131\u015f i\u00e7in ortaya \u00e7\u0131kan tarih\u00ee f\u0131rsat iyi de\u011ferlendirilmeli. Pa\u015finyan\u2019\u0131n a\u00e7\u0131klamalar\u0131n\u0131 olumlu buluyorum. Hem \u00fclkesi hem de toplumu ad\u0131na do\u011fru yapt\u0131\u011f\u0131n\u0131 ve ger\u00e7ek\u00e7i bir yakla\u015f\u0131m i\u00e7inde oldu\u011funu d\u00fc\u015f\u00fcn\u00fcyorum.<\/p>\n<p><strong>AVRUPA ORDUSUNUN PAR\u00c7ASI OLMAK \u0130STER\u0130Z:<\/strong> Avrupa\u2019n\u0131n, \u00f6zellikle Ukrayna sava\u015f\u0131ndan sonra kendisini koruyabilecek g\u00fcvenlik yap\u0131s\u0131na ihtiyac\u0131 oldu\u011fu ortaya \u00e7\u0131kt\u0131. Avrupa, jeostratejik \u00f6nemdeki g\u00fcvenlik mimarisini; g\u00fc\u00e7l\u00fc ordusu, zengin insan kayna\u011f\u0131 ve imk\u00e2nlara sahip T\u00fcrkiye\u2019nin de i\u00e7inde bulundu\u011fu bir olu\u015fumla sa\u011flamla\u015ft\u0131rabilir. Biz de \u00f6yle bir ordu kurulursa par\u00e7as\u0131 olmak isteriz.<\/p>\n<p><strong>MISIR \u0130LE \u0130L\u0130\u015eK\u0130LER:<\/strong> \u00d6n\u00fcm\u00fczdeki g\u00fcnlerde M\u0131s\u0131r Devlet Ba\u015fkan\u0131n\u0131n, Say\u0131n Cumhurba\u015fkan\u0131m\u0131z\u0131 ziyaret etmesi bekleniyor. Bu ziyaret ile birlikte yak\u0131n ili\u015fkilerimizin ba\u015flayaca\u011f\u0131n\u0131 de\u011ferlendiriyorum. Askeri ili\u015fkilerimizin \u00f6n\u00fcm\u00fczdeki d\u00f6nemde; e\u011fitim, yard\u0131m, dan\u0131\u015fmanl\u0131k ve savunma sanayi alanlar\u0131nda ciddi ivme kazanaca\u011f\u0131n\u0131 d\u00fc\u015f\u00fcn\u00fcyorum.<\/p>\n<p><span><strong>\u2018S\u0130LAHLI GRUPLARIN TEHD\u0130D\u0130 K\u0130MSEN\u0130N \u00c7IKARINA DE\u011e\u0130L\u2019<\/strong><\/span><\/p>\n<p><em><strong>BA\u011eDAT- Irak Ba\u015fbakan\u0131 Muhammed \u015eiya es-Sudani, Cumhurba\u015fkan\u0131 Recep Tayyip Erdo\u011fan\u2019\u0131n 13 y\u0131l sonra ger\u00e7ekle\u015ftirdi\u011fi ziyaretin ard\u0131ndan T\u00fcrkiye\u2019den aralar\u0131nda Milliyet\u2019in de oldu\u011fu s\u0131n\u0131rl\u0131 say\u0131da gazetecinin sorular\u0131n\u0131 yan\u0131tlad\u0131.<\/strong><\/em><\/p>\n<p><em><strong>Sudani, Mahmur i\u00e7in d\u00fczenleyici tedbirler ald\u0131klar\u0131n\u0131 belirterek, \u201cSilahl\u0131 gruplar\u0131n b\u00f6lgenin g\u00fcvenli\u011fini tehdit etmesi kimsenin \u00e7\u0131kar\u0131na de\u011fil. B\u00f6lgedeki siyasi, ekonomik ve di\u011fer sorunlar\u0131n a\u015f\u0131lmas\u0131 i\u00e7in istikrara ihtiyac\u0131 var\u201d dedi.<\/strong><\/em><\/p>\n<p><em><strong> <\/p>\n<div>\n<div> <img decoding=\"async\" src=\"https:\/\/kamucalisani.net\/wp-content\/uploads\/2024\/06\/milliyet-irak-basbakani-sudani-ve-savunma-bakani-gulerle-gundemi-konustu-oldubittiye-firsat-vermeyiz-2-JawsmIjI.jpg\"\/><\/img> <\/div>\n<\/p><\/div>\n<p>Irak Ba\u015fbakan\u0131 Sudani, Milliyet Ankara Temsilcisi Didem \u00d6zel T\u00fcmer ile bir araya geldi.<br \/><\/strong><\/em><\/p>\n<p>Y\u0131llar sonra PKK\u2019n\u0131n kendisi i\u00e7in de ciddi bir risk oldu\u011funu g\u00f6ren Irak, Sudani d\u00f6neminde \u00f6rg\u00fct\u00fc \u201cyasakl\u0131\u201d ilan etti. T\u00fcrkiye\u2019de bu ad\u0131m memnuniyetle kar\u015f\u0131land\u0131. Diplomasi, g\u00fcvenlik ve istihbarat kurumlar\u0131 bunun Irak\u2019\u0131n yap\u0131s\u0131 i\u00e7inde kolay bir karar olmad\u0131\u011f\u0131n\u0131n bilincinde. Bununla birlikte Irak h\u00fck\u00fcmetinin \u00f6rg\u00fct ile m\u00fccadele kapasitesini art\u0131rma beklentisini de koruyorlar. Irak Ba\u015fbakan\u0131 Muhammed \u015eiya es-Sudani, \u201cIrak PKK\u2019dan tam olarak nas\u0131l ve ne \u015fekilde kurtulacak?\u201d sorusuna \u015fu yan\u0131t\u0131 verdi:<\/p>\n<p>\u201cPKK, 1980\u2019li y\u0131llardan bu yana Irak\u2019ta varl\u0131k g\u00f6steriyor. Bu, \u00e7\u00f6z\u00fcm\u00fc i\u00e7in yeterli \u00e7aban\u0131n sarf edilmedi\u011fi bir mesele. Bununla birlikte biz, PKK ya da ba\u015fka yap\u0131ya y\u00f6nelik sorunlarla ilgilenirken ilkelere ba\u011fl\u0131 kal\u0131yoruz. PKK unsurlar\u0131n\u0131n varl\u0131\u011f\u0131 \u2018m\u00fclteci\u2019 ad\u0131 alt\u0131nda ortaya \u00e7\u0131kmaya ba\u015flad\u0131. Bizim anayasam\u0131z, Irak topraklar\u0131n\u0131n kom\u015fu \u00fclkeleri hedef alacak herhangi bir silahl\u0131 gruba alan olu\u015fturmas\u0131n\u0131 yasakl\u0131yor. Bu y\u00fczden Ulusal G\u00fcvenlik Konseyi\u2019nden \u00e7\u0131kard\u0131\u011f\u0131m\u0131z kararla, PKK\u2019ya ba\u011fl\u0131 t\u00fcm yap\u0131lar\u0131 yasakl\u0131 olarak ilan ettik.\u201d<\/p>\n<p><strong>\u0130stikrar vurgusu<\/strong><\/p>\n<p>\u201cMahmur M\u00fclteci Kamp\u0131 ile ilgili d\u00fczenleyici tedbirler ald\u0131k\u201d diyen Sudani, \u201cKampta ya\u015fayanlar\u0131n isimlerini ve kay\u0131tlar\u0131n\u0131 g\u00fcncelledik. Bunu, sadece T\u00fcrkiye\u2019ye y\u00f6nelik olarak de\u011fil, herhangi bir kom\u015fumuzu hedef alacak t\u00fcm \u00f6rg\u00fctlere uygulayaca\u011f\u0131z. Her \u015feyden \u00f6nemlisi, ger\u00e7ekleri bilmemiz gerek. Eski sorunlar\u0131n b\u00fcy\u00fcmesi hi\u00e7 kimsenin \u00e7\u0131kar\u0131na de\u011fil. Silahl\u0131 gruplar\u0131n b\u00f6lgenin g\u00fcvenli\u011fini tehdit etmesine izin vermek de kimsenin \u00e7\u0131kar\u0131na de\u011fildir. B\u00f6lgedeki siyasi, ekonomik ve di\u011fer sorunlar\u0131n a\u015f\u0131lmas\u0131 i\u00e7in istikrara ihtiyac\u0131 var\u201d ifadelerini kulland\u0131.<\/p>\n<p><strong>Kalk\u0131nma Yolu Projesi<\/strong><\/p>\n<p>Irak\u2019\u0131n Basra kentinde yap\u0131m\u0131 s\u00fcren Fav Liman\u0131\u2019ndan T\u00fcrkiye\u2019ye demir yolu ve kara yoluyla uzanmas\u0131 \u00f6ng\u00f6r\u00fclen Kalk\u0131nma Yolu Projesi b\u00f6lgenin hem kalk\u0131nmas\u0131 hem de istikrar\u0131 i\u00e7in \u00e7ok \u00f6nemli entegre bir plan. Etraf\u0131nda sanayi b\u00f6lgeleri, turizm alanlar\u0131 ve enerji hatlar\u0131n\u0131n k\u00fcmelenece\u011fi entegre bir proje. Irak Ba\u015fbakan\u0131 Sudani, Kalk\u0131nma Yolu\u2019nda ortak \u00e7\u0131karlara odaklanmak gerekti\u011fini vurgulad\u0131:<\/p>\n<p>\u201c\u0130lk olarak, Irak\u2019\u0131n Do\u011fu ile Bat\u0131 aras\u0131ndaki ticaretteki rol\u00fcn\u00fc tarihsel olarak ele almal\u0131y\u0131z. Mezopotamya y\u00fczy\u0131llard\u0131r ticaret kervanlar\u0131n\u0131n tercih etti\u011fi bir ticaret koridoru olmu\u015ftur. Kalk\u0131nma Yolu Projesi bu tarihi rol\u00fcn restorasyonudur.<\/p>\n<p>Do\u011fu ve Bat\u0131 aras\u0131ndaki uluslararas\u0131 ticaretin, mevcut piyasa ko\u015fullar\u0131nda, Irak ve T\u00fcrkiye topraklar\u0131 \u00fczerinden birbirine ba\u011flanmas\u0131d\u0131r. Ayr\u0131ca bu b\u00f6lgede \u00e7at\u0131\u015fmalar ve gerginlikler de ya\u015fan\u0131yor. Bu durum, \u00e7\u0131karlar\u0131 ve faydalar\u0131 i\u00e7 i\u00e7e ge\u00e7en projelere odaklan\u0131lmas\u0131n\u0131 gerektirir. \u00a0\u00a0\u00a0\u00a0\u00a0\u00a0\u00a0 Bu y\u0131l\u0131n sonlar\u0131na do\u011fru, El-Fav Liman\u0131\u2019n\u0131n ilk r\u0131ht\u0131m\u0131n\u0131n a\u00e7\u0131l\u0131\u015f\u0131 yap\u0131lacak ve Kalk\u0131nma Yolu Koridoru\u2019ndan mallar\u0131n ak\u0131\u015f\u0131 ba\u015flayacak. T\u00fcm ekonomik g\u00f6stergeler ve fizibilite \u00e7al\u0131\u015fmalar\u0131 koridorun en uygun maliyetli ve en h\u0131zl\u0131 koridor oldu\u011funu ortaya koyuyor. Bu proje \u00f6rt\u00fc\u015fen \u00e7\u0131karlar\u0131 ve ekonomik s\u00fcrd\u00fcr\u00fclebilirlik fakt\u00f6rlerini birle\u015ftiriyor ve geli\u015ftiriyor.\u201d<\/p>\n<div>\n<div> <img decoding=\"async\" src=\"https:\/\/kamucalisani.net\/wp-content\/uploads\/2024\/06\/milliyet-irak-basbakani-sudani-ve-savunma-bakani-gulerle-gundemi-konustu-oldubittiye-firsat-vermeyiz-3-IDgMIujG.jpg\"\/><\/img> <\/div>\n<\/p><\/div>\n<\/p>\n<p><strong>\u2018Kom\u015fu olmadan ilerleme me\u00e7hule gitmekle sonu\u00e7lan\u0131r\u2019<\/strong><\/p>\n<p>T\u00fcrkiye ile ticaret hacmini dikey oldu\u011fu kadar, yatay olarak da geni\u015fletmek istediklerini belirten Irak Ba\u015fbakan\u0131 Sudani, \u201c\u0130\u015fte bu yeni kalk\u0131nma projesiyle ger\u00e7ekle\u015fir. Ticaretin yatay olarak geli\u015fmesiyle birlikte ortak \u00e7\u0131karlar da b\u00fcy\u00fcr. Yak\u0131n ge\u00e7mi\u015f, bir \u00fclkenin kom\u015fu \u00fclkelerden izole olmu\u015f halde, tek ba\u015f\u0131na ilerlemesinin bir me\u00e7hule gitmesiyle sonu\u00e7land\u0131\u011f\u0131n\u0131 g\u00f6steriyor. Bu y\u00fczden iki \u00fclke aras\u0131ndaki ticari hacmin art\u0131rmas\u0131n\u0131 ve geni\u015flemesini istiyoruz. B\u00f6ylece T\u00fcrk karde\u015flerimizle istikrara dayal\u0131 ortak \u00e7\u0131karlar olu\u015fur. Ayr\u0131ca yard\u0131mla\u015fma ve gelece\u011fe y\u00f6nelik en \u00f6nemli yat\u0131r\u0131mlardan biri olan tar\u0131m sekt\u00f6r\u00fcne dikkat \u00e7ektik. Bu alanda yak\u0131n zamanda ve T\u00fcrk \u015firketlerinin kat\u0131l\u0131m\u0131yla \u00f6nemli mesafeler katedece\u011fiz.\u201d<\/p>\n<p><strong>\u2018Petrolde \u00e7\u0131k\u0131\u015f yolu bulunmal\u0131\u2019<\/strong><\/p>\n<p>T\u00fcrkiye, 4 Ekim\u2019den bu yana, uluslararas\u0131 tahkime yans\u0131yan davaya ra\u011fmen, mevcut petrol boru hatt\u0131 \u00fczerinden sevkiyata haz\u0131r oldu\u011fu mesaj\u0131 veriyor. Sudani\u2019ye bu konudaki g\u00f6r\u00fc\u015f\u00fcn\u00fc ve Basra petrol\u00fcn\u00fcn T\u00fcrkiye \u00fczerinden Akdeniz \u00e7ana\u011f\u0131na ta\u015f\u0131nmas\u0131 imkan\u0131 olup olmad\u0131\u011f\u0131 sorusunu da y\u00f6nelttik: \u201cIKBY\u2019den \u00e7\u0131kar\u0131lan Irak petrol\u00fcn\u00fcn sevkiyat\u0131n\u0131n durdurulmas\u0131 tabii ki Irak i\u00e7in zarard\u0131r. Hukuki bir m\u00fccadelenin ard\u0131ndan baz\u0131 \u00e7\u00f6z\u00fcmler ve yasal d\u00fczenlemeler \u00f6nerdik. Ancak konu h\u00e2l\u00e2 hukuki prosed\u00fcrlere ba\u011fl\u0131. \u00d6rne\u011fin Irak Federal Petrol Bakanl\u0131\u011f\u0131\u2019n\u0131n bildirisine ve Irak Federal B\u00fct\u00e7e Yasas\u0131\u2019na g\u00f6re bir petrol varilin yer alt\u0131ndan \u00e7\u0131kar\u0131lmas\u0131 maliyeti sadece sekiz dolarla s\u0131n\u0131rl\u0131. Ancak IKYB Do\u011fal Kaynaklar Bakanl\u0131\u011f\u0131 oradaki \u015firketlerle yapt\u0131\u011f\u0131 s\u00f6zle\u015fmede her bir varilin \u00e7\u0131kar\u0131lmas\u0131 maliyetini 26 dolar olarak belirliyor. Bunun i\u00e7in yeni bir yasal d\u00fczenleme ya da bu \u015firketlerle yap\u0131lan s\u00f6zle\u015fmelerde de\u011fi\u015fiklik yap\u0131lmas\u0131n\u0131 \u00f6nerdik. Bu nedenle de \u015firketlerde \u00fcretim durduruldu. Bu, Irak h\u00fck\u00fcmetinin karar\u0131 sebebiyle olmad\u0131. Kuzey Irak y\u00f6netimi bunu kabul etmesine ra\u011fmen, \u015firketler buna uymay\u0131 ve s\u00f6zle\u015fmelerini yenilemeyi reddetti. Bu y\u00fczden Irak ve Irak halk\u0131n\u0131n kendi milli servetinden faydalanabilmesi i\u00e7in bir yasal bir \u00e7\u0131k\u0131\u015f yolunun bulunmas\u0131 gerekiyor. Basra petrol\u00fcn\u00fcn T\u00fcrkiye\u2019den ge\u00e7erek Akdeniz\u2019e g\u00f6nderilmesi i\u00e7in bir ekonomi bir plan\u0131n yap\u0131lmas\u0131 gerekti\u011fi gibi\u201d<\/p>\n<p><strong>\u2018Uzman \u015firketlere kap\u0131m\u0131z a\u00e7\u0131k\u2019<\/strong><\/p>\n<p>Halen petrol sondaj\u0131nda ortaya \u00e7\u0131kan gaz\u0131 d\u00f6n\u00fc\u015ft\u00fcremedi\u011fi i\u00e7in yakmak zorunda kalan Irak, bu alanda da ciddi yat\u0131r\u0131ma ihtiya\u00e7 duyuyor. Irak Ba\u015fbakan\u0131, do\u011fal gaz yat\u0131r\u0131m planlar\u0131n\u0131 \u015f\u00f6yle anlatt\u0131: \u201cDo\u011fal gaz yat\u0131r\u0131m\u0131 Irak i\u00e7in stratejik bir se\u00e7enektir. Do\u011fal gaz\u0131n bu \u015fekilde yak\u0131lmas\u0131 s\u00fcrd\u00fcr\u00fclmemeli. Bir yandan milli servet heba oluyor, di\u011fer yandan da \u00e7evreye zarar veriyor. Do\u011fal gaz yat\u0131r\u0131m\u0131 konusunda \u00f6zel lisanslar \u00e7\u0131kar\u0131laca\u011f\u0131na ili\u015fkin bir duyuru yapt\u0131k. Irak\u2019\u0131n \u00f6n\u00fcm\u00fczdeki \u00fc\u00e7 y\u0131l i\u00e7inde do\u011fal gaz \u00fcretiminde kendi kendine yeterli seviyeye gelmesini planl\u0131yoruz. Irak \u00f6n\u00fcm\u00fczdeki be\u015f y\u0131l i\u00e7inde do\u011fal gaz pazar\u0131nda \u00f6nemli konuma gelecek. Bu \u00f6nemli maddeden yerel ihtiyac\u0131m\u0131z\u0131 kar\u015f\u0131layaca\u011f\u0131z ve elektri\u011fimizi de \u00fcretece\u011fiz. Do\u011fal gaz petrokimya sanayiinde geni\u015f bir \u00f6neme sahip. Bu sekt\u00f6rde \u00e7al\u0131\u015fmak isteyen t\u00fcm uzman ve k\u00f6kl\u00fc \u015firketlere kap\u0131m\u0131z a\u00e7\u0131kt\u0131r. Ayr\u0131ca b\u00f6lge \u015firketlerini de bekliyoruz \u00e7\u00fcnk\u00fc bu \u015firketler ba\u015fka alanlarda da i\u015f birli\u011fi yapabilecektir. Do\u011fal gaz\u0131n \u00fcretimi ve yat\u0131r\u0131m\u0131n\u0131n Irak\u2019\u0131n kalk\u0131nmas\u0131 i\u00e7in alternatif kaynak anlam\u0131na geldi\u011fini bilmemiz gerekiyor. B\u00f6ylece ba\u015fka alanlarda da yat\u0131r\u0131m olacak ve bu yat\u0131r\u0131mlarda T\u00fcrk \u015firketlerini ve ba\u015fka dost \u00fclke \u015firketlerini g\u00f6rmek istiyoruz.\u201d\u00a0<\/p>\n<p><strong>Su meselesi \u00e7ok kritik!\u00a0\u2018F\u0131rat ve Dicle cankurtaran halat\u0131m\u0131z\u2019<\/strong><\/p>\n<p>T\u00fcrkiye i\u00e7in ter\u00f6r ne denli \u00f6nemliyse, su konusu da Irak i\u00e7in o kadar \u00f6nemli. Hatta Irak\u2019\u0131n birinci g\u00fcndemi su. Cumhurba\u015fkan\u0131 Erdo\u011fan\u2019\u0131n ziyaretinde su konusunda da 10 y\u0131l s\u00fcreli bir anla\u015fma imzaland\u0131. T\u00fcrk \u015firketlerine alt yap\u0131 yap\u0131m\u0131n\u0131 a\u00e7an anla\u015fmay\u0131 Sudani \u015fu s\u00f6zlerle de\u011ferlendirdi:<\/p>\n<p>\u201cDicle ve F\u0131rat nehirleri Irak\u2019\u0131n can damar\u0131d\u0131r. Su dosyas\u0131 Irak ile T\u00fcrkiye aras\u0131ndaki stratejik dosyalardan biridir. Ge\u00e7ti\u011fimiz y\u0131llarda \u015fiddetli su k\u0131tl\u0131\u011f\u0131 ve kurakl\u0131k ya\u015fad\u0131k. Baz\u0131 g\u00fcney illerimize i\u00e7me suyu bile temin edemedik. T\u00fcrk taraf\u0131n\u0131n Irak\u2019taki su kullan\u0131m\u0131na ili\u015fkin yapt\u0131\u011f\u0131 ara\u015ft\u0131rmalar ve g\u00f6zlemler var. Bu kapsamda, do\u011fru sulama i\u00e7in modern teknolojinin kullan\u0131lmas\u0131 gibi ba\u015fl\u0131klarda \u00f6nemli ilerleme kaydettik ve bu da su tasarrufuna olumlu yans\u0131d\u0131. T\u00fcrkiye\u2019nin tecr\u00fcbesi su y\u00f6netimi konusunda \u00f6nc\u00fc oldu. Bu sebeple su y\u00f6netimi konusunda bir inisiyatif geli\u015ftirme \u00f6nerisinde bulunduk ve bu giri\u015fim 10 y\u0131l s\u00fcrecek bir \u00e7er\u00e7eve anla\u015fmas\u0131n\u0131 \u00f6ng\u00f6r\u00fcyor. Su y\u00f6netimini iyile\u015ftirmeyi ve geli\u015fim projelerini uygulamay\u0131 ama\u00e7l\u0131yor. Sulama sistemlerinin modernizasyonu -buna barajlar da dahil- bu alanda bilgi ve uzmanl\u0131k payla\u015f\u0131m\u0131n\u0131 \u00f6ng\u00f6r\u00fcyor. Dicle ve F\u0131rat sular\u0131n\u0131n payla\u015f\u0131lmas\u0131 konusunun \u015fiddetlendirilmesinin ne T\u00fcrkiye\u2019nin ne b\u00f6lgenin \u00e7\u0131kar\u0131na oldu\u011funu herkese a\u00e7\u0131k \u015fekilde s\u00f6yledik. Sonu\u00e7ta bizler, Irak\u2019\u0131n medeniyet varl\u0131\u011f\u0131n\u0131n temeli olan cankurtaran halat\u0131 ile birbirine binlerce y\u0131ld\u0131r ba\u011fl\u0131y\u0131z.\u201d<\/p>\n\n<p><\/p>\n<p>Kaynak :\u00a0<span style=\"background-color: rgb(255, 249, 236); color: rgb(55, 58, 60); font-size: 14px;\">http:\/\/www.milliyet.com.tr\/gundem\/milliyet-irak-basbakani-sudani-ve-savunma-bakani-gulerle-gundemi-konustu-oldubittiye-firsat-vermeyiz-7135638<\/span><\/p>\n","protected":false},"excerpt":{"rendered":"<p>Milli Savunma Bakan\u0131 Ya\u015far G\u00fcler, ter\u00f6r \u00f6rg\u00fct\u00fc PYD\/YPG\u2019nin Suriye\u2019nin kuzeyinde \u2018s\u00f6zde se\u00e7im\u2019 giri\u015fiminin kabul edilemez oldu\u011funu vurgulayarak, \u201cMill\u00ee g\u00fcvenli\u011fimiz ve kom\u015fular\u0131m\u0131z\u0131n toprak b\u00fct\u00fcnl\u00fc\u011f\u00fc hilaf\u0131na herhangi bir oldubittiye f\u0131rsat vermeyece\u011fiz\u201d dedi.<\/p>\n","protected":false},"author":1,"featured_media":20188,"comment_status":"open","ping_status":"open","sticky":false,"template":"","format":"standard","meta":{"footnotes":""},"categories":[3],"tags":[1255,1314,1256,146,524],"class_list":["post-20187","post","type-post","status-publish","format-standard","has-post-thumbnail","hentry","category-guncel","tag-irak","tag-pkk","tag-sirketler","tag-turkiye","tag-yapi"],"_links":{"self":[{"href":"https:\/\/kamucalisani.net\/index.php\/wp-json\/wp\/v2\/posts\/20187","targetHints":{"allow":["GET"]}}],"collection":[{"href":"https:\/\/kamucalisani.net\/index.php\/wp-json\/wp\/v2\/posts"}],"about":[{"href":"https:\/\/kamucalisani.net\/index.php\/wp-json\/wp\/v2\/types\/post"}],"author":[{"embeddable":true,"href":"https:\/\/kamucalisani.net\/index.php\/wp-json\/wp\/v2\/users\/1"}],"replies":[{"embeddable":true,"href":"https:\/\/kamucalisani.net\/index.php\/wp-json\/wp\/v2\/comments?post=20187"}],"version-history":[{"count":1,"href":"https:\/\/kamucalisani.net\/index.php\/wp-json\/wp\/v2\/posts\/20187\/revisions"}],"predecessor-version":[{"id":20193,"href":"https:\/\/kamucalisani.net\/index.php\/wp-json\/wp\/v2\/posts\/20187\/revisions\/20193"}],"wp:featuredmedia":[{"embeddable":true,"href":"https:\/\/kamucalisani.net\/index.php\/wp-json\/wp\/v2\/media\/20188"}],"wp:attachment":[{"href":"https:\/\/kamucalisani.net\/index.php\/wp-json\/wp\/v2\/media?parent=20187"}],"wp:term":[{"taxonomy":"category","embeddable":true,"href":"https:\/\/kamucalisani.net\/index.php\/wp-json\/wp\/v2\/categories?post=20187"},{"taxonomy":"post_tag","embeddable":true,"href":"https:\/\/kamucalisani.net\/index.php\/wp-json\/wp\/v2\/tags?post=20187"}],"curies":[{"name":"wp","href":"https:\/\/api.w.org\/{rel}","templated":true}]}}