{"id":24251,"date":"2024-06-07T05:12:06","date_gmt":"2024-06-07T05:12:06","guid":{"rendered":"https:\/\/kamucalisani.net\/?p=24251"},"modified":"2024-06-07T05:12:06","modified_gmt":"2024-06-07T05:12:06","slug":"dries-mertensten-transfer-itirafi-ilgi-vardi-ama-kat-begenmedi","status":"publish","type":"post","link":"https:\/\/kamucalisani.net\/index.php\/2024\/06\/07\/dries-mertensten-transfer-itirafi-ilgi-vardi-ama-kat-begenmedi\/","title":{"rendered":"Dries Mertens&#8217;ten transfer itiraf\u0131! &#8216;\u0130lgi vard\u0131 ama Kat be\u011fenmedi&#8217;"},"content":{"rendered":"<p><p>Okan Buruk y\u00f6netimindeki Galatasaray&#8217;\u0131n y\u0131ld\u0131z\u0131 Dries Mertens&#8217;in gelece\u011fi konusundaki belirsizlik ortadan kalkt\u0131. Tecr\u00fcbeli futbolcu, \u00fclkesinin bas\u0131n\u0131na verdi\u011fi r\u00f6portajda gelece\u011fine dair karar\u0131n\u0131 duyurdu.<\/p>\n<p>Bel\u00e7ika bas\u0131n\u0131ndan DH&#8217;ye konu\u015fan Dries Mertens, sar\u0131-k\u0131rm\u0131z\u0131l\u0131 tak\u0131mla s\u00f6zle\u015fme uzataca\u011f\u0131n\u0131 dile getirdi: &#8220;Galatasaray ile s\u00f6zle\u015fmemi bir y\u0131l uzataca\u011f\u0131m. Ondan sonra kariyerim normal olarak sona erecek.&#8221;<\/p>\n<p>Futboldan hala zevk ald\u0131\u011f\u0131n\u0131 belirten Bel\u00e7ikal\u0131 on numara, &#8220;Bu yaz kramponlar\u0131m\u0131 bir kenara b\u0131rakamayacak kadar oyundan keyif al\u0131yorum&#8221; a\u00e7\u0131klamas\u0131n\u0131 yapt\u0131.<\/p>\n<div>\n<div> <img decoding=\"async\" src=\"https:\/\/kamucalisani.net\/wp-content\/uploads\/2024\/06\/dries-mertensten-transfer-itirafi-ilgi-vardi-ama-kat-begenmedi-0-kETuGkbG.jpg\"\/><\/img> <\/div>\n<\/p><\/div>\n<\/p>\n<p>Kendisine gelen transfer tekliflerini e\u015finin be\u011fenmedi\u011fini vurgulayan Dries Mertens, &#8220;Suudi Arabistan ve Amerika&#8217;dan da ilgi vard\u0131 ama Kat be\u011fenmedi. Galatasaray&#8217;da ge\u00e7en sezona sanki son sezonummu\u015f gibi girdim. Ayr\u0131ca hoca ve kul\u00fcple birlikte daha az \u015fey yapaca\u011f\u0131m\u0131 hissettim. Ziyech, Zaha ve Ndomb\u00e9l\u00e9&#8217;yi ald\u0131lar. B\u00fcy\u00fck isimler ama bir noktada m\u00fccadele ederek tak\u0131ma geri d\u00f6nd\u00fcm&#8221; dedi.<\/p>\n<p>T\u00fcrkiye&#8217;nin kalbini kazand\u0131\u011f\u0131n\u0131 dile getiren Dries Mertens, &#8220;T\u00fcrkiye&#8217;de kendimi iyi hissediyorum. T\u00fcrkiye&#8217;de muhte\u015fem bir hayat\u0131m\u0131z var. Ayr\u0131ca e\u015fimle birlikte Antalya, Bodrum ve \u0130zmir&#8217;e \u00e7ok seyahat edebiliyoruz. \u0130talya gibi bu T\u00fcrkiye de kalbimi kazand\u0131&#8221; diye konu\u015ftu.<\/p>\n<p>Bel\u00e7ika&#8217;ya geri d\u00f6nmeyece\u011fini vurgulayan Dries Mertens, &#8220;Bel\u00e7ika&#8217;ya geri d\u00f6nmeyi hi\u00e7 d\u00fc\u015f\u00fcnmedim. Bence Toby Alderweireld&#8217;in ya\u015fad\u0131klar\u0131 ger\u00e7ekten \u00e7ok g\u00fczel ama benim akl\u0131mdan geri d\u00f6nmek hi\u00e7 ge\u00e7medi&#8221; a\u00e7\u0131klamas\u0131n\u0131 yapt\u0131.<\/p>\n<p>Gelece\u011fe d\u00f6n\u00fck yat\u0131r\u0131mlar\u0131ndan bahseden Dries Mertens, &#8220;Bir g\u00fcn Ciro i\u00e7in Bel\u00e7ika&#8217;ya geri d\u00f6nece\u011fiz. Antwerp&#8217;te bir yer sat\u0131n ald\u0131k. Napoli&#8217;de de bir evimiz var. Yaz tatillerimizi orada ge\u00e7irece\u011fiz. \u0130\u015fin g\u00fczel taraf\u0131, \u00f6n\u00fcm\u00fczdeki y\u0131llarda onunla birlikte istedi\u011fimiz yere gidebilece\u011fiz. Bunun tad\u0131n\u0131 \u00e7\u0131karmak istiyoruz. \u00d6nce d\u00fcnyay\u0131 gezmek, sonra da Ciro&#8217;ya Bel\u00e7ika&#8217;da bir \u00e7ocu\u011fun ihtiyac\u0131 olan mahremiyeti sa\u011flamak istiyoruz&#8221; dedi.<\/p>\n<p>Antren\u00f6r olarak \u00e7al\u0131\u015fmayaca\u011f\u0131n\u0131 belirten Bel\u00e7ikal\u0131 on numara, &#8220;Antren\u00f6rl\u00fck vas\u0131flar\u0131m var ama bununla bir \u015fey yapaca\u011f\u0131m\u0131 sanm\u0131yorum. Bu futboldan uzakla\u015faca\u011f\u0131m anlam\u0131na gelmiyor ama \u00e7ok da \u00f6zlemeyece\u011fim&#8221; ifadelerini kulland\u0131.<\/p>\n<p>Maa\u015f\u0131n\u0131n y\u00fczde 20&#8217;siyle ya\u015fad\u0131\u011f\u0131n\u0131 vurgulayan Dries Mertens, &#8220;Profesyonel futbolcular\u0131n y\u00fczde 60&#8217;\u0131n\u0131n kariyerlerinin sonunda paraya ihtiya\u00e7 duymas\u0131 beni son derece rahats\u0131z ediyor. Menajerim Stijn Francis bu konuda bana her zaman iyi rehberlik etti. Son birka\u00e7 y\u0131ld\u0131r \u00e7e\u015fitli \u015feylere yat\u0131r\u0131m yapt\u0131m ve maa\u015f\u0131m\u0131n y\u00fczde 10-20&#8217;siyle ge\u00e7iniyorum&#8221; a\u00e7\u0131klamas\u0131n\u0131 yapt\u0131.<\/p>\n\n<p><\/p>\n<p>Kaynak :\u00a0<span style=\"background-color: rgb(255, 249, 236); color: rgb(55, 58, 60); font-size: 14px;\">http:\/\/www.milliyet.com.tr\/skorer\/dries-mertensten-transfer-itirafi-ilgi-vardi-ama-kat-begenmedi-7135901<\/span><\/p>\n","protected":false},"excerpt":{"rendered":"<p>Galatasaray&#8217;\u0131n Bel\u00e7ikal\u0131 on numaras\u0131 Dries Mertens gelece\u011fine dair karar\u0131n\u0131 verdi. Sar\u0131-k\u0131rm\u0131z\u0131l\u0131 tak\u0131mla s\u00f6zle\u015fmesi sona eren Dries Mertens, \u00fclkesinin bas\u0131n\u0131na konu\u015ftu.<\/p>\n","protected":false},"author":1,"featured_media":24252,"comment_status":"open","ping_status":"open","sticky":false,"template":"","format":"standard","meta":{"footnotes":""},"categories":[7],"tags":[346,1486],"class_list":["post-24251","post","type-post","status-publish","format-standard","has-post-thumbnail","hentry","category-spor","tag-belcika","tag-dries-mertens"],"_links":{"self":[{"href":"https:\/\/kamucalisani.net\/index.php\/wp-json\/wp\/v2\/posts\/24251","targetHints":{"allow":["GET"]}}],"collection":[{"href":"https:\/\/kamucalisani.net\/index.php\/wp-json\/wp\/v2\/posts"}],"about":[{"href":"https:\/\/kamucalisani.net\/index.php\/wp-json\/wp\/v2\/types\/post"}],"author":[{"embeddable":true,"href":"https:\/\/kamucalisani.net\/index.php\/wp-json\/wp\/v2\/users\/1"}],"replies":[{"embeddable":true,"href":"https:\/\/kamucalisani.net\/index.php\/wp-json\/wp\/v2\/comments?post=24251"}],"version-history":[{"count":1,"href":"https:\/\/kamucalisani.net\/index.php\/wp-json\/wp\/v2\/posts\/24251\/revisions"}],"predecessor-version":[{"id":24254,"href":"https:\/\/kamucalisani.net\/index.php\/wp-json\/wp\/v2\/posts\/24251\/revisions\/24254"}],"wp:featuredmedia":[{"embeddable":true,"href":"https:\/\/kamucalisani.net\/index.php\/wp-json\/wp\/v2\/media\/24252"}],"wp:attachment":[{"href":"https:\/\/kamucalisani.net\/index.php\/wp-json\/wp\/v2\/media?parent=24251"}],"wp:term":[{"taxonomy":"category","embeddable":true,"href":"https:\/\/kamucalisani.net\/index.php\/wp-json\/wp\/v2\/categories?post=24251"},{"taxonomy":"post_tag","embeddable":true,"href":"https:\/\/kamucalisani.net\/index.php\/wp-json\/wp\/v2\/tags?post=24251"}],"curies":[{"name":"wp","href":"https:\/\/api.w.org\/{rel}","templated":true}]}}