{"id":25816,"date":"2024-06-07T22:12:08","date_gmt":"2024-06-07T22:12:08","guid":{"rendered":"https:\/\/kamucalisani.net\/?p=25816"},"modified":"2024-06-07T22:12:08","modified_gmt":"2024-06-07T22:12:08","slug":"istanbul-edirne-koku-rotasi","status":"publish","type":"post","link":"https:\/\/kamucalisani.net\/index.php\/2024\/06\/07\/istanbul-edirne-koku-rotasi\/","title":{"rendered":"\u0130stanbul-Edirne \u2018koku\u2019 rotas\u0131!"},"content":{"rendered":"<p><p><strong>Aleyna Sevim &#8211;<\/strong> \u0130stanbul ve Edirne gibi yo\u011fun sanayinin oldu\u011fu b\u00f6lgeler sulara ar\u0131t\u0131lmdan at\u0131klar\u0131 at\u0131nca kirlili\u011fe, kokuya ve kurakl\u0131\u011fa davetiye \u00e7\u0131kar\u0131yor. Nehir ve g\u00f6llerde suyun berrakl\u0131\u011f\u0131 neredeyse tamamen gitmi\u015fken b\u00f6lgeden yay\u0131lan koku da ciddi seviyelerde ula\u015ft\u0131. Band\u0131rma Onyedi Eyl\u00fcl \u00dcniversitesi Denizcilik Fak\u00fcltesi Dekan\u0131 Prof. Dr. Mustafa Sar\u0131 may\u0131s ay\u0131nda gitti\u011fi b\u00f6lgedeki tablonun vahametini Milliyet\u2019e anlatt\u0131.\u00a0<\/p>\n<p>Ergene, Tunca ve Meri\u00e7 nehirlerinden ge\u00e7ti\u011fini anlatan Prof. Dr. Sar\u0131, \u201c\u0130stanbul\u2019dan Edirne\u2019ye kadar yoldan ge\u00e7erken derelere, nehirlere yakla\u015ft\u0131\u011f\u0131n\u0131zda arabaya dolan kokudan kirlili\u011fi anl\u0131yorsunuz. Yol boyunca bu nehirlere bo\u015falan bir s\u00fcr\u00fc dere var. Bu derelerin renk ve kokusuna bakt\u0131\u011f\u0131n\u0131zda hi\u00e7bir bilimsel \u00f6l\u00e7\u00fcm yapmadan, d\u0131\u015f g\u00f6zle ne kadar kirlendi\u011fini ve bir at\u0131k kanal\u0131na d\u00f6n\u00fc\u015ft\u00fc\u011f\u00fcn\u00fc g\u00f6r\u00fcyorsunuz. Tunca Nehri\u2019nin durumunu ta\u015f k\u00f6pr\u00fc \u00fczerinden foto\u011fraflad\u0131m. Buralar at\u0131klar\u0131 bo\u015faltaca\u011f\u0131n\u0131z bir depo, al\u0131c\u0131 ortam de\u011fil, ya\u015fam alan\u0131d\u0131r. Suyu kirletti\u011finizde ya\u015fam\u0131n\u0131z\u0131 kirletmi\u015f olursunuz. G\u00f6r\u00fcyoruz ki buralarda yo\u011fun sanayi b\u00f6lgesi at\u0131klar\u0131 hi\u00e7 ar\u0131t\u0131lmadan b\u00f6lgelere at\u0131l\u0131yor. At\u0131klar y\u00fcz\u00fcnden Ergene nehri diye bir nehir kalmam\u0131\u015f. Orada art\u0131k su yok. Su kapkara. Ne yaz\u0131k ki akarsular at\u0131k kanal\u0131na d\u00f6n\u00fc\u015fm\u00fc\u015f\u201d diye konu\u015ftu.\u00a0<\/p>\n<div>\n<div> <img decoding=\"async\" src=\"https:\/\/kamucalisani.net\/wp-content\/uploads\/2024\/06\/istanbul-edirne-koku-rotasi-0-M52t6O4w.jpg\"\/><\/img> <\/div>\n<\/p><\/div>\n<\/p>\n<p><strong>EGE\u2019DE DE DURUM AYNI<\/strong><\/p>\n<p>\u00c7evre \u015eehircilik ve \u0130klim De\u011fi\u015fikli\u011fi Bakanl\u0131\u011f\u0131 eski m\u00fcste\u015far\u0131 Prof. Dr. Mustafa \u00d6zt\u00fcrk de B\u00fcy\u00fck Menderes nehrinin da ayn\u0131 durumda oldu\u011funu s\u00f6yledi. Prof. Dr. \u00d6zt\u00fcrk, \u201cAyd\u0131n ve S\u00f6ke\u2019deki Organize Sanayi (OSB) B\u00f6lgelerinden s\u0131n\u0131r de\u011ferlerini sa\u011flayacak \u015fekilde ar\u0131t\u0131lmam\u0131\u015f at\u0131ksular, akarsular\u0131 kirletmekte ve tar\u0131m alanlar\u0131n\u0131n kirli su ile sulanmas\u0131na neden oluyor. B\u00fcy\u00fck Menderes nehri, devasa kanalizasyon borular\u0131 ile illegal de\u015farj edilen la\u011f\u0131m sular\u0131 kirletiyor. Kurakl\u0131\u011f\u0131n etkisiyle kuruyan nehirde la\u011f\u0131m suyunun etkisi daha \u015fiddetli olacak. B\u00fcy\u00fck Menderes Nehri kurursa S\u00f6ke Ovas\u0131 \u00e7\u00f6le d\u00f6ner\u201d dedi.<\/p>\n<p><strong>SON VER\u0130LER 2022 YILINDAN<\/strong><\/p>\n<p>\u00c7evre \u015eehircilik ve \u0130klim De\u011fi\u015fikli\u011fi Bakanl\u0131\u011f\u0131\u2019n\u0131n sitesindeki bilgilere g\u00f6re 2002\u2019de 145 olan at\u0131ksu ar\u0131tma tesisi say\u0131s\u0131, 2022 y\u0131l\u0131 sonunda bin 315\u2019e ula\u015ft\u0131. Tesis da\u011f\u0131l\u0131m verileri de \u015f\u00f6yle: \u201cAt\u0131ksu ar\u0131tma tesislerinin y\u00fczde 20\u2019si geli\u015fmi\u015f, y\u00fczde 51\u2019ine biyolojik, y\u00fczde 5\u2019ine fiziksel ve y\u00fczde 24\u2019\u00fcne do\u011fal ar\u0131tma uyguland\u0131.\u201d<\/p>\n<p><strong>KESK\u0130N KOKU PAN\u0130K YARATTI<\/strong><\/p>\n<p>Sakarya\u2019n\u0131n Erenler il\u00e7esinde \u00e7evreye yay\u0131lan keskin koku, mahalleliyi tedirgin etti. B\u00f6lgeye gelen AFAD, itfaiye ve polis ekipleri kokunun kayna\u011f\u0131n\u0131 bulabilmek i\u00e7in \u00e7al\u0131\u015fma ba\u015flatt\u0131. Sakarya Nehri\u2019nden numune alarak olay yerinden ayr\u0131lan ekiplerce, kokunun nedenini tespit edilemedi. Sakarya Valili\u011fi, \u201cYap\u0131lan ilk belirlemelere g\u00f6re halk sa\u011fl\u0131\u011f\u0131n\u0131 tehlikeye d\u00fc\u015f\u00fcrmeyecek bir koku tespit edilmi\u015ftir. Valili\u011fimiz koordinesinde olu\u015fturulan GAMER, \u00c7evre \u015eehircilik ve \u0130klim \u0130l M\u00fcd\u00fcrl\u00fc\u011f\u00fc, B\u00fcy\u00fck\u015fehir Belediyesi ve itfaiye ile AFAD ekiplerinden olu\u015fan 25 ki\u015filik ekip olu\u015fturulmu\u015f ve kokunun kayna\u011f\u0131 ivedilikle ara\u015ft\u0131r\u0131lmaya ba\u015flanm\u0131\u015ft\u0131r\u201d denildi. <strong>&#8211; Sakarya DHA<\/strong><\/p>\n\n<p><\/p>\n<p>Kaynak :\u00a0<span style=\"background-color: rgb(255, 249, 236); color: rgb(55, 58, 60); font-size: 14px;\">http:\/\/www.milliyet.com.tr\/gundem\/istanbul-edirne-koku-rotasi-7136023<\/span><\/p>\n","protected":false},"excerpt":{"rendered":"<p>Sanayi b\u00f6lgelerinde yer alan akarsu, nehir ve g\u00f6ller at\u0131k tehlikesiyle kar\u015f\u0131 kar\u015f\u0131ya. Suya ar\u0131t\u0131lmadan at\u0131lan evsel, sanayi ve tar\u0131msal at\u0131klar nehir ve g\u00f6llerin koku ve rengini ald\u0131.<\/p>\n","protected":false},"author":1,"featured_media":25817,"comment_status":"open","ping_status":"open","sticky":false,"template":"","format":"standard","meta":{"footnotes":""},"categories":[3],"tags":[1513,1310,1515,1514],"class_list":["post-25816","post","type-post","status-publish","format-standard","has-post-thumbnail","hentry","category-guncel","tag-atik","tag-koku","tag-nehir","tag-nehri"],"_links":{"self":[{"href":"https:\/\/kamucalisani.net\/index.php\/wp-json\/wp\/v2\/posts\/25816","targetHints":{"allow":["GET"]}}],"collection":[{"href":"https:\/\/kamucalisani.net\/index.php\/wp-json\/wp\/v2\/posts"}],"about":[{"href":"https:\/\/kamucalisani.net\/index.php\/wp-json\/wp\/v2\/types\/post"}],"author":[{"embeddable":true,"href":"https:\/\/kamucalisani.net\/index.php\/wp-json\/wp\/v2\/users\/1"}],"replies":[{"embeddable":true,"href":"https:\/\/kamucalisani.net\/index.php\/wp-json\/wp\/v2\/comments?post=25816"}],"version-history":[{"count":1,"href":"https:\/\/kamucalisani.net\/index.php\/wp-json\/wp\/v2\/posts\/25816\/revisions"}],"predecessor-version":[{"id":25819,"href":"https:\/\/kamucalisani.net\/index.php\/wp-json\/wp\/v2\/posts\/25816\/revisions\/25819"}],"wp:featuredmedia":[{"embeddable":true,"href":"https:\/\/kamucalisani.net\/index.php\/wp-json\/wp\/v2\/media\/25817"}],"wp:attachment":[{"href":"https:\/\/kamucalisani.net\/index.php\/wp-json\/wp\/v2\/media?parent=25816"}],"wp:term":[{"taxonomy":"category","embeddable":true,"href":"https:\/\/kamucalisani.net\/index.php\/wp-json\/wp\/v2\/categories?post=25816"},{"taxonomy":"post_tag","embeddable":true,"href":"https:\/\/kamucalisani.net\/index.php\/wp-json\/wp\/v2\/tags?post=25816"}],"curies":[{"name":"wp","href":"https:\/\/api.w.org\/{rel}","templated":true}]}}