{"id":26202,"date":"2024-06-08T03:00:05","date_gmt":"2024-06-08T03:00:05","guid":{"rendered":"https:\/\/kamucalisani.net\/?p=26202"},"modified":"2024-06-08T03:00:05","modified_gmt":"2024-06-08T03:00:05","slug":"mhp-lideri-bahceli-il-bilge-hatun-vakfini-kurdu","status":"publish","type":"post","link":"https:\/\/kamucalisani.net\/index.php\/2024\/06\/08\/mhp-lideri-bahceli-il-bilge-hatun-vakfini-kurdu\/","title":{"rendered":"MHP lideri Bah\u00e7eli \u0130l Bilge Hatun Vakf\u0131\u2019n\u0131 kurdu"},"content":{"rendered":"<p><p><strong>ANKARA Milliyet &#8211;<\/strong> Kurucular\u0131 aras\u0131nda Bah\u00e7eli\u2019nin de bulundu\u011fu \u0130l Bilge Hatun Vakf\u0131 kurulmas\u0131na dair ilan d\u00fcn Resmi Gazete\u2019de yay\u0131nland\u0131. Vakf\u0131n kurucular\u0131 aras\u0131nda Bah\u00e7eli\u2019nin yan\u0131s\u0131ra, Genel Ba\u015fkan Yard\u0131mc\u0131lar\u0131 \u0130smail Faruk Aksu, eski milletvekili H\u00fcseyin Akg\u00fcl, MYK \u00fcyeleri Erkan Haberal, Ali U\u00e7ak, Fatih \u00c7etinkaya bulundu. Y\u00f6netim Kurulunda ise Bah\u00e7eli, Ahmet Selim Yurdakul, \u00d6zg\u00fcr Bayraktar, \u015eahin Kartal, Se\u00e7kin Odaba\u015f\u0131 yer al\u0131yor. Amac\u0131 \u201cSosyal hizmet, sosyal yard\u0131m, sosyal koruma, sa\u011fl\u0131k ve sosyal dayan\u0131\u015fmaya y\u00f6nelik \u00e7al\u0131\u015fmalar yapmak\u201d olarak belirtilen vakf\u0131n mal varl\u0131\u011f\u0131 500 bin lira olarak belirlendi. \u0130landa, vakf\u0131n da\u011f\u0131lmas\u0131 halinde ta\u015f\u0131n\u0131r ta\u015f\u0131nmaz t\u00fcm mal varl\u0131\u011f\u0131n\u0131n aynen korunmas\u0131 \u015fart\u0131yla Devlet Bah\u00e7eli Vakf\u0131na devredilece\u011fi belirtildi.<\/p>\n\n<p><\/p>\n<p>Kaynak :\u00a0<span style=\"background-color: rgb(255, 249, 236); color: rgb(55, 58, 60); font-size: 14px;\">http:\/\/www.milliyet.com.tr\/gundem\/mhp-lideri-bahceli-il-bilge-hatun-vakfini-kurdu-7136036<\/span><\/p>\n","protected":false},"excerpt":{"rendered":"<p>MHP Lideri Devlet Bah\u00e7eli, Orhun Yaz\u0131tlar\u0131nda ad\u0131 ge\u00e7en ve T\u00fcrk boylar\u0131n\u0131n birle\u015ftirilmesinde ismi e\u015fi \u0130lteri\u015f Ka\u011fan ile birlikte an\u0131lan \u0130l Bilge Hatun\u2019un ad\u0131yla sosyal yard\u0131m ve koruma i\u00e7in bir vak\u0131f kurdu.<\/p>\n","protected":false},"author":1,"featured_media":26203,"comment_status":"open","ping_status":"open","sticky":false,"template":"","format":"standard","meta":{"footnotes":""},"categories":[3],"tags":[692],"class_list":["post-26202","post","type-post","status-publish","format-standard","has-post-thumbnail","hentry","category-guncel","tag-vakfi"],"_links":{"self":[{"href":"https:\/\/kamucalisani.net\/index.php\/wp-json\/wp\/v2\/posts\/26202","targetHints":{"allow":["GET"]}}],"collection":[{"href":"https:\/\/kamucalisani.net\/index.php\/wp-json\/wp\/v2\/posts"}],"about":[{"href":"https:\/\/kamucalisani.net\/index.php\/wp-json\/wp\/v2\/types\/post"}],"author":[{"embeddable":true,"href":"https:\/\/kamucalisani.net\/index.php\/wp-json\/wp\/v2\/users\/1"}],"replies":[{"embeddable":true,"href":"https:\/\/kamucalisani.net\/index.php\/wp-json\/wp\/v2\/comments?post=26202"}],"version-history":[{"count":1,"href":"https:\/\/kamucalisani.net\/index.php\/wp-json\/wp\/v2\/posts\/26202\/revisions"}],"predecessor-version":[{"id":26204,"href":"https:\/\/kamucalisani.net\/index.php\/wp-json\/wp\/v2\/posts\/26202\/revisions\/26204"}],"wp:featuredmedia":[{"embeddable":true,"href":"https:\/\/kamucalisani.net\/index.php\/wp-json\/wp\/v2\/media\/26203"}],"wp:attachment":[{"href":"https:\/\/kamucalisani.net\/index.php\/wp-json\/wp\/v2\/media?parent=26202"}],"wp:term":[{"taxonomy":"category","embeddable":true,"href":"https:\/\/kamucalisani.net\/index.php\/wp-json\/wp\/v2\/categories?post=26202"},{"taxonomy":"post_tag","embeddable":true,"href":"https:\/\/kamucalisani.net\/index.php\/wp-json\/wp\/v2\/tags?post=26202"}],"curies":[{"name":"wp","href":"https:\/\/api.w.org\/{rel}","templated":true}]}}