{"id":27828,"date":"2024-06-08T21:12:07","date_gmt":"2024-06-08T21:12:07","guid":{"rendered":"https:\/\/kamucalisani.net\/?p=27828"},"modified":"2024-06-08T21:12:07","modified_gmt":"2024-06-08T21:12:07","slug":"son-dakika-cumhurbaskani-erdogann-onemli-aciklamalar","status":"publish","type":"post","link":"https:\/\/kamucalisani.net\/index.php\/2024\/06\/08\/son-dakika-cumhurbaskani-erdogann-onemli-aciklamalar\/","title":{"rendered":"Son dakika: Cumhurba\u015fkan\u0131 Erdo\u011fan&#8217;n \u00f6nemli a\u00e7\u0131klamalar"},"content":{"rendered":"<p><p>\u0130\u015fte Erdo\u011fan&#8217;\u0131n konu\u015fmas\u0131ndan sat\u0131r ba\u015flar\u0131:\u00a0D\u00fcnk\u00fc a\u00e7\u0131l\u0131\u015f konu\u015fmas\u0131nda siyasetteki yumu\u015fama iklimi ile ilgili kanaatlerimizi a\u00e7\u0131klam\u0131\u015ft\u0131k. Gazze&#8217;de 8 ayd\u0131r s\u00fcren katliam da her zamanki gibi g\u00fcndemimizin en \u00fcst s\u0131ras\u0131ndayd\u0131. Filistin halk\u0131 tam 76 y\u0131ld\u0131r zulme maruz kal\u0131yor. Haklar\u0131 a\u015fama a\u015fama gasp ediliyor. Filistinli \u00e7ocuklar 76 y\u0131ld\u0131r \u015f\u0131mar\u0131k bir devlet taraf\u0131ndan katlediliyor. T\u00fcrkiye olarak 76 y\u0131ld\u0131r devam eden bu zulme her platformda itiraz ediyoruz. Hi\u00e7bir bask\u0131 tehdit k\u00fcstahl\u0131k bunu de\u011fi\u015ftirmeyecek. Biz Filistinli karde\u015flerimizin nas\u0131l zorlu ve kahramanca bir m\u00fccadele verdi\u011fini gayet iyi biliyoruz. Filistinli karde\u015flerimiz Gazze&#8217;de insani de\u011ferleri savunuyor. Hamas ABD Ba\u015fkan\u0131 Biden&#8217;\u0131n son teklifine de m\u00fcspet yakla\u015ft\u0131. Netanhu\u2019nu cevab\u0131 ise yine kan d\u00f6kmek, i\u015fgal ve soyk\u0131r\u0131m politikas\u0131n\u0131n \u015fiddetini art\u0131rmak oldu. B\u00f6lgemizi ve t\u00fcm d\u00fcnyay\u0131 b\u00fcy\u00fck bir felakete s\u00fcr\u00fckleyen Netanyahu denen bu barbara art\u0131k bir \u2018dur\u2019 denilmelidir.<\/p>\n<p><strong>YARDIMLAR DEVAM ED\u0130YOR<\/strong><\/p>\n<p>Gazze&#8217;ye g\u00f6nderdi\u011fimiz yard\u0131mlar devam ediyor. \u0130srail&#8217;e y\u00f6nelik ekonomik bask\u0131n\u0131n artmas\u0131 i\u00e7in \u00e7ok y\u00f6nl\u00fc \u00e7al\u0131\u015f\u0131yoruz. Filistin&#8217;i tan\u0131yan \u00fclke say\u0131s\u0131 147&#8217;ye \u00e7\u0131kt\u0131. Bu say\u0131n\u0131n \u00e7o\u011falmas\u0131 ve \u0130srail&#8217;in zul\u00fcm politikalar\u0131na verilecek onurlu cevaplardan olacakt\u0131r. Bayramdan \u00f6nce \u0130spanya&#8217;y\u0131 ziyaret edece\u011fiz.<\/p>\n<p><strong>KORKULARA SON VERD\u0130K<\/strong><\/p>\n<p>AK Parti reformcu ruhunu asla kaybetmemi\u015f bir partidir. \u00d6nemli reformlar\u0131 hayata ge\u00e7irdik. \u00dclkemizin ve milletimizin yolunu ayd\u0131nlatmay\u0131 ba\u015fard\u0131k. Milli iradeyi darbecilerin karanl\u0131\u011f\u0131ndan biz kurtard\u0131k. Paranoyalara son verdik, korkulara son verdik. Bu \u00fclkeye hemen her alanda Cumhuriyet tarihinin alt\u0131n y\u0131llar\u0131n\u0131 biz ya\u015fatt\u0131k. Elbette gurur duyuyoruz ama yeterli g\u00f6rm\u00fcyoruz. AK Parti stat\u00fckocu bir parti de\u011fildir ve asla olmayacakt\u0131r. Y\u00f6n\u00fcm\u00fcz de y\u00fcz\u00fcm\u00fcz de ayd\u0131nl\u0131\u011fa ve demokrasiye d\u00f6n\u00fckt\u00fcr.<\/p>\n<p><strong>YEN\u0130 ANAYASADA UZLA\u015eIYA A\u00c7I\u011eIZ<\/strong><\/p>\n<p>Yeni anayasa konusunda da uzla\u015f\u0131ya a\u00e7\u0131\u011f\u0131z. Diyoruz ki otural\u0131m konu\u015fal\u0131m en geni\u015f mutabakatla T\u00fcrkiye&#8217;yi darbe anayasas\u0131ndan her beraber kurtaral\u0131m. Yeni anayasa konusunda samimiyiz, bunu siyasi bilek g\u00fcre\u015fine \u00e7evirmeyelim.<\/p>\n\n<p><\/p>\n<p>Kaynak :\u00a0<span style=\"background-color: rgb(255, 249, 236); color: rgb(55, 58, 60); font-size: 14px;\">http:\/\/www.milliyet.com.tr\/gundem\/son-dakika-cumhurbaskani-erdogann-onemli-aciklamalar-7136221<\/span><\/p>\n","protected":false},"excerpt":{"rendered":"<p>Cumhurba\u015fkan\u0131 Erdo\u011fan, K\u0131z\u0131lcahamam&#8217;da AK Parti \u0130sti\u015fare ve De\u011ferlendirme Toplant\u0131s\u0131&#8217;n\u0131n kapan\u0131\u015f\u0131nda konu\u015fuyor.<\/p>\n","protected":false},"author":1,"featured_media":27829,"comment_status":"open","ping_status":"open","sticky":false,"template":"","format":"standard","meta":{"footnotes":""},"categories":[3],"tags":[646],"class_list":["post-27828","post","type-post","status-publish","format-standard","has-post-thumbnail","hentry","category-guncel","tag-filistin"],"_links":{"self":[{"href":"https:\/\/kamucalisani.net\/index.php\/wp-json\/wp\/v2\/posts\/27828","targetHints":{"allow":["GET"]}}],"collection":[{"href":"https:\/\/kamucalisani.net\/index.php\/wp-json\/wp\/v2\/posts"}],"about":[{"href":"https:\/\/kamucalisani.net\/index.php\/wp-json\/wp\/v2\/types\/post"}],"author":[{"embeddable":true,"href":"https:\/\/kamucalisani.net\/index.php\/wp-json\/wp\/v2\/users\/1"}],"replies":[{"embeddable":true,"href":"https:\/\/kamucalisani.net\/index.php\/wp-json\/wp\/v2\/comments?post=27828"}],"version-history":[{"count":1,"href":"https:\/\/kamucalisani.net\/index.php\/wp-json\/wp\/v2\/posts\/27828\/revisions"}],"predecessor-version":[{"id":27830,"href":"https:\/\/kamucalisani.net\/index.php\/wp-json\/wp\/v2\/posts\/27828\/revisions\/27830"}],"wp:featuredmedia":[{"embeddable":true,"href":"https:\/\/kamucalisani.net\/index.php\/wp-json\/wp\/v2\/media\/27829"}],"wp:attachment":[{"href":"https:\/\/kamucalisani.net\/index.php\/wp-json\/wp\/v2\/media?parent=27828"}],"wp:term":[{"taxonomy":"category","embeddable":true,"href":"https:\/\/kamucalisani.net\/index.php\/wp-json\/wp\/v2\/categories?post=27828"},{"taxonomy":"post_tag","embeddable":true,"href":"https:\/\/kamucalisani.net\/index.php\/wp-json\/wp\/v2\/tags?post=27828"}],"curies":[{"name":"wp","href":"https:\/\/api.w.org\/{rel}","templated":true}]}}