{"id":27964,"date":"2024-06-08T22:24:08","date_gmt":"2024-06-08T22:24:08","guid":{"rendered":"https:\/\/kamucalisani.net\/?p=27964"},"modified":"2024-06-08T22:24:08","modified_gmt":"2024-06-08T22:24:08","slug":"istanbulda-coken-bina-bakan-yerlikaya-hem-adli-hem-de-idari-sorusturma-var","status":"publish","type":"post","link":"https:\/\/kamucalisani.net\/index.php\/2024\/06\/08\/istanbulda-coken-bina-bakan-yerlikaya-hem-adli-hem-de-idari-sorusturma-var\/","title":{"rendered":"\u0130stanbul&#8217;da \u00e7\u00f6ken bina! Bakan Yerlikaya: Hem adli hem de idari soru\u015fturma var"},"content":{"rendered":"<p><p>\u0130\u00e7i\u015fleri Bakan\u0131 Ali Yerlikaya K\u00fc\u00e7\u00fck\u00e7ekmece&#8217;de \u00e7\u00f6ken 3 katl\u0131 binan\u0131n enkaz\u0131nda incelemelerde bulundu. Bakan Yerlikaya, &#8220;\u0130\u00e7i\u015fleri olarak biz de M\u00fclkiye Ba\u015fm\u00fcfetti\u015fi g\u00f6revlendirdik. Bug\u00fcnden itibaren \u00e7al\u0131\u015fmaya ba\u015flad\u0131. En k\u0131sa zamanda idari kusur, kabahat ne varsa tabloyu oldu\u011fu gibi ortaya \u00e7\u0131kar\u0131p bunu hem sizlerle hem de adli s\u00fcrece destek olmas\u0131 a\u00e7\u0131s\u0131ndan g\u00f6nderece\u011fiz&#8221; dedi.<\/p>\n<p>\u00c7\u00f6ken 3 katl\u0131 binan\u0131n enkaz\u0131nda incelemeler yapan Bakan Yerlikaya, bas\u0131n mensuplar\u0131na a\u00e7\u0131klamalarda bulundu. Yerlikaya, &#8221; K\u00fc\u00e7\u00fck\u00e7ekmece il\u00e7emizde Kartaltepe mahallemizde sabah saat 08.41 itibariyle zemin art\u0131 3 katl\u0131 olan apartman maalesef \u00e7\u00f6km\u00fc\u015ft\u00fcr. 1988 yap\u0131m\u0131 oldu\u011funu biliyoruz. AFAD buraya \u00e7ok yak\u0131n. \u00c7ok k\u0131sa s\u00fcre i\u00e7erisinde saat 08.50&#8217;de 9 dakika sonra AFAD, e\u015f zamanl\u0131 olarak itfaiye, il\u00e7e belediyesi zaten burada kaymakam\u0131m\u0131z valimiz olay\u0131n hemen ertesinde buraya geldi. \u0130lk etapta i\u00e7eride enkaz\u0131n alt\u0131nda kalan vatanda\u015flar\u0131 kurtarmak i\u00e7in cansiperane \u00e7al\u0131\u015ft\u0131k. Her zaman oldu\u011fu gibi AFAD, UMKE, itfaiye ve olmas\u0131 gereken emniyet, valilik. Bu t\u00fcr durumlarda biliyorsunuz hepsini tek tek saymama bile gerek yok, m\u00fcdahale ve iyilele\u015ftirme noktas\u0131nda ne noktaya geldi\u011fimizi biliyorsunuz. Her birine minnettar\u0131z ve her birine te\u015fekk\u00fcr ediyorum &#8221; dedi.<\/p>\n<p><strong>&#8220;9 K\u0130\u015e\u0130 KURTARILDI&#8221;<\/strong><\/p>\n<p>Bakan Yerlikaya, &#8220;9 insan kurtar\u0131ld\u0131. Biri maalesef T\u00fcrkmenistan uyruklu olan yabanc\u0131 bir karde\u015fimiz maalesef vefat etti. Ba\u015fsa\u011fl\u0131\u011f\u0131 diliyoruz. Allah rahmet eylesin yak\u0131nlar\u0131na ba\u015fsa\u011fl\u0131\u011f\u0131 diliyoruz. \u0130\u00e7eriden \u00e7\u0131kar\u0131lan 7 yabanc\u0131 uyruklu var. Bunlardan 1&#8217;i \u0130ran 7&#8217;si T\u00fcrkmenistan uyruklu. G\u00f6\u00e7 \u0130daresi Ba\u015fkanl\u0131\u011f\u0131m\u0131z bunlar\u0131n kimlikleri \u00fczerinden ara\u015ft\u0131rmas\u0131n\u0131 yapt\u0131. Tamam\u0131 yasal kal\u0131\u015f\u0131 olan ikamet izni olan yabanc\u0131lar. Bizim 2 vatanda\u015f\u0131m\u0131z var. Biri hastanede tedavi bile olmad\u0131. Di\u011fer vatanda\u015f\u0131m\u0131z tedavi s\u00fcrecinde. Hastane yetkililerinden buraya gelmeden \u00f6nce alm\u0131\u015f oldu\u011fum bilgiye g\u00f6re, bizim vatanda\u015f\u0131m\u0131z\u0131n durumu gayet iyi. Tedavi s\u00fcreci devam eden 6 yabanc\u0131 uyruklu misafirlerden anneyle 6 ayl\u0131k bebe\u011fin durumu di\u011ferlerine nispeten daha kritik g\u00f6r\u00fcn\u00fcyor. Duam\u0131z temennimiz odur ki, en k\u0131sa zamanda sa\u011fl\u0131k s\u0131hhat ve afiyete kavu\u015furlar diyoruz. Birazdan da ziyaret etmeyi d\u00fc\u015f\u00fcn\u00fcyoruz arkada\u015flarla beraber &#8221; dedi.<\/p>\n<p><strong>&#8220;M\u00dcLK\u0130YE BA\u015eM\u00dcFETT\u0130\u015e\u0130 G\u00d6REVLEND\u0130RD\u0130K&#8221;<\/strong><\/p>\n<p>Yerlikaya, &#8220;Hemen olayla ilgili hem idari hem de adli soru\u015fturma yap\u0131yoruz. Adalet Bakanl\u0131\u011f\u0131m\u0131z a\u00e7\u0131klad\u0131. Buras\u0131 i\u00e7in 3 savc\u0131 g\u00f6revlendirildi. Onlar soru\u015fturmalar\u0131na ba\u015flad\u0131lar.\u0130\u00e7i\u015fleri ailesi olarak biz de M\u00fclkiye Ba\u015fm\u00fcfetti\u015fi g\u00f6revlendirdik. Bug\u00fcnden itibaren \u00e7al\u0131\u015fmaya ba\u015flad\u0131. En k\u0131sa zamanda idari kusur, kabahat ne varsa tabloyu oldu\u011fu gibi ortaya \u00e7\u0131kar\u0131p bunu hem sizlerle hem de adli s\u00fcrece destek olmas\u0131 a\u00e7\u0131s\u0131ndan g\u00f6nderece\u011fiz&#8221; dedi. Bakan Yerlikaya \u0130stanbullulara da seslenerek, &#8220;4 Haziran&#8217;da g\u00f6reve ba\u015flad\u0131k. Kentsel d\u00f6n\u00fc\u015f\u00fcm diyoruz. Kentsel d\u00f6n\u00fc\u015f\u00fcmle ilgili Say\u0131n Cumhurba\u015fkan\u0131m\u0131z\u0131n talimatlar\u0131yla, destekleriyle \u00c7evre \u015eehircilik ve \u0130klim De\u011fi\u015fikli\u011fi Bakanl\u0131\u011f\u0131m\u0131z\u0131n a\u00e7\u0131klam\u0131\u015f oldu\u011fu Yar\u0131s\u0131 Bizden Kampanyas\u0131&#8217;n\u0131 duymayan \u0130stanbullu kalmad\u0131. Sadece \u0130stanbulla da ilgili de\u011fil Marmara b\u00f6lgesiyle de ilgili. Biz depremlere kar\u015f\u0131 dayan\u0131m\u0131 olmayan enkazda g\u00f6rd\u00fc\u011f\u00fcm\u00fcz gibi bir tablo g\u00f6rmek istemiyoruz. Tedbir almak istiyoruz birlikte yapmak istiyoruz bunu. Elbirli\u011fiyle devlet millet elele yapmak istiyoruz. 6 \u015eubat&#8217;ta can\u0131m\u0131z\u0131n yand\u0131\u011f\u0131 gibi bir daha can\u0131m\u0131z\u0131n yanmas\u0131n\u0131 istemiyoruz. &#8221; dedi.<\/p>\n\n<p><\/p>\n<p>Kaynak :\u00a0<span style=\"background-color: rgb(255, 249, 236); color: rgb(55, 58, 60); font-size: 14px;\">http:\/\/www.milliyet.com.tr\/gundem\/istanbulda-coken-bina-bakan-yerlikaya-hem-adli-hem-de-idari-sorusturma-var-7136227<\/span><\/p>\n","protected":false},"excerpt":{"rendered":"<p>\u00c7\u00f6ken 3 katl\u0131 binan\u0131n enkaz\u0131nda incelemeler yapan \u0130\u00e7i\u015fleri Bakan\u0131 Ali Yerlikaya, a\u00e7\u0131klamalarda bulundu.<\/p>\n","protected":false},"author":1,"featured_media":27965,"comment_status":"open","ping_status":"open","sticky":false,"template":"","format":"standard","meta":{"footnotes":""},"categories":[3],"tags":[224,641,1613,1321],"class_list":["post-27964","post","type-post","status-publish","format-standard","has-post-thumbnail","hentry","category-guncel","tag-bakan","tag-sure","tag-yerlikaya","tag-zaman"],"_links":{"self":[{"href":"https:\/\/kamucalisani.net\/index.php\/wp-json\/wp\/v2\/posts\/27964","targetHints":{"allow":["GET"]}}],"collection":[{"href":"https:\/\/kamucalisani.net\/index.php\/wp-json\/wp\/v2\/posts"}],"about":[{"href":"https:\/\/kamucalisani.net\/index.php\/wp-json\/wp\/v2\/types\/post"}],"author":[{"embeddable":true,"href":"https:\/\/kamucalisani.net\/index.php\/wp-json\/wp\/v2\/users\/1"}],"replies":[{"embeddable":true,"href":"https:\/\/kamucalisani.net\/index.php\/wp-json\/wp\/v2\/comments?post=27964"}],"version-history":[{"count":1,"href":"https:\/\/kamucalisani.net\/index.php\/wp-json\/wp\/v2\/posts\/27964\/revisions"}],"predecessor-version":[{"id":27966,"href":"https:\/\/kamucalisani.net\/index.php\/wp-json\/wp\/v2\/posts\/27964\/revisions\/27966"}],"wp:featuredmedia":[{"embeddable":true,"href":"https:\/\/kamucalisani.net\/index.php\/wp-json\/wp\/v2\/media\/27965"}],"wp:attachment":[{"href":"https:\/\/kamucalisani.net\/index.php\/wp-json\/wp\/v2\/media?parent=27964"}],"wp:term":[{"taxonomy":"category","embeddable":true,"href":"https:\/\/kamucalisani.net\/index.php\/wp-json\/wp\/v2\/categories?post=27964"},{"taxonomy":"post_tag","embeddable":true,"href":"https:\/\/kamucalisani.net\/index.php\/wp-json\/wp\/v2\/tags?post=27964"}],"curies":[{"name":"wp","href":"https:\/\/api.w.org\/{rel}","templated":true}]}}