{"id":29190,"date":"2024-06-09T07:36:07","date_gmt":"2024-06-09T07:36:07","guid":{"rendered":"https:\/\/kamucalisani.net\/?p=29190"},"modified":"2024-06-09T07:36:07","modified_gmt":"2024-06-09T07:36:07","slug":"fenerbahce-taraftarindan-aziz-yildirim-tezahurati-ali-koca-hem-destek-hem-protesto","status":"publish","type":"post","link":"https:\/\/kamucalisani.net\/index.php\/2024\/06\/09\/fenerbahce-taraftarindan-aziz-yildirim-tezahurati-ali-koca-hem-destek-hem-protesto\/","title":{"rendered":"Fenerbah\u00e7e taraftar\u0131ndan Aziz Y\u0131ld\u0131r\u0131m tezah\u00fcrat\u0131! Ali Ko\u00e7&#8217;a hem destek hem protesto"},"content":{"rendered":"<p><p>\u0130smail Kartal ile yollar\u0131n\u0131 ay\u0131ran Fenerbah\u00e7e&#8217;nin yeni teknik direkt\u00f6r\u00fc Jose Mourinho oldu. Sar\u0131-lacivertli kul\u00fcp, Portekizli teknik direkt\u00f6r i\u00e7in Kad\u0131k\u00f6y&#8217;de bir imza t\u00f6reni d\u00fczenledi.<\/p>\n<p>\u015e\u00fckr\u00fc Saraco\u011flu Stadyumu&#8217;na gelen taraftarlar\u0131n baz\u0131lar\u0131n\u0131n tezah\u00fcratlar\u0131 \u00f6n plana \u00e7\u0131kt\u0131. Fenerbah\u00e7e Ba\u015fkan\u0131 Ali Ko\u00e7&#8217;un se\u00e7imdeki rakibi Aziz Y\u0131ld\u0131r\u0131m i\u00e7in baz\u0131 taraftarlar\u0131n organizasyon \u00f6ncesi tezah\u00fcratlar\u0131 g\u00f6zlemlendi.<\/p>\n<p>Fenerbah\u00e7e Ba\u015fkan\u0131 Ali Ko\u00e7&#8217;un Jose Mourinho ile sahneye geldi\u011fi anlarda Aziz Y\u0131ld\u0131r\u0131m i\u00e7in tezah\u00fcratlar yeniden ba\u015flad\u0131. \u00d6te yandan baz\u0131 taraftarlar\u0131n, Ali Ko\u00e7&#8217;u konu\u015furken \u0131sl\u0131klad\u0131\u011f\u0131 g\u00f6r\u00fcld\u00fc.<\/p>\n<div>\n<div> <img decoding=\"async\" src=\"https:\/\/kamucalisani.net\/wp-content\/uploads\/2024\/06\/fenerbahce-taraftarindan-aziz-yildirim-tezahurati-ali-koca-hem-destek-hem-protesto-0-LZgkBfQZ.jpg\"\/><\/img> <\/div>\n<\/p><\/div>\n<\/p>\n<p>Jose Mourinho&#8217;nun imza t\u00f6renine gelen di\u011fer taraftarlar, Aziz Y\u0131ld\u0131r\u0131m lehine yap\u0131lan tezah\u00fcratlara kar\u015f\u0131l\u0131k verdi. Zaman zaman Ali Ko\u00e7 lehine tezah\u00fcratlar yap\u0131ld\u0131. Aziz Y\u0131ld\u0131r\u0131m lehine tezah\u00fcrat yapanlara da tepki g\u00f6sterildi\u011fi g\u00f6zlemlendi.<\/p>\n<p><strong>&#8220;D\u00dcNYA MARKASI B\u0130R TEKN\u0130K D\u0130REKT\u00d6R\u00dcM\u00dcZ VAR&#8221;<\/strong><\/p>\n<p>Fenerbah\u00e7e Ba\u015fkan\u0131 Ali Ko\u00e7, Jose Mourinho&#8217;nun imza t\u00f6reninde yapt\u0131\u011f\u0131 konu\u015fmada \u015fu ifadeleri kulland\u0131:<\/p>\n<p>&#8220;Kuruldu\u011fumuzdan bu yana uzun y\u0131llar ma\u00e7lar\u0131m\u0131z\u0131 oynad\u0131\u011f\u0131m\u0131z mabedimizde bu tarihi g\u00fcne ho\u015f geldiniz. Bug\u00fcn kul\u00fcb\u00fcm\u00fcz ad\u0131na \u00e7ok \u00f6nemli, \u00e7ok k\u0131ymetli, tarihi bir ad\u0131m\u0131 camiam\u0131zla birlikte ad\u0131m at\u0131yoruz. \u0130n\u015fallah Allah sonunu hay\u0131rl\u0131 getirir. Teknik Direkt\u00f6r\u00fcm\u00fcz Mourinho\u2019ya hepiniz ad\u0131na, milyonlarca Fenerbah\u00e7eli ad\u0131na, d\u00fcnyay\u0131 sarsan bu b\u00fcy\u00fckl\u00fc\u011fe, bu e\u015fsizli\u011fe ho\u015f geldin diyorum. Kendisi tart\u0131\u015fmas\u0131z ya\u015fayan, hayatta olmayan t\u00fcm hocalar ad\u0131na d\u00fcnya tarihinin g\u00f6rd\u00fc\u011f\u00fc en iyi ilk 5 hocadan bir tanesi. Fenerbah\u00e7e\u2019mizin gelece\u011fi i\u00e7in, Fenerbah\u00e7e\u2019mizin \u015fampiyonluklar\u0131 i\u00e7in bizi tercih etmi\u015ftir. Kendisi d\u00fcnyan\u0131n en b\u00fcy\u00fck kul\u00fcplerinde 4 kez \u2018Y\u0131l\u0131n Teknik Direkt\u00f6r\u00fc\u2019 \u00f6d\u00fcl\u00fcn\u00fc kazanm\u0131\u015f, ulusal ve uluslararas\u0131 kulvarda 27 kupa kazanm\u0131\u015f. D\u00fcnyada UEFA Kupas\u0131\u2019n\u0131 3 kez kald\u0131rm\u0131\u015f hoca olmu\u015f ve ad\u0131n\u0131 d\u00fcnya futboluna yazd\u0131rm\u0131\u015f, d\u00fcnya markas\u0131 olmu\u015f bir teknik direkt\u00f6r\u00fcm\u00fcz vard\u0131r. Bug\u00fcn att\u0131\u011f\u0131m\u0131z bu imza Fenerbah\u00e7e\u2019yi ta\u015f\u0131mak istedi\u011fimiz seviyenin yer almay\u0131 hedefledi\u011fimiz kulvarlar\u0131n m\u00fcjdesidir. Ba\u015fka kul\u00fcplerdeki, ba\u015fka liglerdeki winner hoca konumunu burada da g\u00f6sterecektir.&#8221;<\/p>\n<div>\n<div> <img decoding=\"async\" src=\"https:\/\/kamucalisani.net\/wp-content\/uploads\/2024\/06\/fenerbahce-taraftarindan-aziz-yildirim-tezahurati-ali-koca-hem-destek-hem-protesto-1-QyIsHzvw.jpg\"\/><\/img> <\/div>\n<\/p><\/div>\n<\/p>\n<p><strong>&#8220;KAFALARINA G\u00d6RE TRANSFER YAPMASINLAR&#8221;<\/strong><\/p>\n<p>Fenerbah\u00e7e Ba\u015fkan Aday\u0131 Aziz Y\u0131ld\u0131r\u0131m, bug\u00fcn Frankfurt&#8217;ta Fenerbah\u00e7eli kongre \u00fcyeleri ile bulu\u015fmu\u015ftu. Ali Ko\u00e7 ve y\u00f6netimine seslenen Aziz Y\u0131ld\u0131r\u0131m \u015fu s\u00f6zleri dile getirmi\u015fti:<\/p>\n<p>&#8220;Onlar\u0131 uyar\u0131yorum. Kafalar\u0131na g\u00f6re oyuncu transferi yapmas\u0131nlar. Se\u00e7imi biz kazan\u0131rsak hocan\u0131n d\u0131\u015f\u0131nda e\u011fer futbolcu al\u0131rlarsa onlarla \u00e7al\u0131\u015fmayaca\u011f\u0131m. Haberleri olsun.&#8221;<\/p>\n\n<p><\/p>\n<p>Kaynak :\u00a0<span style=\"background-color: rgb(255, 249, 236); color: rgb(55, 58, 60); font-size: 14px;\">http:\/\/www.milliyet.com.tr\/skorer\/fenerbahce-taraftarindan-aziz-yildirim-tezahurati-ali-koca-hem-destek-hem-protesto-7136290<\/span><\/p>\n","protected":false},"excerpt":{"rendered":"<p>Fenerbah\u00e7e, Portekizli teknik direkt\u00f6r Jose Mourinho i\u00e7in Kad\u0131k\u00f6y&#8217;de taraftar\u0131n\u0131n \u00f6n\u00fcnde imza t\u00f6reni d\u00fczenledi. Dev organizasyona Aziz Y\u0131ld\u0131r\u0131m tezah\u00fcratlar\u0131 damga vurdu.<\/p>\n","protected":false},"author":1,"featured_media":29191,"comment_status":"open","ping_status":"open","sticky":false,"template":"","format":"standard","meta":{"footnotes":""},"categories":[7],"tags":[1104,376,152,184,1652],"class_list":["post-29190","post","type-post","status-publish","format-standard","has-post-thumbnail","hentry","category-spor","tag-ali-koc","tag-aziz-yildirim","tag-dunya","tag-fenerbahce","tag-hoca"],"_links":{"self":[{"href":"https:\/\/kamucalisani.net\/index.php\/wp-json\/wp\/v2\/posts\/29190","targetHints":{"allow":["GET"]}}],"collection":[{"href":"https:\/\/kamucalisani.net\/index.php\/wp-json\/wp\/v2\/posts"}],"about":[{"href":"https:\/\/kamucalisani.net\/index.php\/wp-json\/wp\/v2\/types\/post"}],"author":[{"embeddable":true,"href":"https:\/\/kamucalisani.net\/index.php\/wp-json\/wp\/v2\/users\/1"}],"replies":[{"embeddable":true,"href":"https:\/\/kamucalisani.net\/index.php\/wp-json\/wp\/v2\/comments?post=29190"}],"version-history":[{"count":1,"href":"https:\/\/kamucalisani.net\/index.php\/wp-json\/wp\/v2\/posts\/29190\/revisions"}],"predecessor-version":[{"id":29194,"href":"https:\/\/kamucalisani.net\/index.php\/wp-json\/wp\/v2\/posts\/29190\/revisions\/29194"}],"wp:featuredmedia":[{"embeddable":true,"href":"https:\/\/kamucalisani.net\/index.php\/wp-json\/wp\/v2\/media\/29191"}],"wp:attachment":[{"href":"https:\/\/kamucalisani.net\/index.php\/wp-json\/wp\/v2\/media?parent=29190"}],"wp:term":[{"taxonomy":"category","embeddable":true,"href":"https:\/\/kamucalisani.net\/index.php\/wp-json\/wp\/v2\/categories?post=29190"},{"taxonomy":"post_tag","embeddable":true,"href":"https:\/\/kamucalisani.net\/index.php\/wp-json\/wp\/v2\/tags?post=29190"}],"curies":[{"name":"wp","href":"https:\/\/api.w.org\/{rel}","templated":true}]}}