{"id":39612,"date":"2024-06-13T17:36:08","date_gmt":"2024-06-13T17:36:08","guid":{"rendered":"https:\/\/kamucalisani.net\/?p=39612"},"modified":"2024-06-13T17:36:08","modified_gmt":"2024-06-13T17:36:08","slug":"galatasaray-erden-timurun-istifasini-kapa-bildirdi","status":"publish","type":"post","link":"https:\/\/kamucalisani.net\/index.php\/2024\/06\/13\/galatasaray-erden-timurun-istifasini-kapa-bildirdi\/","title":{"rendered":"Galatasaray Erden Timur&#8217;un istifas\u0131n\u0131 KAP&#8217;a bildirdi"},"content":{"rendered":"<p><p>Galatasaray Sportif A.\u015e. Ba\u015fkanvekili Erden Timur, bug\u00fcn d\u00fczenledi\u011fi bas\u0131n toplant\u0131s\u0131 ile g\u00f6revinden istifa etti\u011fini duyurmu\u015ftu.<\/p>\n<p>Sar\u0131-k\u0131rm\u0131z\u0131l\u0131 kul\u00fcp, Erden Timur&#8217;un ayr\u0131l\u0131\u011f\u0131n\u0131 KAP&#8217;a bildirdi.<\/p>\n<p><strong>Galatasaray&#8217;dan KAP&#8217;a yap\u0131lan a\u00e7\u0131klama \u015fu \u015fekilde:<\/strong><\/p>\n<p>\u015eirketimizin y\u00f6netim kurulu \u00fcyesi olan, Say\u0131n Erden Timur Galatasaray Sportif S\u0131nai ve Ticari Yat\u0131r\u0131mlar A.\u015e. Y\u00f6netim kurulu \u00fcyeli\u011finden istifa ederek ayr\u0131lm\u0131\u015ft\u0131r.<\/p>\n\n<p><\/p>\n<p>Kaynak :\u00a0<span style=\"background-color: rgb(255, 249, 236); color: rgb(55, 58, 60); font-size: 14px;\">http:\/\/www.milliyet.com.tr\/skorer\/galatasaray-erden-timurun-istifasini-kapa-bildirdi-7137269<\/span><\/p>\n","protected":false},"excerpt":{"rendered":"<p>Galatasaray&#8217;da Erden Timur bug\u00fcn d\u00fczenledi\u011fi bas\u0131n toplant\u0131s\u0131 ile g\u00f6revini b\u0131rakt\u0131\u011f\u0131n\u0131 a\u00e7\u0131klam\u0131\u015ft\u0131. Sar\u0131-k\u0131rm\u0131z\u0131l\u0131 kul\u00fcp, Erden Timur&#8217;un istifas\u0131n\u0131 KAP&#8217;a bildirdi.<\/p>\n","protected":false},"author":1,"featured_media":39613,"comment_status":"open","ping_status":"open","sticky":false,"template":"","format":"standard","meta":{"footnotes":""},"categories":[7],"tags":[],"class_list":["post-39612","post","type-post","status-publish","format-standard","has-post-thumbnail","hentry","category-spor"],"_links":{"self":[{"href":"https:\/\/kamucalisani.net\/index.php\/wp-json\/wp\/v2\/posts\/39612","targetHints":{"allow":["GET"]}}],"collection":[{"href":"https:\/\/kamucalisani.net\/index.php\/wp-json\/wp\/v2\/posts"}],"about":[{"href":"https:\/\/kamucalisani.net\/index.php\/wp-json\/wp\/v2\/types\/post"}],"author":[{"embeddable":true,"href":"https:\/\/kamucalisani.net\/index.php\/wp-json\/wp\/v2\/users\/1"}],"replies":[{"embeddable":true,"href":"https:\/\/kamucalisani.net\/index.php\/wp-json\/wp\/v2\/comments?post=39612"}],"version-history":[{"count":1,"href":"https:\/\/kamucalisani.net\/index.php\/wp-json\/wp\/v2\/posts\/39612\/revisions"}],"predecessor-version":[{"id":39614,"href":"https:\/\/kamucalisani.net\/index.php\/wp-json\/wp\/v2\/posts\/39612\/revisions\/39614"}],"wp:featuredmedia":[{"embeddable":true,"href":"https:\/\/kamucalisani.net\/index.php\/wp-json\/wp\/v2\/media\/39613"}],"wp:attachment":[{"href":"https:\/\/kamucalisani.net\/index.php\/wp-json\/wp\/v2\/media?parent=39612"}],"wp:term":[{"taxonomy":"category","embeddable":true,"href":"https:\/\/kamucalisani.net\/index.php\/wp-json\/wp\/v2\/categories?post=39612"},{"taxonomy":"post_tag","embeddable":true,"href":"https:\/\/kamucalisani.net\/index.php\/wp-json\/wp\/v2\/tags?post=39612"}],"curies":[{"name":"wp","href":"https:\/\/api.w.org\/{rel}","templated":true}]}}