{"id":42161,"date":"2024-06-15T01:36:08","date_gmt":"2024-06-15T01:36:08","guid":{"rendered":"https:\/\/kamucalisani.net\/?p=42161"},"modified":"2024-06-15T01:36:08","modified_gmt":"2024-06-15T01:36:08","slug":"fenerbahce-transferde-buyuk-oynuyor-robert-lewandowski-icin-ilk-temas-kuruldu","status":"publish","type":"post","link":"https:\/\/kamucalisani.net\/index.php\/2024\/06\/15\/fenerbahce-transferde-buyuk-oynuyor-robert-lewandowski-icin-ilk-temas-kuruldu\/","title":{"rendered":"Fenerbah\u00e7e transferde b\u00fcy\u00fck oynuyor! Robert Lewandowski i\u00e7in ilk temas kuruldu"},"content":{"rendered":"<p><p>Sar\u0131-Lacivertliler, 99 puanla ligi 2. s\u0131rada bitirdikten sonra hemen yeni sezon i\u00e7in kollar\u0131 s\u0131vad\u0131. Se\u00e7imli genel kurul olmas\u0131na ra\u011fmen ilk bomba teknik adam konusunda ya\u015fand\u0131. \u0130smail Kartal ile yollar ayr\u0131ld\u0131, yerine r\u00fcya gibi bir isim, Jose Mourinho getirildi. Sar\u0131-Lacivertliler bu ad\u0131mla, transfer piyasas\u0131nda da ses getirecek hamleler yapaca\u011f\u0131n\u0131n sinyallerini verdi. G\u00fcndeme gelen y\u0131ld\u0131zlardan biri, t\u00fcm taraftarlar\u0131n hayallerini s\u00fcsleyecek bir oyuncu oldu: Robert Lewandowski&#8230;<\/p>\n<div>\n<div> <img decoding=\"async\" src=\"https:\/\/kamucalisani.net\/wp-content\/uploads\/2024\/06\/fenerbahce-transferde-buyuk-oynuyor-robert-lewandowski-icin-ilk-temas-kuruldu-0-dEv4btPM.jpg\"\/><\/img> <\/div>\n<\/p><\/div>\n<\/p>\n<p><strong>HIZLI HAREKET ED\u0130LECEK<\/strong><\/p>\n<p>Polonyal\u0131 golc\u00fc Barcelona\u2019dan ayr\u0131lmay\u0131 planl\u0131yordu. Ancak iyi anla\u015famad\u0131\u011f\u0131 teknik adam Xavi\u2019nin ayr\u0131lmas\u0131 ve yerine, Bayern M\u00fcnih\u2019ten eski hocas\u0131 Hansi Flick\u2019in gelmesi sonras\u0131 bu karar\u0131n\u0131 de\u011fi\u015ftirdi\u011fi kaydedilmi\u015fti. Fenerbah\u00e7e\u2019nin her \u015feye ra\u011fmen Lewandowski\u2019nin durumunu \u00f6\u011frenmek ve r\u00fcya transferi m\u00fcmk\u00fcn k\u0131lmak i\u00e7in t\u00fcm imkanlar\u0131 seferber etti\u011fi \u00f6ne s\u00fcr\u00fcld\u00fc.<\/p>\n<p>Bu yolda ilk ad\u0131m\u0131n at\u0131larak Barcelona ilk temas\u0131n kuruldu\u011fu iddia edildi. Sar\u0131-Lacivertliler\u2019in, bu transferde h\u0131zl\u0131 hareket edip, olumsuz bir yan\u0131t gelmesi halinde hemen farkl\u0131 bir adaya y\u00f6nelmek istedi\u011fi belirtildi.<\/p>\n<div>\n<div> <img decoding=\"async\" src=\"https:\/\/kamucalisani.net\/wp-content\/uploads\/2024\/06\/fenerbahce-transferde-buyuk-oynuyor-robert-lewandowski-icin-ilk-temas-kuruldu-1-UbTVeOTU.jpg\"\/><\/img> <\/div>\n<\/p><\/div>\n<\/p>\n<p><strong>LEWA YALANLANMADI!<\/strong><\/p>\n<p>Lewandowski, ge\u00e7ti\u011fimiz g\u00fcnlerde Fenerbah\u00e7e iddialar\u0131n\u0131n sorulmas\u0131 \u00fczerine, \u201cBenimle ileti\u015fime ge\u00e7ilmedi. Bu konuda hi\u00e7bir \u015fey bilmiyorum\u201d a\u00e7\u0131klamas\u0131n\u0131 yapt\u0131. Lewa\u2019n\u0131n Barcelona\u2019da kalaca\u011f\u0131na y\u00f6nelik bir c\u00fcmle kurmamas\u0131 dikkat \u00e7ekti. \u00d6te yandan Sar\u0131-Lacivertliler, g\u00fcndeme gelen y\u00fcksek kalibreli isimleri; Benzema, Lukaku ve Dybala\u2019y\u0131 hemen yalanlamas\u0131na ra\u011fmen Polonyal\u0131 s\u00fcper golc\u00fcyle ilgili haberler sonras\u0131 sessiz kald\u0131.<\/p>\n\n<p><\/p>\n<p>Kaynak :\u00a0<span style=\"background-color: rgb(255, 249, 236); color: rgb(55, 58, 60); font-size: 14px;\">http:\/\/www.milliyet.com.tr\/skorer\/fenerbahce-transferde-buyuk-oynuyor-robert-lewandowski-icin-ilk-temas-kuruldu-7137388<\/span><\/p>\n","protected":false},"excerpt":{"rendered":"<p>Tak\u0131m\u0131n ba\u015f\u0131na r\u00fcya bir teknik adam\u0131, Mourinho\u2019yu getiren Fenerbah\u00e7e, \u015fimdi de hayalleri s\u00fcsleyen bir golc\u00fcn\u00fcn pe\u015finde: Robert Lewandowski&#8230; D\u00fcnyaca \u00fcnl\u00fc y\u0131ld\u0131z i\u00e7in Barcelona ile ilk temas\u0131n kurularak \u00e7al\u0131\u015fmalar\u0131n ba\u015flad\u0131\u011f\u0131 \u00f6ne s\u00fcr\u00fcld\u00fc.<\/p>\n","protected":false},"author":1,"featured_media":42162,"comment_status":"open","ping_status":"open","sticky":false,"template":"","format":"standard","meta":{"footnotes":""},"categories":[7],"tags":[2129],"class_list":["post-42161","post","type-post","status-publish","format-standard","has-post-thumbnail","hentry","category-spor","tag-lewa"],"_links":{"self":[{"href":"https:\/\/kamucalisani.net\/index.php\/wp-json\/wp\/v2\/posts\/42161","targetHints":{"allow":["GET"]}}],"collection":[{"href":"https:\/\/kamucalisani.net\/index.php\/wp-json\/wp\/v2\/posts"}],"about":[{"href":"https:\/\/kamucalisani.net\/index.php\/wp-json\/wp\/v2\/types\/post"}],"author":[{"embeddable":true,"href":"https:\/\/kamucalisani.net\/index.php\/wp-json\/wp\/v2\/users\/1"}],"replies":[{"embeddable":true,"href":"https:\/\/kamucalisani.net\/index.php\/wp-json\/wp\/v2\/comments?post=42161"}],"version-history":[{"count":1,"href":"https:\/\/kamucalisani.net\/index.php\/wp-json\/wp\/v2\/posts\/42161\/revisions"}],"predecessor-version":[{"id":42165,"href":"https:\/\/kamucalisani.net\/index.php\/wp-json\/wp\/v2\/posts\/42161\/revisions\/42165"}],"wp:featuredmedia":[{"embeddable":true,"href":"https:\/\/kamucalisani.net\/index.php\/wp-json\/wp\/v2\/media\/42162"}],"wp:attachment":[{"href":"https:\/\/kamucalisani.net\/index.php\/wp-json\/wp\/v2\/media?parent=42161"}],"wp:term":[{"taxonomy":"category","embeddable":true,"href":"https:\/\/kamucalisani.net\/index.php\/wp-json\/wp\/v2\/categories?post=42161"},{"taxonomy":"post_tag","embeddable":true,"href":"https:\/\/kamucalisani.net\/index.php\/wp-json\/wp\/v2\/tags?post=42161"}],"curies":[{"name":"wp","href":"https:\/\/api.w.org\/{rel}","templated":true}]}}