{"id":42377,"date":"2024-06-15T07:48:13","date_gmt":"2024-06-15T07:48:13","guid":{"rendered":"https:\/\/kamucalisani.net\/?p=42377"},"modified":"2024-06-15T07:48:13","modified_gmt":"2024-06-15T07:48:13","slug":"son-dakika-hatayda-4-1-buyuklugunde-deprem","status":"publish","type":"post","link":"https:\/\/kamucalisani.net\/index.php\/2024\/06\/15\/son-dakika-hatayda-4-1-buyuklugunde-deprem\/","title":{"rendered":"Son dakika&#8230; Hatay&#8217;da 4.1 b\u00fcy\u00fckl\u00fc\u011f\u00fcnde deprem"},"content":{"rendered":"<p><p>Afet ve Acil Durum Y\u00f6netimi Ba\u015fkanl\u0131\u011f\u0131 (AFAD) taraf\u0131ndan yap\u0131lan a\u00e7\u0131klamaya g\u00f6re, deprem 5 Haziran 2024 tarihinde, saat 10:37&#8217;de (TS\u0130) ger\u00e7ekle\u015fti. Depremin merkez \u00fcss\u00fc, Samanda\u011f il\u00e7esi olarak belirlenirken, sars\u0131nt\u0131n\u0131n 6.02 km derinlikte meydana geldi\u011fi kaydedildi.<\/p>\n<div>\n<div> <img decoding=\"async\" src=\"https:\/\/kamucalisani.net\/wp-content\/uploads\/2024\/06\/son-dakika-hatayda-41-buyuklugunde-deprem-0-t12vkAMw.jpg\"\/><\/img> <\/div>\n<\/p><\/div>\n<\/p>\n<p>6 \u015eubat depremlerinin ard\u0131ndan Samanda\u011f&#8217;da daha \u00f6nce de benzer b\u00fcy\u00fckl\u00fckte sars\u0131nt\u0131lar ya\u015fanm\u0131\u015f olup, b\u00f6lge aktif fay hatlar\u0131 \u00fczerinde bulunmas\u0131 nedeniyle sismik hareketlilik a\u00e7\u0131s\u0131ndan dikkat \u00e7eken bir konumda yer al\u0131yor.<\/p>\n<p><strong>DEVASA FAY HATTI<\/strong><\/p>\n<p>Depremin meydana geldi\u011fi fay hatt\u0131 K\u0131z\u0131l Deniz&#8217;den ba\u015flay\u0131p Suudi Arabistan, \u0130srail, L\u00fcbnan gibi \u00fclkelerden ge\u00e7erek, Hatay&#8217;dan Akdeniz a\u00e7\u0131klar\u0131na d\u00f6n\u00fcyor. Hat, Rodos&#8217;un yak\u0131nlar\u0131ndan ge\u00e7ip \u0130yon Deniz&#8217;i a\u00e7\u0131klar\u0131na kadar devam ediyor.<\/p>\n<div>\n<div> <img decoding=\"async\" src=\"https:\/\/kamucalisani.net\/wp-content\/uploads\/2024\/06\/son-dakika-hatayda-41-buyuklugunde-deprem-1-aO4SCaQR.jpg\"\/><\/img> <\/div>\n<\/p><\/div>\n<\/p>\n<div>\n<div> <img decoding=\"async\" src=\"https:\/\/kamucalisani.net\/wp-content\/uploads\/2024\/06\/son-dakika-hatayda-41-buyuklugunde-deprem-2-bu5u32I2.jpg\"\/><\/img> <\/div>\n<\/p><\/div>\n<\/p>\n<p><\/p>\n<p>Kaynak :\u00a0<span style=\"background-color: rgb(255, 249, 236); color: rgb(55, 58, 60); font-size: 14px;\">http:\/\/www.milliyet.com.tr\/gundem\/son-dakika-hatayda-4-1-buyuklugunde-deprem-7137472<\/span><\/p>\n","protected":false},"excerpt":{"rendered":"<p>AFAD, Hatay&#8217;da 4.1 b\u00fcy\u00fckl\u00fc\u011f\u00fcnde bir deprem meydana geldi\u011fini duyurdu.<\/p>\n","protected":false},"author":1,"featured_media":42378,"comment_status":"open","ping_status":"open","sticky":false,"template":"","format":"standard","meta":{"footnotes":""},"categories":[3],"tags":[],"class_list":["post-42377","post","type-post","status-publish","format-standard","has-post-thumbnail","hentry","category-guncel"],"_links":{"self":[{"href":"https:\/\/kamucalisani.net\/index.php\/wp-json\/wp\/v2\/posts\/42377","targetHints":{"allow":["GET"]}}],"collection":[{"href":"https:\/\/kamucalisani.net\/index.php\/wp-json\/wp\/v2\/posts"}],"about":[{"href":"https:\/\/kamucalisani.net\/index.php\/wp-json\/wp\/v2\/types\/post"}],"author":[{"embeddable":true,"href":"https:\/\/kamucalisani.net\/index.php\/wp-json\/wp\/v2\/users\/1"}],"replies":[{"embeddable":true,"href":"https:\/\/kamucalisani.net\/index.php\/wp-json\/wp\/v2\/comments?post=42377"}],"version-history":[{"count":1,"href":"https:\/\/kamucalisani.net\/index.php\/wp-json\/wp\/v2\/posts\/42377\/revisions"}],"predecessor-version":[{"id":42382,"href":"https:\/\/kamucalisani.net\/index.php\/wp-json\/wp\/v2\/posts\/42377\/revisions\/42382"}],"wp:featuredmedia":[{"embeddable":true,"href":"https:\/\/kamucalisani.net\/index.php\/wp-json\/wp\/v2\/media\/42378"}],"wp:attachment":[{"href":"https:\/\/kamucalisani.net\/index.php\/wp-json\/wp\/v2\/media?parent=42377"}],"wp:term":[{"taxonomy":"category","embeddable":true,"href":"https:\/\/kamucalisani.net\/index.php\/wp-json\/wp\/v2\/categories?post=42377"},{"taxonomy":"post_tag","embeddable":true,"href":"https:\/\/kamucalisani.net\/index.php\/wp-json\/wp\/v2\/tags?post=42377"}],"curies":[{"name":"wp","href":"https:\/\/api.w.org\/{rel}","templated":true}]}}