{"id":42446,"date":"2024-06-15T08:36:06","date_gmt":"2024-06-15T08:36:06","guid":{"rendered":"https:\/\/kamucalisani.net\/?p=42446"},"modified":"2024-06-15T08:36:06","modified_gmt":"2024-06-15T08:36:06","slug":"doga-yuruyusunde-alman-turist-olu-bulundu-esini-ekipler-kurtardi","status":"publish","type":"post","link":"https:\/\/kamucalisani.net\/index.php\/2024\/06\/15\/doga-yuruyusunde-alman-turist-olu-bulundu-esini-ekipler-kurtardi\/","title":{"rendered":"Do\u011fa y\u00fcr\u00fcy\u00fc\u015f\u00fcnde Alman turist \u00f6l\u00fc bulundu, e\u015fini ekipler kurtard\u0131"},"content":{"rendered":"<p><p>Kemer&#8217;e ba\u011fl\u0131 Ulup\u0131nar Mahallesi&#8217;ndeki Likya Yolu&#8217;nda d\u00fcn y\u00fcr\u00fcy\u00fc\u015fe \u00e7\u0131kan Almanya vatanda\u015f\u0131 G\u00fcnther Fritzl ile e\u015fi Andrea Fritzl, Maden Koyu civar\u0131nda 112 Acil \u00c7a\u011fr\u0131 Merkezi&#8217;ni aray\u0131p, s\u0131cak ve yorgunluktan mahsur kald\u0131klar\u0131n\u0131 belirterek yard\u0131m istedi.<\/p>\n<p>Antalya \u0130l Jandarma Komutanl\u0131\u011f\u0131&#8217;na ba\u011fl\u0131 Jandarma Arama Kurtarma (JAK) timi, komando timi, Kemer \u0130l\u00e7e Jandarma Komutanl\u0131\u011f\u0131 ekipleri, UMKE ve KEMKUT ekipleri, arama \u00e7al\u0131\u015fmas\u0131 ba\u015flatt\u0131.<\/p>\n<div>\n<div> <img decoding=\"async\" src=\"https:\/\/kamucalisani.net\/wp-content\/uploads\/2024\/06\/doga-yuruyusunde-alman-turist-olu-bulundu-esini-ekipler-kurtardi-0-gAdqsNIY.jpg\"\/><\/img> <\/div>\n<\/p><\/div>\n<\/p>\n<p>Ekipler, d\u00fcn ak\u015fam saatlerinde G\u00fcnther Fritzl&#8217;e ula\u015ft\u0131. Durumu iyi olan G\u00fcnther Fritzl, y\u00fcr\u00fcy\u00fc\u015f s\u0131ras\u0131nda e\u015fi Andrea Fritzl&#8217;den \u00f6nden oldu\u011funu, ileride bir s\u00fcre onu bekledi\u011fini, geri d\u00f6nd\u00fc\u011f\u00fcnde yerde hareketsiz buldu\u011funu, yard\u0131m getirmek i\u00e7in de yan\u0131ndan ayr\u0131ld\u0131\u011f\u0131n\u0131 s\u00f6yledi.<\/p>\n<p>Gece boyu b\u00f6lgede arama \u00e7al\u0131\u015fmas\u0131 yapan ekipler, saat 09.30 s\u0131ralar\u0131nda Andrea Fritzl&#8217;e ula\u015ft\u0131. \u0130ncelemede, Andrea Fritzl&#8217;in ya\u015fam\u0131n\u0131 yitirdi\u011fi belirlendi. Cenazenin b\u00f6lgeden indirilmesi s\u00fcrerken, olayla ilgili inceleme s\u00fcr\u00fcyor.<\/p>\n\n<p><\/p>\n<p>Kaynak :\u00a0<span style=\"background-color: rgb(255, 249, 236); color: rgb(55, 58, 60); font-size: 14px;\">http:\/\/www.milliyet.com.tr\/gundem\/doga-yuruyusunde-alman-turist-olu-bulundu-esini-ekipler-kurtardi-7137494<\/span><\/p>\n","protected":false},"excerpt":{"rendered":"<p>Antalya&#8217;da e\u015fi G\u00fcnther Fritzl ile \u00e7\u0131kt\u0131\u011f\u0131 do\u011fa y\u00fcr\u00fcy\u00fc\u015f\u00fcnde mahsur kalan Almanya vatanda\u015f\u0131 Andrea Fritzl&#8217;in cans\u0131z bedeni bulundu.<\/p>\n","protected":false},"author":1,"featured_media":42447,"comment_status":"open","ping_status":"open","sticky":false,"template":"","format":"standard","meta":{"footnotes":""},"categories":[3],"tags":[2157],"class_list":["post-42446","post","type-post","status-publish","format-standard","has-post-thumbnail","hentry","category-guncel","tag-fritzl"],"_links":{"self":[{"href":"https:\/\/kamucalisani.net\/index.php\/wp-json\/wp\/v2\/posts\/42446","targetHints":{"allow":["GET"]}}],"collection":[{"href":"https:\/\/kamucalisani.net\/index.php\/wp-json\/wp\/v2\/posts"}],"about":[{"href":"https:\/\/kamucalisani.net\/index.php\/wp-json\/wp\/v2\/types\/post"}],"author":[{"embeddable":true,"href":"https:\/\/kamucalisani.net\/index.php\/wp-json\/wp\/v2\/users\/1"}],"replies":[{"embeddable":true,"href":"https:\/\/kamucalisani.net\/index.php\/wp-json\/wp\/v2\/comments?post=42446"}],"version-history":[{"count":1,"href":"https:\/\/kamucalisani.net\/index.php\/wp-json\/wp\/v2\/posts\/42446\/revisions"}],"predecessor-version":[{"id":42449,"href":"https:\/\/kamucalisani.net\/index.php\/wp-json\/wp\/v2\/posts\/42446\/revisions\/42449"}],"wp:featuredmedia":[{"embeddable":true,"href":"https:\/\/kamucalisani.net\/index.php\/wp-json\/wp\/v2\/media\/42447"}],"wp:attachment":[{"href":"https:\/\/kamucalisani.net\/index.php\/wp-json\/wp\/v2\/media?parent=42446"}],"wp:term":[{"taxonomy":"category","embeddable":true,"href":"https:\/\/kamucalisani.net\/index.php\/wp-json\/wp\/v2\/categories?post=42446"},{"taxonomy":"post_tag","embeddable":true,"href":"https:\/\/kamucalisani.net\/index.php\/wp-json\/wp\/v2\/tags?post=42446"}],"curies":[{"name":"wp","href":"https:\/\/api.w.org\/{rel}","templated":true}]}}