{"id":44048,"date":"2024-06-16T05:48:05","date_gmt":"2024-06-16T05:48:05","guid":{"rendered":"https:\/\/kamucalisani.net\/?p=44048"},"modified":"2024-06-16T05:48:05","modified_gmt":"2024-06-16T05:48:05","slug":"slovenya-milli-takimi","status":"publish","type":"post","link":"https:\/\/kamucalisani.net\/index.php\/2024\/06\/16\/slovenya-milli-takimi\/","title":{"rendered":"Slovenya Milli Tak\u0131m\u0131"},"content":{"rendered":"<p><p>Slovenya EURO 2024 Elemeleri&#8217;nde H Grubu&#8217;nu 22 puanla Danimarka&#8217;n\u0131n ard\u0131ndan ikinci s\u0131rada tamamlay\u0131p Almanya vizesi ald\u0131. Balkan \u00fclkesinin Avrupa Futbol \u015eampiyonas\u0131&#8217;nda herhangi bir derecesi bulunmuyor. 2010 D\u00fcnya Kupas\u0131&#8217;na kat\u0131larak tarihinin en b\u00fcy\u00fck ba\u015far\u0131s\u0131n\u0131 elde etmi\u015flerdi.<\/p>\n<p>Slovenya&#8217;da Fenerbah\u00e7e&#8217;de kariyerini s\u00fcrd\u00fcren Miha Zajc&#8217;\u0131n yan\u0131 s\u0131ra Alanyaspor&#8217;da top ko\u015fturan sol bek Jure Balkovec de forma giyiyor. Slovenya Milli Tak\u0131m\u0131 Teknik Direkt\u00f6r\u00fc Matjaz Kek, EURO 2024 i\u00e7in 30 ki\u015filik geni\u015f aday kadrosunu belirledi.<\/p>\n<p><strong>Slovenya&#8217;n\u0131n 30 ki\u015filik aday kadrosu \u015f\u00f6yle:<\/strong><br \/><strong>Kaleciler:<\/strong> Jan Oblak, Vid Belec, Igor Vekic, Matevz Vidovsek<br \/><strong>Savunma:<\/strong> Jure Balkovec, Jaka Bijol, Miha Blazic, David Brekalo, Vanja Drkusic, Erik Janza, Zan Karnicnik, Petar Stojanovic, Zan Zaletel<br \/><strong>Orta saha:<\/strong> Timi Maks Elsnik, Adam Gnezda-Cerin, Jon Gorenc Stankovic, Tomi Horvat, Jasmin Kurtic, Sandi Lovric, Benjamin Verbic, Miha Zajc, Adrian Zeljkovic, Nino Zugelj<br \/><strong>Forvet:<\/strong> Zan Celar, Josip Ilicic, Jan Mlakar, Benjamin Sesko, Andraz Sporar, Zan Vipotnik, Luka Zahovic.<\/p>\n<p><strong>MA\u00c7 PROGRAMI:<\/strong><br \/>16 Haziran 2024: Slovenya-Danimarka<br \/>20 Haziran 2024: Slovenya-S\u0131rbistan<br \/>25 Haziran 2024: \u0130ngiltere-Slovenya<\/p>\n\n<p><\/p>\n<p>Kaynak :\u00a0<span style=\"background-color: rgb(255, 249, 236); color: rgb(55, 58, 60); font-size: 14px;\">http:\/\/www.milliyet.com.tr\/skorer\/slovenya-milli-takimi-7137547<\/span><\/p>\n","protected":false},"excerpt":{"rendered":"<p>Elemelerde H Grubu&#8217;nu Danimarka&#8217;n\u0131n ard\u0131ndan ikinci s\u0131rada bitiren Slovenya, Almanya biletini kapt\u0131. Kadrosunda Fenerbah\u00e7e&#8217;de kariyerini s\u00fcrd\u00fcren Miha Zajc&#8217;\u0131n yan\u0131 s\u0131ra Alanyaspor&#8217;dan tan\u0131d\u0131\u011f\u0131m\u0131z Jure Balkovec de forma giyiyor.<\/p>\n","protected":false},"author":1,"featured_media":44049,"comment_status":"open","ping_status":"open","sticky":false,"template":"","format":"standard","meta":{"footnotes":""},"categories":[7],"tags":[347,2182],"class_list":["post-44048","post","type-post","status-publish","format-standard","has-post-thumbnail","hentry","category-spor","tag-347","tag-slovenya"],"_links":{"self":[{"href":"https:\/\/kamucalisani.net\/index.php\/wp-json\/wp\/v2\/posts\/44048","targetHints":{"allow":["GET"]}}],"collection":[{"href":"https:\/\/kamucalisani.net\/index.php\/wp-json\/wp\/v2\/posts"}],"about":[{"href":"https:\/\/kamucalisani.net\/index.php\/wp-json\/wp\/v2\/types\/post"}],"author":[{"embeddable":true,"href":"https:\/\/kamucalisani.net\/index.php\/wp-json\/wp\/v2\/users\/1"}],"replies":[{"embeddable":true,"href":"https:\/\/kamucalisani.net\/index.php\/wp-json\/wp\/v2\/comments?post=44048"}],"version-history":[{"count":1,"href":"https:\/\/kamucalisani.net\/index.php\/wp-json\/wp\/v2\/posts\/44048\/revisions"}],"predecessor-version":[{"id":44050,"href":"https:\/\/kamucalisani.net\/index.php\/wp-json\/wp\/v2\/posts\/44048\/revisions\/44050"}],"wp:featuredmedia":[{"embeddable":true,"href":"https:\/\/kamucalisani.net\/index.php\/wp-json\/wp\/v2\/media\/44049"}],"wp:attachment":[{"href":"https:\/\/kamucalisani.net\/index.php\/wp-json\/wp\/v2\/media?parent=44048"}],"wp:term":[{"taxonomy":"category","embeddable":true,"href":"https:\/\/kamucalisani.net\/index.php\/wp-json\/wp\/v2\/categories?post=44048"},{"taxonomy":"post_tag","embeddable":true,"href":"https:\/\/kamucalisani.net\/index.php\/wp-json\/wp\/v2\/tags?post=44048"}],"curies":[{"name":"wp","href":"https:\/\/api.w.org\/{rel}","templated":true}]}}